{"id":10669,"date":"2023-01-06T11:41:15","date_gmt":"2023-01-06T10:41:15","guid":{"rendered":"https:\/\/www.skolamichael.cz\/?p=10669"},"modified":"2023-04-13T17:56:31","modified_gmt":"2023-04-13T15:56:31","slug":"diky-fenomenalnimu-uspechu-pojedou-studenti-na-filmovy-festival-do-ameriky","status":"publish","type":"post","link":"https:\/\/www.skolamichael.cz\/cs\/aktualne\/uspechy\/diky-fenomenalnimu-uspechu-pojedou-studenti-na-filmovy-festival-do-ameriky\/","title":{"rendered":"D\u00edky fenomen\u00e1ln\u00edmu \u00fasp\u011bchu pojedou studenti na filmov\u00fd festival do Ameriky"},"content":{"rendered":"<p><em>Studenti re\u017eis\u00e9ra <strong>Vladim\u00edra Mich\u00e1lka<\/strong>, vedouc\u00edho filmov\u00e9ho oboru Vy\u0161\u0161\u00ed odborn\u00e9 \u0161koly Akademie Michael, ovl\u00e1dli naprosto drtiv\u00fdm zp\u016fsobem<strong> sout\u011b\u017e The 48 Hour Film Project.<\/strong> Vyhl\u00e1\u0161en\u00ed prob\u011bhlo 18. prosince v pra\u017esk\u00e9m kin\u011b Aero. D\u00edky v\u00edt\u011bzstv\u00ed v hlavn\u00ed kategorii Nejlep\u0161\u00ed film 48 HFP 2022 budou zastupovat \u010ceskou republiku na celosv\u011btov\u00e9m fin\u00e1le, kter\u00e9 se pod n\u00e1zvem Filmapalooza bude konat v b\u0159eznu 2023 v Los Angeles.<\/em><\/p>\n<p>Nebylo to jedin\u00e9 v\u00edt\u011bzstv\u00ed, kter\u00e9 si <strong>t\u00fdm Alpateam<\/strong> \u2013 \u0161kola Michael ze sout\u011b\u017ee odnesl. Jejich film Gram s teamleaderem <strong>Filipem \u0160pinkou,<\/strong> kter\u00fd byl z\u00e1rove\u0148 s <strong>Kry\u0161tofem Kindlem<\/strong> re\u017eis\u00e9rem filmu, zv\u00edt\u011bzil i v dal\u0161\u00edch kategori\u00edch: nejlep\u0161\u00ed re\u017eie, sc\u00e9n\u00e1\u0159, st\u0159ih, herec v hlavn\u00ed roli, herec ve vedlej\u0161\u00ed roli a nejlep\u0161\u00ed u\u017eit\u00ed repliky. Krom\u011b toho dostali tak\u00e9 honorable mentinon a vyhr\u00e1li studentsk\u00fd poh\u00e1r. Nav\u00edc byli nominov\u00e1ni v kategori\u00edch: nejlep\u0161\u00ed produkce, kamera a autorsk\u00e1 p\u00edse\u0148.<\/p>\n<p>The 48 Hour Film Project letos prob\u011bhl 21. \u2013 23. \u0159\u00edjna. Z\u00fa\u010dastnilo se ho celkem 32 t\u00fdm\u016f, z toho rekordn\u00edch 5 bylo ze \u0161koly Michael. Filmov\u00fd maraton odstartoval v p\u00e1tek ve\u010der, kdy si ka\u017ed\u00fd t\u00fdm vylosoval dva \u017e\u00e1nry a dostal rekvizitu, repliku, jm\u00e9no postavy a jej\u00ed zam\u011bstn\u00e1n\u00ed. To v\u0161e musel zahrnout do sv\u00e9ho filmu. N\u00e1sledovalo zb\u011bsil\u00e9 tempo, se kter\u00fdm se \u010dlenov\u00e9 realiza\u010dn\u00edch t\u00fdm\u016f sna\u017eili do ned\u011bln\u00edho ve\u010dera dokon\u010dit film. To se povedlo 31 t\u00fdm\u016fm.<\/p>\n<p>V\u00edt\u011bzov\u00e9 celosv\u011btov\u00e9ho fin\u00e1le Filmapalooza 2023 budou m\u00edt mo\u017enost sv\u016fj film p\u0159edstavit na filmov\u00e9m festivalu v Cannes a my douf\u00e1me, \u017ee t\u011bmi vyvolen\u00fdmi budou pr\u00e1v\u011b \u010de\u0161t\u00ed studenti ze \u0161koly Michael.<\/p>\n<div id='gallery-1' class='gallery galleryid-10669 gallery-columns-1 gallery-size-full'><figure class='gallery-item'>\n\t\t\t<div class='gallery-icon portrait'>\n\t\t\t\t<a href='https:\/\/www.skolamichael.cz\/wp-content\/uploads\/2023\/01\/A5E494E9-F03C-4BFA-87E1-8EAD25AE9D1A-scaled.jpeg'><img loading=\"lazy\" decoding=\"async\" width=\"1920\" height=\"2560\" src=\"https:\/\/www.skolamichael.cz\/wp-content\/uploads\/2023\/01\/A5E494E9-F03C-4BFA-87E1-8EAD25AE9D1A-scaled.jpeg\" class=\"attachment-full size-full\" alt=\"\" \/><\/a>\n\t\t\t<\/div><\/figure><figure class='gallery-item'>\n\t\t\t<div class='gallery-icon landscape'>\n\t\t\t\t<a href='https:\/\/www.skolamichael.cz\/wp-content\/uploads\/2023\/01\/DSC00648-scaled.jpg'><img loading=\"lazy\" decoding=\"async\" width=\"2560\" height=\"1422\" src=\"https:\/\/www.skolamichael.cz\/wp-content\/uploads\/2023\/01\/DSC00648-scaled.jpg\" class=\"attachment-full size-full\" alt=\"\" aria-describedby=\"gallery-1-10672\" srcset=\"https:\/\/www.skolamichael.cz\/wp-content\/uploads\/2023\/01\/DSC00648-scaled.jpg 2560w, https:\/\/www.skolamichael.cz\/wp-content\/uploads\/2023\/01\/DSC00648-scaled-300x167.jpg 300w, https:\/\/www.skolamichael.cz\/wp-content\/uploads\/2023\/01\/DSC00648-scaled-1024x569.jpg 1024w\" sizes=\"auto, (max-width: 2560px) 100vw, 2560px\" \/><\/a>\n\t\t\t<\/div>\n\t\t\t\t<figcaption class='wp-caption-text gallery-caption' id='gallery-1-10672'>\n\t\t\t\tAlpateam: Tom\u00e1\u0161 Dudek (kamera), \u0160imon Bail (sv\u011btla), Tom\u00e1\u0161 Vitha (st\u0159ih a postprodukce), Milan Smol\u00edk (fotograf a zvuk), Kry\u0161tof Kindl (re\u017eie, sc\u00e9n\u00e1\u0159 a postprodukce), Filip Licek (kamera), Filip \u0160pinka (teamleader, sc\u00e9n\u00e1\u0159 a zvuk) a Vladim\u00edr Mich\u00e1lek, vedouc\u00ed Filmov\u00e9 tvorby.\n\t\t\t\t<\/figcaption><\/figure><figure class='gallery-item'>\n\t\t\t<div class='gallery-icon landscape'>\n\t\t\t\t<a href='https:\/\/www.skolamichael.cz\/wp-content\/uploads\/2023\/01\/DSC00689-scaled.jpg'><img loading=\"lazy\" decoding=\"async\" width=\"2560\" height=\"1441\" src=\"https:\/\/www.skolamichael.cz\/wp-content\/uploads\/2023\/01\/DSC00689-scaled.jpg\" class=\"attachment-full size-full\" alt=\"\" srcset=\"https:\/\/www.skolamichael.cz\/wp-content\/uploads\/2023\/01\/DSC00689-scaled.jpg 2560w, https:\/\/www.skolamichael.cz\/wp-content\/uploads\/2023\/01\/DSC00689-scaled-300x169.jpg 300w, https:\/\/www.skolamichael.cz\/wp-content\/uploads\/2023\/01\/DSC00689-scaled-1024x576.jpg 1024w\" sizes=\"auto, (max-width: 2560px) 100vw, 2560px\" \/><\/a>\n\t\t\t<\/div><\/figure>\n\t\t<\/div>\n\n","protected":false},"excerpt":{"rendered":"<p>Studenti re\u017eis\u00e9ra Vladim\u00edra Mich\u00e1lka, vedouc\u00edho filmov\u00e9ho oboru Vy\u0161\u0161\u00ed odborn\u00e9 \u0161koly Akademie Michael, ovl\u00e1dli naprosto drtiv\u00fdm zp\u016fsobem sout\u011b\u017e The 48 Hour Film Project. Vyhl\u00e1\u0161en\u00ed prob\u011bhlo 18. prosince v pra\u017esk\u00e9m kin\u011b Aero. D\u00edky v\u00edt\u011bzstv\u00ed v hlavn\u00ed kategorii Nejlep\u0161\u00ed film 48 HFP 2022 budou zastupovat \u010ceskou republiku na celosv\u011btov\u00e9m fin\u00e1le, kter\u00e9 se pod n\u00e1zvem Filmapalooza bude konat v [&hellip;]<\/p>\n","protected":false},"author":14,"featured_media":10676,"comment_status":"closed","ping_status":"open","sticky":false,"template":"","format":"standard","meta":{"_acf_changed":false,"footnotes":""},"categories":[15],"tags":[],"class_list":["post-10669","post","type-post","status-publish","format-standard","has-post-thumbnail","hentry","category-uspechy"],"acf":[],"yoast_head":"<!-- This site is optimized with the Yoast SEO plugin v27.4 - https:\/\/yoast.com\/product\/yoast-seo-wordpress\/ -->\n<title>D\u00edky fenomen\u00e1ln\u00edmu \u00fasp\u011bchu pojedou studenti na filmov\u00fd festival do Ameriky | MICHAEL<\/title>\n<meta name=\"robots\" content=\"index, follow, max-snippet:-1, max-image-preview:large, max-video-preview:-1\" \/>\n<link rel=\"canonical\" href=\"https:\/\/www.skolamichael.cz\/cs\/aktualne\/uspechy\/diky-fenomenalnimu-uspechu-pojedou-studenti-na-filmovy-festival-do-ameriky\/\" \/>\n<meta property=\"og:locale\" content=\"cs_CZ\" \/>\n<meta property=\"og:type\" content=\"article\" \/>\n<meta property=\"og:title\" content=\"D\u00edky fenomen\u00e1ln\u00edmu \u00fasp\u011bchu pojedou studenti na filmov\u00fd festival do Ameriky | MICHAEL\" \/>\n<meta property=\"og:description\" content=\"Studenti re\u017eis\u00e9ra Vladim\u00edra Mich\u00e1lka, vedouc\u00edho filmov\u00e9ho oboru Vy\u0161\u0161\u00ed odborn\u00e9 \u0161koly Akademie Michael, ovl\u00e1dli naprosto drtiv\u00fdm zp\u016fsobem sout\u011b\u017e The 48 Hour Film Project. Vyhl\u00e1\u0161en\u00ed prob\u011bhlo 18. prosince v pra\u017esk\u00e9m kin\u011b Aero. D\u00edky v\u00edt\u011bzstv\u00ed v hlavn\u00ed kategorii Nejlep\u0161\u00ed film 48 HFP 2022 budou zastupovat \u010ceskou republiku na celosv\u011btov\u00e9m fin\u00e1le, kter\u00e9 se pod n\u00e1zvem Filmapalooza bude konat v [&hellip;]\" \/>\n<meta property=\"og:url\" content=\"https:\/\/www.skolamichael.cz\/cs\/aktualne\/uspechy\/diky-fenomenalnimu-uspechu-pojedou-studenti-na-filmovy-festival-do-ameriky\/\" \/>\n<meta property=\"og:site_name\" content=\"MICHAEL\" \/>\n<meta property=\"article:publisher\" content=\"http:\/\/www.facebook.com\/skolamichael\" \/>\n<meta property=\"article:published_time\" content=\"2023-01-06T10:41:15+00:00\" \/>\n<meta property=\"article:modified_time\" content=\"2023-04-13T15:56:31+00:00\" \/>\n<meta property=\"og:image\" content=\"https:\/\/www.skolamichael.cz\/wp-content\/uploads\/2023\/01\/titulni2-scaled.jpg\" \/>\n\t<meta property=\"og:image:width\" content=\"2560\" \/>\n\t<meta property=\"og:image:height\" content=\"2560\" \/>\n\t<meta property=\"og:image:type\" content=\"image\/jpeg\" \/>\n<meta name=\"author\" content=\"kupcovag\" \/>\n<meta name=\"twitter:card\" content=\"summary_large_image\" \/>\n<meta name=\"twitter:label1\" content=\"Napsal(a)\" \/>\n\t<meta name=\"twitter:data1\" content=\"kupcovag\" \/>\n\t<meta name=\"twitter:label2\" content=\"Odhadovan\u00e1 doba \u010dten\u00ed\" \/>\n\t<meta name=\"twitter:data2\" content=\"2 minuty\" \/>\n<script type=\"application\/ld+json\" class=\"yoast-schema-graph\">{\"@context\":\"https:\\\/\\\/schema.org\",\"@graph\":[{\"@type\":\"Article\",\"@id\":\"https:\\\/\\\/www.skolamichael.cz\\\/cs\\\/aktualne\\\/uspechy\\\/diky-fenomenalnimu-uspechu-pojedou-studenti-na-filmovy-festival-do-ameriky\\\/#article\",\"isPartOf\":{\"@id\":\"https:\\\/\\\/www.skolamichael.cz\\\/cs\\\/aktualne\\\/uspechy\\\/diky-fenomenalnimu-uspechu-pojedou-studenti-na-filmovy-festival-do-ameriky\\\/\"},\"author\":{\"name\":\"kupcovag\",\"@id\":\"https:\\\/\\\/www.skolamichael.cz\\\/cs\\\/#\\\/schema\\\/person\\\/acb2963423a0c9f9b71a4506a3efef86\"},\"headline\":\"D\u00edky fenomen\u00e1ln\u00edmu \u00fasp\u011bchu pojedou studenti na filmov\u00fd festival do Ameriky\",\"datePublished\":\"2023-01-06T10:41:15+00:00\",\"dateModified\":\"2023-04-13T15:56:31+00:00\",\"mainEntityOfPage\":{\"@id\":\"https:\\\/\\\/www.skolamichael.cz\\\/cs\\\/aktualne\\\/uspechy\\\/diky-fenomenalnimu-uspechu-pojedou-studenti-na-filmovy-festival-do-ameriky\\\/\"},\"wordCount\":325,\"publisher\":{\"@id\":\"https:\\\/\\\/www.skolamichael.cz\\\/cs\\\/#organization\"},\"image\":{\"@id\":\"https:\\\/\\\/www.skolamichael.cz\\\/cs\\\/aktualne\\\/uspechy\\\/diky-fenomenalnimu-uspechu-pojedou-studenti-na-filmovy-festival-do-ameriky\\\/#primaryimage\"},\"thumbnailUrl\":\"https:\\\/\\\/www.skolamichael.cz\\\/wp-content\\\/uploads\\\/2023\\\/01\\\/titulni2-scaled.jpg\",\"articleSection\":[\"\u00dasp\u011bchy\"],\"inLanguage\":\"cs\"},{\"@type\":\"WebPage\",\"@id\":\"https:\\\/\\\/www.skolamichael.cz\\\/cs\\\/aktualne\\\/uspechy\\\/diky-fenomenalnimu-uspechu-pojedou-studenti-na-filmovy-festival-do-ameriky\\\/\",\"url\":\"https:\\\/\\\/www.skolamichael.cz\\\/cs\\\/aktualne\\\/uspechy\\\/diky-fenomenalnimu-uspechu-pojedou-studenti-na-filmovy-festival-do-ameriky\\\/\",\"name\":\"D\u00edky fenomen\u00e1ln\u00edmu \u00fasp\u011bchu pojedou studenti na filmov\u00fd festival do Ameriky | MICHAEL\",\"isPartOf\":{\"@id\":\"https:\\\/\\\/www.skolamichael.cz\\\/cs\\\/#website\"},\"primaryImageOfPage\":{\"@id\":\"https:\\\/\\\/www.skolamichael.cz\\\/cs\\\/aktualne\\\/uspechy\\\/diky-fenomenalnimu-uspechu-pojedou-studenti-na-filmovy-festival-do-ameriky\\\/#primaryimage\"},\"image\":{\"@id\":\"https:\\\/\\\/www.skolamichael.cz\\\/cs\\\/aktualne\\\/uspechy\\\/diky-fenomenalnimu-uspechu-pojedou-studenti-na-filmovy-festival-do-ameriky\\\/#primaryimage\"},\"thumbnailUrl\":\"https:\\\/\\\/www.skolamichael.cz\\\/wp-content\\\/uploads\\\/2023\\\/01\\\/titulni2-scaled.jpg\",\"datePublished\":\"2023-01-06T10:41:15+00:00\",\"dateModified\":\"2023-04-13T15:56:31+00:00\",\"breadcrumb\":{\"@id\":\"https:\\\/\\\/www.skolamichael.cz\\\/cs\\\/aktualne\\\/uspechy\\\/diky-fenomenalnimu-uspechu-pojedou-studenti-na-filmovy-festival-do-ameriky\\\/#breadcrumb\"},\"inLanguage\":\"cs\",\"potentialAction\":[{\"@type\":\"ReadAction\",\"target\":[\"https:\\\/\\\/www.skolamichael.cz\\\/cs\\\/aktualne\\\/uspechy\\\/diky-fenomenalnimu-uspechu-pojedou-studenti-na-filmovy-festival-do-ameriky\\\/\"]}]},{\"@type\":\"ImageObject\",\"inLanguage\":\"cs\",\"@id\":\"https:\\\/\\\/www.skolamichael.cz\\\/cs\\\/aktualne\\\/uspechy\\\/diky-fenomenalnimu-uspechu-pojedou-studenti-na-filmovy-festival-do-ameriky\\\/#primaryimage\",\"url\":\"https:\\\/\\\/www.skolamichael.cz\\\/wp-content\\\/uploads\\\/2023\\\/01\\\/titulni2-scaled.jpg\",\"contentUrl\":\"https:\\\/\\\/www.skolamichael.cz\\\/wp-content\\\/uploads\\\/2023\\\/01\\\/titulni2-scaled.jpg\",\"width\":2560,\"height\":2560},{\"@type\":\"BreadcrumbList\",\"@id\":\"https:\\\/\\\/www.skolamichael.cz\\\/cs\\\/aktualne\\\/uspechy\\\/diky-fenomenalnimu-uspechu-pojedou-studenti-na-filmovy-festival-do-ameriky\\\/#breadcrumb\",\"itemListElement\":[{\"@type\":\"ListItem\",\"position\":1,\"name\":\"Dom\u016f\",\"item\":\"https:\\\/\\\/www.skolamichael.cz\\\/cs\\\/\"},{\"@type\":\"ListItem\",\"position\":2,\"name\":\"D\u00edky fenomen\u00e1ln\u00edmu \u00fasp\u011bchu pojedou studenti na filmov\u00fd festival do Ameriky\"}]},{\"@type\":\"WebSite\",\"@id\":\"https:\\\/\\\/www.skolamichael.cz\\\/cs\\\/#website\",\"url\":\"https:\\\/\\\/www.skolamichael.cz\\\/cs\\\/\",\"name\":\"MICHAEL\",\"description\":\"St\u0159edn\u00ed \u0161kola, Gymn\u00e1zium a Vy\u0161\u0161\u00ed odborn\u00e1 \u0161kola\",\"publisher\":{\"@id\":\"https:\\\/\\\/www.skolamichael.cz\\\/cs\\\/#organization\"},\"alternateName\":\"St\u0159edn\u00ed \u0161kola, Gymn\u00e1zium a Vy\u0161\u0161\u00ed odborn\u00e1 \u0161kola\",\"potentialAction\":[{\"@type\":\"SearchAction\",\"target\":{\"@type\":\"EntryPoint\",\"urlTemplate\":\"https:\\\/\\\/www.skolamichael.cz\\\/cs\\\/?s={search_term_string}\"},\"query-input\":{\"@type\":\"PropertyValueSpecification\",\"valueRequired\":true,\"valueName\":\"search_term_string\"}}],\"inLanguage\":\"cs\"},{\"@type\":\"Organization\",\"@id\":\"https:\\\/\\\/www.skolamichael.cz\\\/cs\\\/#organization\",\"name\":\"Michael \u2013 St\u0159edn\u00ed \u0161kola, Gymn\u00e1zium a Vy\u0161\u0161\u00ed odborn\u00e1 \u0161kola, s.r.o.\",\"url\":\"https:\\\/\\\/www.skolamichael.cz\\\/cs\\\/\",\"logo\":{\"@type\":\"ImageObject\",\"inLanguage\":\"cs\",\"@id\":\"https:\\\/\\\/www.skolamichael.cz\\\/cs\\\/#\\\/schema\\\/logo\\\/image\\\/\",\"url\":\"https:\\\/\\\/www.skolamichael.cz\\\/wp-content\\\/uploads\\\/2019\\\/03\\\/logo_michael_final_ctverec1-1.jpg\",\"contentUrl\":\"https:\\\/\\\/www.skolamichael.cz\\\/wp-content\\\/uploads\\\/2019\\\/03\\\/logo_michael_final_ctverec1-1.jpg\",\"width\":400,\"height\":400,\"caption\":\"Michael \u2013 St\u0159edn\u00ed \u0161kola, Gymn\u00e1zium a Vy\u0161\u0161\u00ed odborn\u00e1 \u0161kola, s.r.o.\"},\"image\":{\"@id\":\"https:\\\/\\\/www.skolamichael.cz\\\/cs\\\/#\\\/schema\\\/logo\\\/image\\\/\"},\"sameAs\":[\"http:\\\/\\\/www.facebook.com\\\/skolamichael\",\"https:\\\/\\\/www.instagram.com\\\/skola_michael\\\/\"]},{\"@type\":\"Person\",\"@id\":\"https:\\\/\\\/www.skolamichael.cz\\\/cs\\\/#\\\/schema\\\/person\\\/acb2963423a0c9f9b71a4506a3efef86\",\"name\":\"kupcovag\",\"image\":{\"@type\":\"ImageObject\",\"inLanguage\":\"cs\",\"@id\":\"https:\\\/\\\/secure.gravatar.com\\\/avatar\\\/e8871ba9f250c74c99b6b76542472c0eb713772447510357521f43d497c6bc1e?s=96&d=mm&r=g\",\"url\":\"https:\\\/\\\/secure.gravatar.com\\\/avatar\\\/e8871ba9f250c74c99b6b76542472c0eb713772447510357521f43d497c6bc1e?s=96&d=mm&r=g\",\"contentUrl\":\"https:\\\/\\\/secure.gravatar.com\\\/avatar\\\/e8871ba9f250c74c99b6b76542472c0eb713772447510357521f43d497c6bc1e?s=96&d=mm&r=g\",\"caption\":\"kupcovag\"},\"url\":\"https:\\\/\\\/www.skolamichael.cz\\\/cs\\\/author\\\/kupcovag\\\/\"}]}<\/script>\n<!-- \/ Yoast SEO plugin. -->","yoast_head_json":{"title":"D\u00edky fenomen\u00e1ln\u00edmu \u00fasp\u011bchu pojedou studenti na filmov\u00fd festival do Ameriky | MICHAEL","robots":{"index":"index","follow":"follow","max-snippet":"max-snippet:-1","max-image-preview":"max-image-preview:large","max-video-preview":"max-video-preview:-1"},"canonical":"https:\/\/www.skolamichael.cz\/cs\/aktualne\/uspechy\/diky-fenomenalnimu-uspechu-pojedou-studenti-na-filmovy-festival-do-ameriky\/","og_locale":"cs_CZ","og_type":"article","og_title":"D\u00edky fenomen\u00e1ln\u00edmu \u00fasp\u011bchu pojedou studenti na filmov\u00fd festival do Ameriky | MICHAEL","og_description":"Studenti re\u017eis\u00e9ra Vladim\u00edra Mich\u00e1lka, vedouc\u00edho filmov\u00e9ho oboru Vy\u0161\u0161\u00ed odborn\u00e9 \u0161koly Akademie Michael, ovl\u00e1dli naprosto drtiv\u00fdm zp\u016fsobem sout\u011b\u017e The 48 Hour Film Project. Vyhl\u00e1\u0161en\u00ed prob\u011bhlo 18. prosince v pra\u017esk\u00e9m kin\u011b Aero. D\u00edky v\u00edt\u011bzstv\u00ed v hlavn\u00ed kategorii Nejlep\u0161\u00ed film 48 HFP 2022 budou zastupovat \u010ceskou republiku na celosv\u011btov\u00e9m fin\u00e1le, kter\u00e9 se pod n\u00e1zvem Filmapalooza bude konat v [&hellip;]","og_url":"https:\/\/www.skolamichael.cz\/cs\/aktualne\/uspechy\/diky-fenomenalnimu-uspechu-pojedou-studenti-na-filmovy-festival-do-ameriky\/","og_site_name":"MICHAEL","article_publisher":"http:\/\/www.facebook.com\/skolamichael","article_published_time":"2023-01-06T10:41:15+00:00","article_modified_time":"2023-04-13T15:56:31+00:00","og_image":[{"width":2560,"height":2560,"url":"https:\/\/www.skolamichael.cz\/wp-content\/uploads\/2023\/01\/titulni2-scaled.jpg","type":"image\/jpeg"}],"author":"kupcovag","twitter_card":"summary_large_image","twitter_misc":{"Napsal(a)":"kupcovag","Odhadovan\u00e1 doba \u010dten\u00ed":"2 minuty"},"schema":{"@context":"https:\/\/schema.org","@graph":[{"@type":"Article","@id":"https:\/\/www.skolamichael.cz\/cs\/aktualne\/uspechy\/diky-fenomenalnimu-uspechu-pojedou-studenti-na-filmovy-festival-do-ameriky\/#article","isPartOf":{"@id":"https:\/\/www.skolamichael.cz\/cs\/aktualne\/uspechy\/diky-fenomenalnimu-uspechu-pojedou-studenti-na-filmovy-festival-do-ameriky\/"},"author":{"name":"kupcovag","@id":"https:\/\/www.skolamichael.cz\/cs\/#\/schema\/person\/acb2963423a0c9f9b71a4506a3efef86"},"headline":"D\u00edky fenomen\u00e1ln\u00edmu \u00fasp\u011bchu pojedou studenti na filmov\u00fd festival do Ameriky","datePublished":"2023-01-06T10:41:15+00:00","dateModified":"2023-04-13T15:56:31+00:00","mainEntityOfPage":{"@id":"https:\/\/www.skolamichael.cz\/cs\/aktualne\/uspechy\/diky-fenomenalnimu-uspechu-pojedou-studenti-na-filmovy-festival-do-ameriky\/"},"wordCount":325,"publisher":{"@id":"https:\/\/www.skolamichael.cz\/cs\/#organization"},"image":{"@id":"https:\/\/www.skolamichael.cz\/cs\/aktualne\/uspechy\/diky-fenomenalnimu-uspechu-pojedou-studenti-na-filmovy-festival-do-ameriky\/#primaryimage"},"thumbnailUrl":"https:\/\/www.skolamichael.cz\/wp-content\/uploads\/2023\/01\/titulni2-scaled.jpg","articleSection":["\u00dasp\u011bchy"],"inLanguage":"cs"},{"@type":"WebPage","@id":"https:\/\/www.skolamichael.cz\/cs\/aktualne\/uspechy\/diky-fenomenalnimu-uspechu-pojedou-studenti-na-filmovy-festival-do-ameriky\/","url":"https:\/\/www.skolamichael.cz\/cs\/aktualne\/uspechy\/diky-fenomenalnimu-uspechu-pojedou-studenti-na-filmovy-festival-do-ameriky\/","name":"D\u00edky fenomen\u00e1ln\u00edmu \u00fasp\u011bchu pojedou studenti na filmov\u00fd festival do Ameriky | MICHAEL","isPartOf":{"@id":"https:\/\/www.skolamichael.cz\/cs\/#website"},"primaryImageOfPage":{"@id":"https:\/\/www.skolamichael.cz\/cs\/aktualne\/uspechy\/diky-fenomenalnimu-uspechu-pojedou-studenti-na-filmovy-festival-do-ameriky\/#primaryimage"},"image":{"@id":"https:\/\/www.skolamichael.cz\/cs\/aktualne\/uspechy\/diky-fenomenalnimu-uspechu-pojedou-studenti-na-filmovy-festival-do-ameriky\/#primaryimage"},"thumbnailUrl":"https:\/\/www.skolamichael.cz\/wp-content\/uploads\/2023\/01\/titulni2-scaled.jpg","datePublished":"2023-01-06T10:41:15+00:00","dateModified":"2023-04-13T15:56:31+00:00","breadcrumb":{"@id":"https:\/\/www.skolamichael.cz\/cs\/aktualne\/uspechy\/diky-fenomenalnimu-uspechu-pojedou-studenti-na-filmovy-festival-do-ameriky\/#breadcrumb"},"inLanguage":"cs","potentialAction":[{"@type":"ReadAction","target":["https:\/\/www.skolamichael.cz\/cs\/aktualne\/uspechy\/diky-fenomenalnimu-uspechu-pojedou-studenti-na-filmovy-festival-do-ameriky\/"]}]},{"@type":"ImageObject","inLanguage":"cs","@id":"https:\/\/www.skolamichael.cz\/cs\/aktualne\/uspechy\/diky-fenomenalnimu-uspechu-pojedou-studenti-na-filmovy-festival-do-ameriky\/#primaryimage","url":"https:\/\/www.skolamichael.cz\/wp-content\/uploads\/2023\/01\/titulni2-scaled.jpg","contentUrl":"https:\/\/www.skolamichael.cz\/wp-content\/uploads\/2023\/01\/titulni2-scaled.jpg","width":2560,"height":2560},{"@type":"BreadcrumbList","@id":"https:\/\/www.skolamichael.cz\/cs\/aktualne\/uspechy\/diky-fenomenalnimu-uspechu-pojedou-studenti-na-filmovy-festival-do-ameriky\/#breadcrumb","itemListElement":[{"@type":"ListItem","position":1,"name":"Dom\u016f","item":"https:\/\/www.skolamichael.cz\/cs\/"},{"@type":"ListItem","position":2,"name":"D\u00edky fenomen\u00e1ln\u00edmu \u00fasp\u011bchu pojedou studenti na filmov\u00fd festival do Ameriky"}]},{"@type":"WebSite","@id":"https:\/\/www.skolamichael.cz\/cs\/#website","url":"https:\/\/www.skolamichael.cz\/cs\/","name":"MICHAEL","description":"St\u0159edn\u00ed \u0161kola, Gymn\u00e1zium a Vy\u0161\u0161\u00ed odborn\u00e1 \u0161kola","publisher":{"@id":"https:\/\/www.skolamichael.cz\/cs\/#organization"},"alternateName":"St\u0159edn\u00ed \u0161kola, Gymn\u00e1zium a Vy\u0161\u0161\u00ed odborn\u00e1 \u0161kola","potentialAction":[{"@type":"SearchAction","target":{"@type":"EntryPoint","urlTemplate":"https:\/\/www.skolamichael.cz\/cs\/?s={search_term_string}"},"query-input":{"@type":"PropertyValueSpecification","valueRequired":true,"valueName":"search_term_string"}}],"inLanguage":"cs"},{"@type":"Organization","@id":"https:\/\/www.skolamichael.cz\/cs\/#organization","name":"Michael \u2013 St\u0159edn\u00ed \u0161kola, Gymn\u00e1zium a Vy\u0161\u0161\u00ed odborn\u00e1 \u0161kola, s.r.o.","url":"https:\/\/www.skolamichael.cz\/cs\/","logo":{"@type":"ImageObject","inLanguage":"cs","@id":"https:\/\/www.skolamichael.cz\/cs\/#\/schema\/logo\/image\/","url":"https:\/\/www.skolamichael.cz\/wp-content\/uploads\/2019\/03\/logo_michael_final_ctverec1-1.jpg","contentUrl":"https:\/\/www.skolamichael.cz\/wp-content\/uploads\/2019\/03\/logo_michael_final_ctverec1-1.jpg","width":400,"height":400,"caption":"Michael \u2013 St\u0159edn\u00ed \u0161kola, Gymn\u00e1zium a Vy\u0161\u0161\u00ed odborn\u00e1 \u0161kola, s.r.o."},"image":{"@id":"https:\/\/www.skolamichael.cz\/cs\/#\/schema\/logo\/image\/"},"sameAs":["http:\/\/www.facebook.com\/skolamichael","https:\/\/www.instagram.com\/skola_michael\/"]},{"@type":"Person","@id":"https:\/\/www.skolamichael.cz\/cs\/#\/schema\/person\/acb2963423a0c9f9b71a4506a3efef86","name":"kupcovag","image":{"@type":"ImageObject","inLanguage":"cs","@id":"https:\/\/secure.gravatar.com\/avatar\/e8871ba9f250c74c99b6b76542472c0eb713772447510357521f43d497c6bc1e?s=96&d=mm&r=g","url":"https:\/\/secure.gravatar.com\/avatar\/e8871ba9f250c74c99b6b76542472c0eb713772447510357521f43d497c6bc1e?s=96&d=mm&r=g","contentUrl":"https:\/\/secure.gravatar.com\/avatar\/e8871ba9f250c74c99b6b76542472c0eb713772447510357521f43d497c6bc1e?s=96&d=mm&r=g","caption":"kupcovag"},"url":"https:\/\/www.skolamichael.cz\/cs\/author\/kupcovag\/"}]}},"_links":{"self":[{"href":"https:\/\/www.skolamichael.cz\/cs\/wp-json\/wp\/v2\/posts\/10669","targetHints":{"allow":["GET"]}}],"collection":[{"href":"https:\/\/www.skolamichael.cz\/cs\/wp-json\/wp\/v2\/posts"}],"about":[{"href":"https:\/\/www.skolamichael.cz\/cs\/wp-json\/wp\/v2\/types\/post"}],"author":[{"embeddable":true,"href":"https:\/\/www.skolamichael.cz\/cs\/wp-json\/wp\/v2\/users\/14"}],"replies":[{"embeddable":true,"href":"https:\/\/www.skolamichael.cz\/cs\/wp-json\/wp\/v2\/comments?post=10669"}],"version-history":[{"count":2,"href":"https:\/\/www.skolamichael.cz\/cs\/wp-json\/wp\/v2\/posts\/10669\/revisions"}],"predecessor-version":[{"id":10694,"href":"https:\/\/www.skolamichael.cz\/cs\/wp-json\/wp\/v2\/posts\/10669\/revisions\/10694"}],"wp:featuredmedia":[{"embeddable":true,"href":"https:\/\/www.skolamichael.cz\/cs\/wp-json\/wp\/v2\/media\/10676"}],"wp:attachment":[{"href":"https:\/\/www.skolamichael.cz\/cs\/wp-json\/wp\/v2\/media?parent=10669"}],"wp:term":[{"taxonomy":"category","embeddable":true,"href":"https:\/\/www.skolamichael.cz\/cs\/wp-json\/wp\/v2\/categories?post=10669"},{"taxonomy":"post_tag","embeddable":true,"href":"https:\/\/www.skolamichael.cz\/cs\/wp-json\/wp\/v2\/tags?post=10669"}],"curies":[{"name":"wp","href":"https:\/\/api.w.org\/{rel}","templated":true}]}}