{"id":11003,"date":"2023-03-29T11:55:52","date_gmt":"2023-03-29T09:55:52","guid":{"rendered":"https:\/\/www.skolamichael.cz\/?p=11003"},"modified":"2023-04-13T17:55:32","modified_gmt":"2023-04-13T15:55:32","slug":"skola-vyslala-studenty-na-festival-do-ameriky","status":"publish","type":"post","link":"https:\/\/www.skolamichael.cz\/cs\/aktualne\/uspechy\/skola-vyslala-studenty-na-festival-do-ameriky\/","title":{"rendered":"\u0160kola vyslala studenty na festival do Ameriky!"},"content":{"rendered":"<p>Studenti z t\u00fdmu Alpateam, kter\u00fd <a href=\"https:\/\/www.skolamichael.cz\/aktualne\/diky-fenomenalnimu-uspechu-pojedou-studenti-na-filmovy-festival-do-ameriky\/\">zv\u00edt\u011bzil v sout\u011b\u017ei The 48 Hour Film Project, Praha 2022<\/a>, se 15. \u2013 18. 3. 2023 z\u00fa\u010dastnili mezin\u00e1rodn\u00edho fin\u00e1lov\u00e9ho kola <strong>Filmapalooza 2022 v Los Angeles v USA<\/strong>. Ve fin\u00e1le bylo p\u0159ihl\u00e1\u0161en\u00fdch 135 v\u00edt\u011bzn\u00fdch film\u016f z cel\u00e9ho sv\u011bta. Festival krom\u011b projekc\u00ed v\u0161ech p\u0159ihl\u00e1\u0161en\u00fdch film\u016f zahrnoval i dal\u0161\u00ed doprovodn\u00fd program ve form\u011b workshop\u016f s filma\u0159skou t\u00e9matikou, setk\u00e1v\u00e1n\u00ed profesion\u00e1l\u016f i amat\u00e9r\u016f filmov\u00e9ho pr\u016fmyslu z cel\u00e9ho sv\u011bta a v neposledn\u00ed \u0159ad\u011b nav\u00e1z\u00e1n\u00ed kontakt\u016f mezi um\u011blci v r\u00e1mci neform\u00e1ln\u00edch z\u00e1bavn\u00fdch ve\u010der\u016f.<\/p>\n<p>Sout\u011b\u017e The 48 Hour Film Project je sv\u011btov\u011b nejv\u011bt\u0161\u00ed \u010dasov\u011b omezen\u00e1 filmov\u00e1 sout\u011b\u017e. Na z\u00e1klad\u011b zadan\u00e9 rekvizity, repliky a postavy plus n\u00e1hodn\u00e9 dvojice vylosovan\u00fdch \u017e\u00e1nr\u016f mus\u00ed v\u0161echny t\u00fdmy vymyslet, nato\u010dit a odevzdat kr\u00e1tk\u00fd film do 48 hodin od zad\u00e1n\u00ed.<\/p>\n<p>&nbsp;<\/p>\n<div id='gallery-1' class='gallery galleryid-11003 gallery-columns-1 gallery-size-full'><figure class='gallery-item'>\n\t\t\t<div class='gallery-icon landscape'>\n\t\t\t\t<a href='https:\/\/www.skolamichael.cz\/wp-content\/uploads\/2023\/03\/thumbnail_19032023-MAT_1370.jpg'><img loading=\"lazy\" decoding=\"async\" width=\"1280\" height=\"1024\" src=\"https:\/\/www.skolamichael.cz\/wp-content\/uploads\/2023\/03\/thumbnail_19032023-MAT_1370.jpg\" class=\"attachment-full size-full\" alt=\"\" aria-describedby=\"gallery-1-11004\" srcset=\"https:\/\/www.skolamichael.cz\/wp-content\/uploads\/2023\/03\/thumbnail_19032023-MAT_1370.jpg 1280w, https:\/\/www.skolamichael.cz\/wp-content\/uploads\/2023\/03\/thumbnail_19032023-MAT_1370-300x240.jpg 300w, https:\/\/www.skolamichael.cz\/wp-content\/uploads\/2023\/03\/thumbnail_19032023-MAT_1370-1024x819.jpg 1024w\" sizes=\"auto, (max-width: 1280px) 100vw, 1280px\" \/><\/a>\n\t\t\t<\/div>\n\t\t\t\t<figcaption class='wp-caption-text gallery-caption' id='gallery-1-11004'>\n\t\t\t\tAlpateam na Filmapalooze v L. A.: Filip Licek, Kry\u0161tof Kindl, Daniel Rowland a Mark Ruppert, Executive Producers of the 48 Hour Film Project.\n\t\t\t\t<\/figcaption><\/figure><figure class='gallery-item'>\n\t\t\t<div class='gallery-icon landscape'>\n\t\t\t\t<a href='https:\/\/www.skolamichael.cz\/wp-content\/uploads\/2023\/01\/DSC00648-scaled.jpg'><img loading=\"lazy\" decoding=\"async\" width=\"2560\" height=\"1422\" src=\"https:\/\/www.skolamichael.cz\/wp-content\/uploads\/2023\/01\/DSC00648-scaled.jpg\" class=\"attachment-full size-full\" alt=\"\" aria-describedby=\"gallery-1-10672\" srcset=\"https:\/\/www.skolamichael.cz\/wp-content\/uploads\/2023\/01\/DSC00648-scaled.jpg 2560w, https:\/\/www.skolamichael.cz\/wp-content\/uploads\/2023\/01\/DSC00648-scaled-300x167.jpg 300w, https:\/\/www.skolamichael.cz\/wp-content\/uploads\/2023\/01\/DSC00648-scaled-1024x569.jpg 1024w\" sizes=\"auto, (max-width: 2560px) 100vw, 2560px\" \/><\/a>\n\t\t\t<\/div>\n\t\t\t\t<figcaption class='wp-caption-text gallery-caption' id='gallery-1-10672'>\n\t\t\t\tAlpateam: Tom\u00e1\u0161 Dudek (kamera), \u0160imon Bail (sv\u011btla), Tom\u00e1\u0161 Vitha (st\u0159ih a postprodukce), Milan Smol\u00edk (fotograf a zvuk), Kry\u0161tof Kindl (re\u017eie, sc\u00e9n\u00e1\u0159 a postprodukce), Filip Licek (kamera), Filip \u0160pinka (teamleader, sc\u00e9n\u00e1\u0159 a zvuk) a Vladim\u00edr Mich\u00e1lek, vedouc\u00ed Filmov\u00e9 tvorby.\n\t\t\t\t<\/figcaption><\/figure><figure class='gallery-item'>\n\t\t\t<div class='gallery-icon portrait'>\n\t\t\t\t<a href='https:\/\/www.skolamichael.cz\/wp-content\/uploads\/2023\/03\/image00010.jpg'><img loading=\"lazy\" decoding=\"async\" width=\"750\" height=\"1000\" src=\"https:\/\/www.skolamichael.cz\/wp-content\/uploads\/2023\/03\/image00010.jpg\" class=\"attachment-full size-full\" alt=\"\" srcset=\"https:\/\/www.skolamichael.cz\/wp-content\/uploads\/2023\/03\/image00010.jpg 750w, https:\/\/www.skolamichael.cz\/wp-content\/uploads\/2023\/03\/image00010-225x300.jpg 225w\" sizes=\"auto, (max-width: 750px) 100vw, 750px\" \/><\/a>\n\t\t\t<\/div><\/figure><figure class='gallery-item'>\n\t\t\t<div class='gallery-icon landscape'>\n\t\t\t\t<a href='https:\/\/www.skolamichael.cz\/wp-content\/uploads\/2023\/03\/image00011.jpg'><img loading=\"lazy\" decoding=\"async\" width=\"1000\" height=\"750\" src=\"https:\/\/www.skolamichael.cz\/wp-content\/uploads\/2023\/03\/image00011.jpg\" class=\"attachment-full size-full\" alt=\"\" srcset=\"https:\/\/www.skolamichael.cz\/wp-content\/uploads\/2023\/03\/image00011.jpg 1000w, https:\/\/www.skolamichael.cz\/wp-content\/uploads\/2023\/03\/image00011-300x225.jpg 300w\" sizes=\"auto, (max-width: 1000px) 100vw, 1000px\" \/><\/a>\n\t\t\t<\/div><\/figure><figure class='gallery-item'>\n\t\t\t<div class='gallery-icon landscape'>\n\t\t\t\t<a href='https:\/\/www.skolamichael.cz\/wp-content\/uploads\/2023\/03\/image00008.jpg'><img loading=\"lazy\" decoding=\"async\" width=\"799\" height=\"522\" src=\"https:\/\/www.skolamichael.cz\/wp-content\/uploads\/2023\/03\/image00008.jpg\" class=\"attachment-full size-full\" alt=\"\" srcset=\"https:\/\/www.skolamichael.cz\/wp-content\/uploads\/2023\/03\/image00008.jpg 799w, https:\/\/www.skolamichael.cz\/wp-content\/uploads\/2023\/03\/image00008-300x196.jpg 300w\" sizes=\"auto, (max-width: 799px) 100vw, 799px\" \/><\/a>\n\t\t\t<\/div><\/figure><figure class='gallery-item'>\n\t\t\t<div class='gallery-icon landscape'>\n\t\t\t\t<a href='https:\/\/www.skolamichael.cz\/wp-content\/uploads\/2023\/03\/image00009.jpg'><img loading=\"lazy\" decoding=\"async\" width=\"1000\" height=\"750\" src=\"https:\/\/www.skolamichael.cz\/wp-content\/uploads\/2023\/03\/image00009.jpg\" class=\"attachment-full size-full\" alt=\"\" srcset=\"https:\/\/www.skolamichael.cz\/wp-content\/uploads\/2023\/03\/image00009.jpg 1000w, https:\/\/www.skolamichael.cz\/wp-content\/uploads\/2023\/03\/image00009-300x225.jpg 300w\" sizes=\"auto, (max-width: 1000px) 100vw, 1000px\" \/><\/a>\n\t\t\t<\/div><\/figure><figure class='gallery-item'>\n\t\t\t<div class='gallery-icon landscape'>\n\t\t\t\t<a href='https:\/\/www.skolamichael.cz\/wp-content\/uploads\/2023\/03\/image00007.jpg'><img loading=\"lazy\" decoding=\"async\" width=\"1000\" height=\"750\" src=\"https:\/\/www.skolamichael.cz\/wp-content\/uploads\/2023\/03\/image00007.jpg\" class=\"attachment-full size-full\" alt=\"\" srcset=\"https:\/\/www.skolamichael.cz\/wp-content\/uploads\/2023\/03\/image00007.jpg 1000w, https:\/\/www.skolamichael.cz\/wp-content\/uploads\/2023\/03\/image00007-300x225.jpg 300w\" sizes=\"auto, (max-width: 1000px) 100vw, 1000px\" \/><\/a>\n\t\t\t<\/div><\/figure><figure class='gallery-item'>\n\t\t\t<div class='gallery-icon landscape'>\n\t\t\t\t<a href='https:\/\/www.skolamichael.cz\/wp-content\/uploads\/2023\/03\/image00005.jpg'><img loading=\"lazy\" decoding=\"async\" width=\"1000\" height=\"750\" src=\"https:\/\/www.skolamichael.cz\/wp-content\/uploads\/2023\/03\/image00005.jpg\" class=\"attachment-full size-full\" alt=\"\" srcset=\"https:\/\/www.skolamichael.cz\/wp-content\/uploads\/2023\/03\/image00005.jpg 1000w, https:\/\/www.skolamichael.cz\/wp-content\/uploads\/2023\/03\/image00005-300x225.jpg 300w\" sizes=\"auto, (max-width: 1000px) 100vw, 1000px\" \/><\/a>\n\t\t\t<\/div><\/figure>\n\t\t<\/div>\n\n","protected":false},"excerpt":{"rendered":"<p>Studenti z t\u00fdmu Alpateam, kter\u00fd zv\u00edt\u011bzil v sout\u011b\u017ei The 48 Hour Film Project, Praha 2022, se 15. \u2013 18. 3. 2023 z\u00fa\u010dastnili mezin\u00e1rodn\u00edho fin\u00e1lov\u00e9ho kola Filmapalooza 2022 v Los Angeles v USA. Ve fin\u00e1le bylo p\u0159ihl\u00e1\u0161en\u00fdch 135 v\u00edt\u011bzn\u00fdch film\u016f z cel\u00e9ho sv\u011bta. Festival krom\u011b projekc\u00ed v\u0161ech p\u0159ihl\u00e1\u0161en\u00fdch film\u016f zahrnoval i dal\u0161\u00ed doprovodn\u00fd program ve form\u011b [&hellip;]<\/p>\n","protected":false},"author":14,"featured_media":11006,"comment_status":"closed","ping_status":"open","sticky":false,"template":"","format":"standard","meta":{"_acf_changed":false,"footnotes":""},"categories":[15],"tags":[],"class_list":["post-11003","post","type-post","status-publish","format-standard","has-post-thumbnail","hentry","category-uspechy"],"acf":[],"yoast_head":"<!-- This site is optimized with the Yoast SEO plugin v27.4 - https:\/\/yoast.com\/product\/yoast-seo-wordpress\/ -->\n<title>\u0160kola vyslala studenty na festival do Ameriky! | MICHAEL<\/title>\n<meta name=\"robots\" content=\"index, follow, max-snippet:-1, max-image-preview:large, max-video-preview:-1\" \/>\n<link rel=\"canonical\" href=\"https:\/\/www.skolamichael.cz\/cs\/aktualne\/uspechy\/skola-vyslala-studenty-na-festival-do-ameriky\/\" \/>\n<meta property=\"og:locale\" content=\"cs_CZ\" \/>\n<meta property=\"og:type\" content=\"article\" \/>\n<meta property=\"og:title\" content=\"\u0160kola vyslala studenty na festival do Ameriky! | MICHAEL\" \/>\n<meta property=\"og:description\" content=\"Studenti z t\u00fdmu Alpateam, kter\u00fd zv\u00edt\u011bzil v sout\u011b\u017ei The 48 Hour Film Project, Praha 2022, se 15. \u2013 18. 3. 2023 z\u00fa\u010dastnili mezin\u00e1rodn\u00edho fin\u00e1lov\u00e9ho kola Filmapalooza 2022 v Los Angeles v USA. Ve fin\u00e1le bylo p\u0159ihl\u00e1\u0161en\u00fdch 135 v\u00edt\u011bzn\u00fdch film\u016f z cel\u00e9ho sv\u011bta. Festival krom\u011b projekc\u00ed v\u0161ech p\u0159ihl\u00e1\u0161en\u00fdch film\u016f zahrnoval i dal\u0161\u00ed doprovodn\u00fd program ve form\u011b [&hellip;]\" \/>\n<meta property=\"og:url\" content=\"https:\/\/www.skolamichael.cz\/cs\/aktualne\/uspechy\/skola-vyslala-studenty-na-festival-do-ameriky\/\" \/>\n<meta property=\"og:site_name\" content=\"MICHAEL\" \/>\n<meta property=\"article:publisher\" content=\"http:\/\/www.facebook.com\/skolamichael\" \/>\n<meta property=\"article:published_time\" content=\"2023-03-29T09:55:52+00:00\" \/>\n<meta property=\"article:modified_time\" content=\"2023-04-13T15:55:32+00:00\" \/>\n<meta property=\"og:image\" content=\"https:\/\/www.skolamichael.cz\/wp-content\/uploads\/2023\/03\/titulni3.jpg\" \/>\n\t<meta property=\"og:image:width\" content=\"1024\" \/>\n\t<meta property=\"og:image:height\" content=\"1024\" \/>\n\t<meta property=\"og:image:type\" content=\"image\/jpeg\" \/>\n<meta name=\"author\" content=\"kupcovag\" \/>\n<meta name=\"twitter:card\" content=\"summary_large_image\" \/>\n<meta name=\"twitter:label1\" content=\"Napsal(a)\" \/>\n\t<meta name=\"twitter:data1\" content=\"kupcovag\" \/>\n\t<meta name=\"twitter:label2\" content=\"Odhadovan\u00e1 doba \u010dten\u00ed\" \/>\n\t<meta name=\"twitter:data2\" content=\"1 minuta\" \/>\n<script type=\"application\/ld+json\" class=\"yoast-schema-graph\">{\"@context\":\"https:\\\/\\\/schema.org\",\"@graph\":[{\"@type\":\"Article\",\"@id\":\"https:\\\/\\\/www.skolamichael.cz\\\/cs\\\/aktualne\\\/uspechy\\\/skola-vyslala-studenty-na-festival-do-ameriky\\\/#article\",\"isPartOf\":{\"@id\":\"https:\\\/\\\/www.skolamichael.cz\\\/cs\\\/aktualne\\\/uspechy\\\/skola-vyslala-studenty-na-festival-do-ameriky\\\/\"},\"author\":{\"name\":\"kupcovag\",\"@id\":\"https:\\\/\\\/www.skolamichael.cz\\\/cs\\\/#\\\/schema\\\/person\\\/acb2963423a0c9f9b71a4506a3efef86\"},\"headline\":\"\u0160kola vyslala studenty na festival do Ameriky!\",\"datePublished\":\"2023-03-29T09:55:52+00:00\",\"dateModified\":\"2023-04-13T15:55:32+00:00\",\"mainEntityOfPage\":{\"@id\":\"https:\\\/\\\/www.skolamichael.cz\\\/cs\\\/aktualne\\\/uspechy\\\/skola-vyslala-studenty-na-festival-do-ameriky\\\/\"},\"wordCount\":175,\"publisher\":{\"@id\":\"https:\\\/\\\/www.skolamichael.cz\\\/cs\\\/#organization\"},\"image\":{\"@id\":\"https:\\\/\\\/www.skolamichael.cz\\\/cs\\\/aktualne\\\/uspechy\\\/skola-vyslala-studenty-na-festival-do-ameriky\\\/#primaryimage\"},\"thumbnailUrl\":\"https:\\\/\\\/www.skolamichael.cz\\\/wp-content\\\/uploads\\\/2023\\\/03\\\/titulni3.jpg\",\"articleSection\":[\"\u00dasp\u011bchy\"],\"inLanguage\":\"cs\"},{\"@type\":\"WebPage\",\"@id\":\"https:\\\/\\\/www.skolamichael.cz\\\/cs\\\/aktualne\\\/uspechy\\\/skola-vyslala-studenty-na-festival-do-ameriky\\\/\",\"url\":\"https:\\\/\\\/www.skolamichael.cz\\\/cs\\\/aktualne\\\/uspechy\\\/skola-vyslala-studenty-na-festival-do-ameriky\\\/\",\"name\":\"\u0160kola vyslala studenty na festival do Ameriky! | MICHAEL\",\"isPartOf\":{\"@id\":\"https:\\\/\\\/www.skolamichael.cz\\\/cs\\\/#website\"},\"primaryImageOfPage\":{\"@id\":\"https:\\\/\\\/www.skolamichael.cz\\\/cs\\\/aktualne\\\/uspechy\\\/skola-vyslala-studenty-na-festival-do-ameriky\\\/#primaryimage\"},\"image\":{\"@id\":\"https:\\\/\\\/www.skolamichael.cz\\\/cs\\\/aktualne\\\/uspechy\\\/skola-vyslala-studenty-na-festival-do-ameriky\\\/#primaryimage\"},\"thumbnailUrl\":\"https:\\\/\\\/www.skolamichael.cz\\\/wp-content\\\/uploads\\\/2023\\\/03\\\/titulni3.jpg\",\"datePublished\":\"2023-03-29T09:55:52+00:00\",\"dateModified\":\"2023-04-13T15:55:32+00:00\",\"breadcrumb\":{\"@id\":\"https:\\\/\\\/www.skolamichael.cz\\\/cs\\\/aktualne\\\/uspechy\\\/skola-vyslala-studenty-na-festival-do-ameriky\\\/#breadcrumb\"},\"inLanguage\":\"cs\",\"potentialAction\":[{\"@type\":\"ReadAction\",\"target\":[\"https:\\\/\\\/www.skolamichael.cz\\\/cs\\\/aktualne\\\/uspechy\\\/skola-vyslala-studenty-na-festival-do-ameriky\\\/\"]}]},{\"@type\":\"ImageObject\",\"inLanguage\":\"cs\",\"@id\":\"https:\\\/\\\/www.skolamichael.cz\\\/cs\\\/aktualne\\\/uspechy\\\/skola-vyslala-studenty-na-festival-do-ameriky\\\/#primaryimage\",\"url\":\"https:\\\/\\\/www.skolamichael.cz\\\/wp-content\\\/uploads\\\/2023\\\/03\\\/titulni3.jpg\",\"contentUrl\":\"https:\\\/\\\/www.skolamichael.cz\\\/wp-content\\\/uploads\\\/2023\\\/03\\\/titulni3.jpg\",\"width\":1024,\"height\":1024},{\"@type\":\"BreadcrumbList\",\"@id\":\"https:\\\/\\\/www.skolamichael.cz\\\/cs\\\/aktualne\\\/uspechy\\\/skola-vyslala-studenty-na-festival-do-ameriky\\\/#breadcrumb\",\"itemListElement\":[{\"@type\":\"ListItem\",\"position\":1,\"name\":\"Dom\u016f\",\"item\":\"https:\\\/\\\/www.skolamichael.cz\\\/cs\\\/\"},{\"@type\":\"ListItem\",\"position\":2,\"name\":\"\u0160kola vyslala studenty na festival do Ameriky!\"}]},{\"@type\":\"WebSite\",\"@id\":\"https:\\\/\\\/www.skolamichael.cz\\\/cs\\\/#website\",\"url\":\"https:\\\/\\\/www.skolamichael.cz\\\/cs\\\/\",\"name\":\"MICHAEL\",\"description\":\"St\u0159edn\u00ed \u0161kola, Gymn\u00e1zium a Vy\u0161\u0161\u00ed odborn\u00e1 \u0161kola\",\"publisher\":{\"@id\":\"https:\\\/\\\/www.skolamichael.cz\\\/cs\\\/#organization\"},\"alternateName\":\"St\u0159edn\u00ed \u0161kola, Gymn\u00e1zium a Vy\u0161\u0161\u00ed odborn\u00e1 \u0161kola\",\"potentialAction\":[{\"@type\":\"SearchAction\",\"target\":{\"@type\":\"EntryPoint\",\"urlTemplate\":\"https:\\\/\\\/www.skolamichael.cz\\\/cs\\\/?s={search_term_string}\"},\"query-input\":{\"@type\":\"PropertyValueSpecification\",\"valueRequired\":true,\"valueName\":\"search_term_string\"}}],\"inLanguage\":\"cs\"},{\"@type\":\"Organization\",\"@id\":\"https:\\\/\\\/www.skolamichael.cz\\\/cs\\\/#organization\",\"name\":\"Michael \u2013 St\u0159edn\u00ed \u0161kola, Gymn\u00e1zium a Vy\u0161\u0161\u00ed odborn\u00e1 \u0161kola, s.r.o.\",\"url\":\"https:\\\/\\\/www.skolamichael.cz\\\/cs\\\/\",\"logo\":{\"@type\":\"ImageObject\",\"inLanguage\":\"cs\",\"@id\":\"https:\\\/\\\/www.skolamichael.cz\\\/cs\\\/#\\\/schema\\\/logo\\\/image\\\/\",\"url\":\"https:\\\/\\\/www.skolamichael.cz\\\/wp-content\\\/uploads\\\/2019\\\/03\\\/logo_michael_final_ctverec1-1.jpg\",\"contentUrl\":\"https:\\\/\\\/www.skolamichael.cz\\\/wp-content\\\/uploads\\\/2019\\\/03\\\/logo_michael_final_ctverec1-1.jpg\",\"width\":400,\"height\":400,\"caption\":\"Michael \u2013 St\u0159edn\u00ed \u0161kola, Gymn\u00e1zium a Vy\u0161\u0161\u00ed odborn\u00e1 \u0161kola, s.r.o.\"},\"image\":{\"@id\":\"https:\\\/\\\/www.skolamichael.cz\\\/cs\\\/#\\\/schema\\\/logo\\\/image\\\/\"},\"sameAs\":[\"http:\\\/\\\/www.facebook.com\\\/skolamichael\",\"https:\\\/\\\/www.instagram.com\\\/skola_michael\\\/\"]},{\"@type\":\"Person\",\"@id\":\"https:\\\/\\\/www.skolamichael.cz\\\/cs\\\/#\\\/schema\\\/person\\\/acb2963423a0c9f9b71a4506a3efef86\",\"name\":\"kupcovag\",\"image\":{\"@type\":\"ImageObject\",\"inLanguage\":\"cs\",\"@id\":\"https:\\\/\\\/secure.gravatar.com\\\/avatar\\\/e8871ba9f250c74c99b6b76542472c0eb713772447510357521f43d497c6bc1e?s=96&d=mm&r=g\",\"url\":\"https:\\\/\\\/secure.gravatar.com\\\/avatar\\\/e8871ba9f250c74c99b6b76542472c0eb713772447510357521f43d497c6bc1e?s=96&d=mm&r=g\",\"contentUrl\":\"https:\\\/\\\/secure.gravatar.com\\\/avatar\\\/e8871ba9f250c74c99b6b76542472c0eb713772447510357521f43d497c6bc1e?s=96&d=mm&r=g\",\"caption\":\"kupcovag\"},\"url\":\"https:\\\/\\\/www.skolamichael.cz\\\/cs\\\/author\\\/kupcovag\\\/\"}]}<\/script>\n<!-- \/ Yoast SEO plugin. -->","yoast_head_json":{"title":"\u0160kola vyslala studenty na festival do Ameriky! | MICHAEL","robots":{"index":"index","follow":"follow","max-snippet":"max-snippet:-1","max-image-preview":"max-image-preview:large","max-video-preview":"max-video-preview:-1"},"canonical":"https:\/\/www.skolamichael.cz\/cs\/aktualne\/uspechy\/skola-vyslala-studenty-na-festival-do-ameriky\/","og_locale":"cs_CZ","og_type":"article","og_title":"\u0160kola vyslala studenty na festival do Ameriky! | MICHAEL","og_description":"Studenti z t\u00fdmu Alpateam, kter\u00fd zv\u00edt\u011bzil v sout\u011b\u017ei The 48 Hour Film Project, Praha 2022, se 15. \u2013 18. 3. 2023 z\u00fa\u010dastnili mezin\u00e1rodn\u00edho fin\u00e1lov\u00e9ho kola Filmapalooza 2022 v Los Angeles v USA. Ve fin\u00e1le bylo p\u0159ihl\u00e1\u0161en\u00fdch 135 v\u00edt\u011bzn\u00fdch film\u016f z cel\u00e9ho sv\u011bta. Festival krom\u011b projekc\u00ed v\u0161ech p\u0159ihl\u00e1\u0161en\u00fdch film\u016f zahrnoval i dal\u0161\u00ed doprovodn\u00fd program ve form\u011b [&hellip;]","og_url":"https:\/\/www.skolamichael.cz\/cs\/aktualne\/uspechy\/skola-vyslala-studenty-na-festival-do-ameriky\/","og_site_name":"MICHAEL","article_publisher":"http:\/\/www.facebook.com\/skolamichael","article_published_time":"2023-03-29T09:55:52+00:00","article_modified_time":"2023-04-13T15:55:32+00:00","og_image":[{"width":1024,"height":1024,"url":"https:\/\/www.skolamichael.cz\/wp-content\/uploads\/2023\/03\/titulni3.jpg","type":"image\/jpeg"}],"author":"kupcovag","twitter_card":"summary_large_image","twitter_misc":{"Napsal(a)":"kupcovag","Odhadovan\u00e1 doba \u010dten\u00ed":"1 minuta"},"schema":{"@context":"https:\/\/schema.org","@graph":[{"@type":"Article","@id":"https:\/\/www.skolamichael.cz\/cs\/aktualne\/uspechy\/skola-vyslala-studenty-na-festival-do-ameriky\/#article","isPartOf":{"@id":"https:\/\/www.skolamichael.cz\/cs\/aktualne\/uspechy\/skola-vyslala-studenty-na-festival-do-ameriky\/"},"author":{"name":"kupcovag","@id":"https:\/\/www.skolamichael.cz\/cs\/#\/schema\/person\/acb2963423a0c9f9b71a4506a3efef86"},"headline":"\u0160kola vyslala studenty na festival do Ameriky!","datePublished":"2023-03-29T09:55:52+00:00","dateModified":"2023-04-13T15:55:32+00:00","mainEntityOfPage":{"@id":"https:\/\/www.skolamichael.cz\/cs\/aktualne\/uspechy\/skola-vyslala-studenty-na-festival-do-ameriky\/"},"wordCount":175,"publisher":{"@id":"https:\/\/www.skolamichael.cz\/cs\/#organization"},"image":{"@id":"https:\/\/www.skolamichael.cz\/cs\/aktualne\/uspechy\/skola-vyslala-studenty-na-festival-do-ameriky\/#primaryimage"},"thumbnailUrl":"https:\/\/www.skolamichael.cz\/wp-content\/uploads\/2023\/03\/titulni3.jpg","articleSection":["\u00dasp\u011bchy"],"inLanguage":"cs"},{"@type":"WebPage","@id":"https:\/\/www.skolamichael.cz\/cs\/aktualne\/uspechy\/skola-vyslala-studenty-na-festival-do-ameriky\/","url":"https:\/\/www.skolamichael.cz\/cs\/aktualne\/uspechy\/skola-vyslala-studenty-na-festival-do-ameriky\/","name":"\u0160kola vyslala studenty na festival do Ameriky! | MICHAEL","isPartOf":{"@id":"https:\/\/www.skolamichael.cz\/cs\/#website"},"primaryImageOfPage":{"@id":"https:\/\/www.skolamichael.cz\/cs\/aktualne\/uspechy\/skola-vyslala-studenty-na-festival-do-ameriky\/#primaryimage"},"image":{"@id":"https:\/\/www.skolamichael.cz\/cs\/aktualne\/uspechy\/skola-vyslala-studenty-na-festival-do-ameriky\/#primaryimage"},"thumbnailUrl":"https:\/\/www.skolamichael.cz\/wp-content\/uploads\/2023\/03\/titulni3.jpg","datePublished":"2023-03-29T09:55:52+00:00","dateModified":"2023-04-13T15:55:32+00:00","breadcrumb":{"@id":"https:\/\/www.skolamichael.cz\/cs\/aktualne\/uspechy\/skola-vyslala-studenty-na-festival-do-ameriky\/#breadcrumb"},"inLanguage":"cs","potentialAction":[{"@type":"ReadAction","target":["https:\/\/www.skolamichael.cz\/cs\/aktualne\/uspechy\/skola-vyslala-studenty-na-festival-do-ameriky\/"]}]},{"@type":"ImageObject","inLanguage":"cs","@id":"https:\/\/www.skolamichael.cz\/cs\/aktualne\/uspechy\/skola-vyslala-studenty-na-festival-do-ameriky\/#primaryimage","url":"https:\/\/www.skolamichael.cz\/wp-content\/uploads\/2023\/03\/titulni3.jpg","contentUrl":"https:\/\/www.skolamichael.cz\/wp-content\/uploads\/2023\/03\/titulni3.jpg","width":1024,"height":1024},{"@type":"BreadcrumbList","@id":"https:\/\/www.skolamichael.cz\/cs\/aktualne\/uspechy\/skola-vyslala-studenty-na-festival-do-ameriky\/#breadcrumb","itemListElement":[{"@type":"ListItem","position":1,"name":"Dom\u016f","item":"https:\/\/www.skolamichael.cz\/cs\/"},{"@type":"ListItem","position":2,"name":"\u0160kola vyslala studenty na festival do Ameriky!"}]},{"@type":"WebSite","@id":"https:\/\/www.skolamichael.cz\/cs\/#website","url":"https:\/\/www.skolamichael.cz\/cs\/","name":"MICHAEL","description":"St\u0159edn\u00ed \u0161kola, Gymn\u00e1zium a Vy\u0161\u0161\u00ed odborn\u00e1 \u0161kola","publisher":{"@id":"https:\/\/www.skolamichael.cz\/cs\/#organization"},"alternateName":"St\u0159edn\u00ed \u0161kola, Gymn\u00e1zium a Vy\u0161\u0161\u00ed odborn\u00e1 \u0161kola","potentialAction":[{"@type":"SearchAction","target":{"@type":"EntryPoint","urlTemplate":"https:\/\/www.skolamichael.cz\/cs\/?s={search_term_string}"},"query-input":{"@type":"PropertyValueSpecification","valueRequired":true,"valueName":"search_term_string"}}],"inLanguage":"cs"},{"@type":"Organization","@id":"https:\/\/www.skolamichael.cz\/cs\/#organization","name":"Michael \u2013 St\u0159edn\u00ed \u0161kola, Gymn\u00e1zium a Vy\u0161\u0161\u00ed odborn\u00e1 \u0161kola, s.r.o.","url":"https:\/\/www.skolamichael.cz\/cs\/","logo":{"@type":"ImageObject","inLanguage":"cs","@id":"https:\/\/www.skolamichael.cz\/cs\/#\/schema\/logo\/image\/","url":"https:\/\/www.skolamichael.cz\/wp-content\/uploads\/2019\/03\/logo_michael_final_ctverec1-1.jpg","contentUrl":"https:\/\/www.skolamichael.cz\/wp-content\/uploads\/2019\/03\/logo_michael_final_ctverec1-1.jpg","width":400,"height":400,"caption":"Michael \u2013 St\u0159edn\u00ed \u0161kola, Gymn\u00e1zium a Vy\u0161\u0161\u00ed odborn\u00e1 \u0161kola, s.r.o."},"image":{"@id":"https:\/\/www.skolamichael.cz\/cs\/#\/schema\/logo\/image\/"},"sameAs":["http:\/\/www.facebook.com\/skolamichael","https:\/\/www.instagram.com\/skola_michael\/"]},{"@type":"Person","@id":"https:\/\/www.skolamichael.cz\/cs\/#\/schema\/person\/acb2963423a0c9f9b71a4506a3efef86","name":"kupcovag","image":{"@type":"ImageObject","inLanguage":"cs","@id":"https:\/\/secure.gravatar.com\/avatar\/e8871ba9f250c74c99b6b76542472c0eb713772447510357521f43d497c6bc1e?s=96&d=mm&r=g","url":"https:\/\/secure.gravatar.com\/avatar\/e8871ba9f250c74c99b6b76542472c0eb713772447510357521f43d497c6bc1e?s=96&d=mm&r=g","contentUrl":"https:\/\/secure.gravatar.com\/avatar\/e8871ba9f250c74c99b6b76542472c0eb713772447510357521f43d497c6bc1e?s=96&d=mm&r=g","caption":"kupcovag"},"url":"https:\/\/www.skolamichael.cz\/cs\/author\/kupcovag\/"}]}},"_links":{"self":[{"href":"https:\/\/www.skolamichael.cz\/cs\/wp-json\/wp\/v2\/posts\/11003","targetHints":{"allow":["GET"]}}],"collection":[{"href":"https:\/\/www.skolamichael.cz\/cs\/wp-json\/wp\/v2\/posts"}],"about":[{"href":"https:\/\/www.skolamichael.cz\/cs\/wp-json\/wp\/v2\/types\/post"}],"author":[{"embeddable":true,"href":"https:\/\/www.skolamichael.cz\/cs\/wp-json\/wp\/v2\/users\/14"}],"replies":[{"embeddable":true,"href":"https:\/\/www.skolamichael.cz\/cs\/wp-json\/wp\/v2\/comments?post=11003"}],"version-history":[{"count":3,"href":"https:\/\/www.skolamichael.cz\/cs\/wp-json\/wp\/v2\/posts\/11003\/revisions"}],"predecessor-version":[{"id":11060,"href":"https:\/\/www.skolamichael.cz\/cs\/wp-json\/wp\/v2\/posts\/11003\/revisions\/11060"}],"wp:featuredmedia":[{"embeddable":true,"href":"https:\/\/www.skolamichael.cz\/cs\/wp-json\/wp\/v2\/media\/11006"}],"wp:attachment":[{"href":"https:\/\/www.skolamichael.cz\/cs\/wp-json\/wp\/v2\/media?parent=11003"}],"wp:term":[{"taxonomy":"category","embeddable":true,"href":"https:\/\/www.skolamichael.cz\/cs\/wp-json\/wp\/v2\/categories?post=11003"},{"taxonomy":"post_tag","embeddable":true,"href":"https:\/\/www.skolamichael.cz\/cs\/wp-json\/wp\/v2\/tags?post=11003"}],"curies":[{"name":"wp","href":"https:\/\/api.w.org\/{rel}","templated":true}]}}