{"id":11270,"date":"2023-05-31T23:09:45","date_gmt":"2023-05-31T21:09:45","guid":{"rendered":"https:\/\/www.skolamichael.cz\/?p=11270"},"modified":"2023-06-06T09:30:23","modified_gmt":"2023-06-06T07:30:23","slug":"pozvanka-na-vystavu-absolventskych-praci-naostro","status":"publish","type":"post","link":"https:\/\/www.skolamichael.cz\/cs\/aktualne\/akce\/pozvanka-na-vystavu-absolventskych-praci-naostro\/","title":{"rendered":"Pozv\u00e1nka na v\u00fdstavu absolventsk\u00fdch prac\u00ed \u201eNAOSTRO\u201c"},"content":{"rendered":"<p>P\u0159ijm\u011bte na\u0161e srde\u010dn\u00e9 pozv\u00e1n\u00ed na vernis\u00e1\u017e v\u00fdstavy absolventsk\u00fdch prac\u00ed student\u016f Vy\u0161\u0161\u00ed odborn\u00e9 \u0161koly <strong>Akademie Michael<\/strong>. V\u00fdstava s n\u00e1zvem\u00a0<em><strong>NAOSTRO<\/strong><\/em> se bude konat v galerii kouzeln\u00e9 barokn\u00ed Vrtbovsk\u00e9 zahrady.<\/p>\n<ul>\n<li>\u00a0<span style=\"color: #000000;\">Datum kon\u00e1n\u00ed vernis\u00e1\u017ee<\/span>: <strong>6. 6. 2023 v 16 hodin<\/strong><\/li>\n<li>Adresa: <strong>Karmelitsk\u00e1 25, Praha 1 &#8211; Mal\u00e1 Strana<\/strong><\/li>\n<\/ul>\n<p>Samotn\u00e1 v\u00fdstava bude k vid\u011bn\u00ed po cel\u00fd m\u011bs\u00edc \u010derven.<\/p>\n<p>Vystaveny budou z\u00e1v\u011bre\u010dn\u00e9 pr\u00e1ce student\u016f obor\u016f <strong>Filmov\u00e1 tvorba, Fotografick\u00e1 tvorba, Grafick\u00fd design a Design interi\u00e9ru<\/strong>. Pr\u00e1ce vznikaly pod taktovkou vedouc\u00edch jednotliv\u00fdch studijn\u00edch zam\u011b\u0159en\u00ed \u2013 oce\u0148ovan\u00e9ho re\u017eis\u00e9ra <strong>Vladim\u00edra Mich\u00e1lka<\/strong>, ikony sou\u010dasn\u00e9 \u010desk\u00e9 fotografie <strong>Tom\u00e1\u0161e T\u0159e\u0161t\u00edka<\/strong>, grafika <strong>Miroslava Roub\u00ed\u010dka<\/strong> a design\u00e9rky <strong>Andrey Vok\u0159\u00e1lov\u00e9<\/strong>.<\/p>\n<p><img loading=\"lazy\" decoding=\"async\" class=\"alignnone size-full wp-image-11273\" src=\"https:\/\/www.skolamichael.cz\/wp-content\/uploads\/2023\/05\/stazeny-soubor.png\" alt=\"\" width=\"803\" height=\"568\" srcset=\"https:\/\/www.skolamichael.cz\/wp-content\/uploads\/2023\/05\/stazeny-soubor.png 803w, https:\/\/www.skolamichael.cz\/wp-content\/uploads\/2023\/05\/stazeny-soubor-300x212.png 300w\" sizes=\"auto, (max-width: 803px) 100vw, 803px\" \/><\/p>\n<div><span class=\"x_x_x_contentpasted0\"><span class=\"x_ContentPasted2\">Setk\u00e1te se s d\u00edly (budouc\u00edch)<span class=\"x_x_Apple-converted-space x_ContentPasted2\">\u00a0<\/span>grafik\u016f, fotograf\u016f, n\u00e1vrh\u00e1\u0159\u016f interi\u00e9r\u016f a filma\u0159\u016f. I leto\u0161n\u00ed t\u00e9mata byla velmi rozmanit\u00e1: m\u016f\u017eete zde naj\u00edt nap\u0159\u00edklad zaj\u00edmav\u011b fotograficky zpracovan\u00fdch Sedm h\u0159\u00edch\u016f, neot\u0159el\u00fd p\u0159\u00edstup ke Svatebn\u00ed fotografii nebo t\u0159eba Kmeny \u2013 sou\u010dasn\u00e9 subkultury v \u010cR. Na vystaven\u00fdch grafik\u00e1ch najdete mimo jin\u00e9 Chaoidy &#8211; vizu\u00e1ln\u00ed identitu edukativn\u00edch materi\u00e1l\u016f v podob\u011b zaj\u00edmav\u011b pojat\u00fdch skript, vizu\u00e1ln\u00ed identitu m\u00e9n\u011b zn\u00e1m\u00e9ho Mezin\u00e1rodn\u00edho dne \u00fasm\u011bv\u016f, nebo n\u011bkolik vizu\u00e1l\u016f reklamn\u00edch kampan\u00ed. Studenti oboru Design interi\u00e9ru n\u00e1s ve sv\u00fdch n\u00e1vrz\u00edch p\u0159enesou do prost\u0159ed\u00ed restaura\u010dn\u00edch za\u0159\u00edzen\u00ed s dal\u0161\u00edm vyu\u017eit\u00edm u vody. A v neposledn\u00ed \u0159ad\u011b se pod\u00edvejte na uk\u00e1zky z film\u016f Alzheimer, V\u0161ichni za jednoho, Dubia nebo komedi\u00e1ln\u00ed mokument Film o Filmu. <span class=\"x_x_Apple-converted-space x_ContentPasted2\">\u00a0<\/span><\/span><\/span><\/div>\n<div>\n<p class=\"x_x_MsoNormal\"><img loading=\"lazy\" decoding=\"async\" class=\"alignnone wp-image-11271\" src=\"https:\/\/www.skolamichael.cz\/wp-content\/uploads\/2023\/05\/Screenshot_2.jpg\" alt=\"\" width=\"557\" height=\"286\" srcset=\"https:\/\/www.skolamichael.cz\/wp-content\/uploads\/2023\/05\/Screenshot_2.jpg 1058w, https:\/\/www.skolamichael.cz\/wp-content\/uploads\/2023\/05\/Screenshot_2-300x154.jpg 300w, https:\/\/www.skolamichael.cz\/wp-content\/uploads\/2023\/05\/Screenshot_2-1024x526.jpg 1024w\" sizes=\"auto, (max-width: 557px) 100vw, 557px\" \/><\/p>\n<p><img loading=\"lazy\" decoding=\"async\" class=\"alignnone wp-image-11275\" src=\"https:\/\/www.skolamichael.cz\/wp-content\/uploads\/2023\/05\/Screenshot_3.jpg\" alt=\"\" width=\"348\" height=\"500\" srcset=\"https:\/\/www.skolamichael.cz\/wp-content\/uploads\/2023\/05\/Screenshot_3.jpg 559w, https:\/\/www.skolamichael.cz\/wp-content\/uploads\/2023\/05\/Screenshot_3-209x300.jpg 209w\" sizes=\"auto, (max-width: 348px) 100vw, 348px\" \/> \u00a0\u00a0<img loading=\"lazy\" decoding=\"async\" class=\"alignnone wp-image-11281\" src=\"https:\/\/www.skolamichael.cz\/wp-content\/uploads\/2023\/05\/Screenshot_6.jpg\" alt=\"\" width=\"340\" height=\"500\" srcset=\"https:\/\/www.skolamichael.cz\/wp-content\/uploads\/2023\/05\/Screenshot_6.jpg 569w, https:\/\/www.skolamichael.cz\/wp-content\/uploads\/2023\/05\/Screenshot_6-204x300.jpg 204w\" sizes=\"auto, (max-width: 340px) 100vw, 340px\" \/><\/p>\n<p><img loading=\"lazy\" decoding=\"async\" class=\"alignnone wp-image-11277\" src=\"https:\/\/www.skolamichael.cz\/wp-content\/uploads\/2023\/05\/Screenshot_4-239x300.jpg\" alt=\"\" width=\"398\" height=\"500\" srcset=\"https:\/\/www.skolamichael.cz\/wp-content\/uploads\/2023\/05\/Screenshot_4-239x300.jpg 239w, https:\/\/www.skolamichael.cz\/wp-content\/uploads\/2023\/05\/Screenshot_4.jpg 693w\" sizes=\"auto, (max-width: 398px) 100vw, 398px\" \/> <img loading=\"lazy\" decoding=\"async\" class=\"alignnone wp-image-11279\" src=\"https:\/\/www.skolamichael.cz\/wp-content\/uploads\/2023\/05\/Screenshot_5-210x300.jpg\" alt=\"\" width=\"351\" height=\"500\" srcset=\"https:\/\/www.skolamichael.cz\/wp-content\/uploads\/2023\/05\/Screenshot_5-210x300.jpg 210w, https:\/\/www.skolamichael.cz\/wp-content\/uploads\/2023\/05\/Screenshot_5.jpg 592w\" sizes=\"auto, (max-width: 351px) 100vw, 351px\" \/><\/p>\n<\/div>\n","protected":false},"excerpt":{"rendered":"<p>P\u0159ijm\u011bte na\u0161e srde\u010dn\u00e9 pozv\u00e1n\u00ed na vernis\u00e1\u017e v\u00fdstavy absolventsk\u00fdch prac\u00ed student\u016f Vy\u0161\u0161\u00ed odborn\u00e9 \u0161koly Akademie Michael. V\u00fdstava s n\u00e1zvem\u00a0NAOSTRO se bude konat v galerii kouzeln\u00e9 barokn\u00ed Vrtbovsk\u00e9 zahrady. \u00a0Datum kon\u00e1n\u00ed vernis\u00e1\u017ee: 6. 6. 2023 v 16 hodin Adresa: Karmelitsk\u00e1 25, Praha 1 &#8211; Mal\u00e1 Strana Samotn\u00e1 v\u00fdstava bude k vid\u011bn\u00ed po cel\u00fd m\u011bs\u00edc \u010derven. Vystaveny budou [&hellip;]<\/p>\n","protected":false},"author":14,"featured_media":11283,"comment_status":"closed","ping_status":"open","sticky":false,"template":"","format":"standard","meta":{"_acf_changed":false,"footnotes":""},"categories":[14],"tags":[],"class_list":["post-11270","post","type-post","status-publish","format-standard","has-post-thumbnail","hentry","category-akce"],"acf":[],"yoast_head":"<!-- This site is optimized with the Yoast SEO plugin v27.4 - https:\/\/yoast.com\/product\/yoast-seo-wordpress\/ -->\n<title>Pozv\u00e1nka na v\u00fdstavu absolventsk\u00fdch prac\u00ed \u201eNAOSTRO\u201c | MICHAEL<\/title>\n<meta name=\"robots\" content=\"index, follow, max-snippet:-1, max-image-preview:large, max-video-preview:-1\" \/>\n<link rel=\"canonical\" href=\"https:\/\/www.skolamichael.cz\/cs\/aktualne\/akce\/pozvanka-na-vystavu-absolventskych-praci-naostro\/\" \/>\n<meta property=\"og:locale\" content=\"cs_CZ\" \/>\n<meta property=\"og:type\" content=\"article\" \/>\n<meta property=\"og:title\" content=\"Pozv\u00e1nka na v\u00fdstavu absolventsk\u00fdch prac\u00ed \u201eNAOSTRO\u201c | MICHAEL\" \/>\n<meta property=\"og:description\" content=\"P\u0159ijm\u011bte na\u0161e srde\u010dn\u00e9 pozv\u00e1n\u00ed na vernis\u00e1\u017e v\u00fdstavy absolventsk\u00fdch prac\u00ed student\u016f Vy\u0161\u0161\u00ed odborn\u00e9 \u0161koly Akademie Michael. V\u00fdstava s n\u00e1zvem\u00a0NAOSTRO se bude konat v galerii kouzeln\u00e9 barokn\u00ed Vrtbovsk\u00e9 zahrady. \u00a0Datum kon\u00e1n\u00ed vernis\u00e1\u017ee: 6. 6. 2023 v 16 hodin Adresa: Karmelitsk\u00e1 25, Praha 1 &#8211; Mal\u00e1 Strana Samotn\u00e1 v\u00fdstava bude k vid\u011bn\u00ed po cel\u00fd m\u011bs\u00edc \u010derven. Vystaveny budou [&hellip;]\" \/>\n<meta property=\"og:url\" content=\"https:\/\/www.skolamichael.cz\/cs\/aktualne\/akce\/pozvanka-na-vystavu-absolventskych-praci-naostro\/\" \/>\n<meta property=\"og:site_name\" content=\"MICHAEL\" \/>\n<meta property=\"article:publisher\" content=\"http:\/\/www.facebook.com\/skolamichael\" \/>\n<meta property=\"article:published_time\" content=\"2023-05-31T21:09:45+00:00\" \/>\n<meta property=\"article:modified_time\" content=\"2023-06-06T07:30:23+00:00\" \/>\n<meta property=\"og:image\" content=\"https:\/\/www.skolamichael.cz\/wp-content\/uploads\/2023\/05\/stazeny-soubor-1.png\" \/>\n\t<meta property=\"og:image:width\" content=\"642\" \/>\n\t<meta property=\"og:image:height\" content=\"568\" \/>\n\t<meta property=\"og:image:type\" content=\"image\/png\" \/>\n<meta name=\"author\" content=\"kupcovag\" \/>\n<meta name=\"twitter:card\" content=\"summary_large_image\" \/>\n<meta name=\"twitter:label1\" content=\"Napsal(a)\" \/>\n\t<meta name=\"twitter:data1\" content=\"kupcovag\" \/>\n\t<meta name=\"twitter:label2\" content=\"Odhadovan\u00e1 doba \u010dten\u00ed\" \/>\n\t<meta name=\"twitter:data2\" content=\"1 minuta\" \/>\n<script type=\"application\/ld+json\" class=\"yoast-schema-graph\">{\"@context\":\"https:\\\/\\\/schema.org\",\"@graph\":[{\"@type\":\"Article\",\"@id\":\"https:\\\/\\\/www.skolamichael.cz\\\/cs\\\/aktualne\\\/akce\\\/pozvanka-na-vystavu-absolventskych-praci-naostro\\\/#article\",\"isPartOf\":{\"@id\":\"https:\\\/\\\/www.skolamichael.cz\\\/cs\\\/aktualne\\\/akce\\\/pozvanka-na-vystavu-absolventskych-praci-naostro\\\/\"},\"author\":{\"name\":\"kupcovag\",\"@id\":\"https:\\\/\\\/www.skolamichael.cz\\\/cs\\\/#\\\/schema\\\/person\\\/acb2963423a0c9f9b71a4506a3efef86\"},\"headline\":\"Pozv\u00e1nka na v\u00fdstavu absolventsk\u00fdch prac\u00ed \u201eNAOSTRO\u201c\",\"datePublished\":\"2023-05-31T21:09:45+00:00\",\"dateModified\":\"2023-06-06T07:30:23+00:00\",\"mainEntityOfPage\":{\"@id\":\"https:\\\/\\\/www.skolamichael.cz\\\/cs\\\/aktualne\\\/akce\\\/pozvanka-na-vystavu-absolventskych-praci-naostro\\\/\"},\"wordCount\":293,\"publisher\":{\"@id\":\"https:\\\/\\\/www.skolamichael.cz\\\/cs\\\/#organization\"},\"image\":{\"@id\":\"https:\\\/\\\/www.skolamichael.cz\\\/cs\\\/aktualne\\\/akce\\\/pozvanka-na-vystavu-absolventskych-praci-naostro\\\/#primaryimage\"},\"thumbnailUrl\":\"https:\\\/\\\/www.skolamichael.cz\\\/wp-content\\\/uploads\\\/2023\\\/05\\\/stazeny-soubor-1.png\",\"articleSection\":[\"Akce\"],\"inLanguage\":\"cs\"},{\"@type\":\"WebPage\",\"@id\":\"https:\\\/\\\/www.skolamichael.cz\\\/cs\\\/aktualne\\\/akce\\\/pozvanka-na-vystavu-absolventskych-praci-naostro\\\/\",\"url\":\"https:\\\/\\\/www.skolamichael.cz\\\/cs\\\/aktualne\\\/akce\\\/pozvanka-na-vystavu-absolventskych-praci-naostro\\\/\",\"name\":\"Pozv\u00e1nka na v\u00fdstavu absolventsk\u00fdch prac\u00ed \u201eNAOSTRO\u201c | MICHAEL\",\"isPartOf\":{\"@id\":\"https:\\\/\\\/www.skolamichael.cz\\\/cs\\\/#website\"},\"primaryImageOfPage\":{\"@id\":\"https:\\\/\\\/www.skolamichael.cz\\\/cs\\\/aktualne\\\/akce\\\/pozvanka-na-vystavu-absolventskych-praci-naostro\\\/#primaryimage\"},\"image\":{\"@id\":\"https:\\\/\\\/www.skolamichael.cz\\\/cs\\\/aktualne\\\/akce\\\/pozvanka-na-vystavu-absolventskych-praci-naostro\\\/#primaryimage\"},\"thumbnailUrl\":\"https:\\\/\\\/www.skolamichael.cz\\\/wp-content\\\/uploads\\\/2023\\\/05\\\/stazeny-soubor-1.png\",\"datePublished\":\"2023-05-31T21:09:45+00:00\",\"dateModified\":\"2023-06-06T07:30:23+00:00\",\"breadcrumb\":{\"@id\":\"https:\\\/\\\/www.skolamichael.cz\\\/cs\\\/aktualne\\\/akce\\\/pozvanka-na-vystavu-absolventskych-praci-naostro\\\/#breadcrumb\"},\"inLanguage\":\"cs\",\"potentialAction\":[{\"@type\":\"ReadAction\",\"target\":[\"https:\\\/\\\/www.skolamichael.cz\\\/cs\\\/aktualne\\\/akce\\\/pozvanka-na-vystavu-absolventskych-praci-naostro\\\/\"]}]},{\"@type\":\"ImageObject\",\"inLanguage\":\"cs\",\"@id\":\"https:\\\/\\\/www.skolamichael.cz\\\/cs\\\/aktualne\\\/akce\\\/pozvanka-na-vystavu-absolventskych-praci-naostro\\\/#primaryimage\",\"url\":\"https:\\\/\\\/www.skolamichael.cz\\\/wp-content\\\/uploads\\\/2023\\\/05\\\/stazeny-soubor-1.png\",\"contentUrl\":\"https:\\\/\\\/www.skolamichael.cz\\\/wp-content\\\/uploads\\\/2023\\\/05\\\/stazeny-soubor-1.png\",\"width\":642,\"height\":568},{\"@type\":\"BreadcrumbList\",\"@id\":\"https:\\\/\\\/www.skolamichael.cz\\\/cs\\\/aktualne\\\/akce\\\/pozvanka-na-vystavu-absolventskych-praci-naostro\\\/#breadcrumb\",\"itemListElement\":[{\"@type\":\"ListItem\",\"position\":1,\"name\":\"Dom\u016f\",\"item\":\"https:\\\/\\\/www.skolamichael.cz\\\/cs\\\/\"},{\"@type\":\"ListItem\",\"position\":2,\"name\":\"Pozv\u00e1nka na v\u00fdstavu absolventsk\u00fdch prac\u00ed \u201eNAOSTRO\u201c\"}]},{\"@type\":\"WebSite\",\"@id\":\"https:\\\/\\\/www.skolamichael.cz\\\/cs\\\/#website\",\"url\":\"https:\\\/\\\/www.skolamichael.cz\\\/cs\\\/\",\"name\":\"MICHAEL\",\"description\":\"St\u0159edn\u00ed \u0161kola, Gymn\u00e1zium a Vy\u0161\u0161\u00ed odborn\u00e1 \u0161kola\",\"publisher\":{\"@id\":\"https:\\\/\\\/www.skolamichael.cz\\\/cs\\\/#organization\"},\"alternateName\":\"St\u0159edn\u00ed \u0161kola, Gymn\u00e1zium a Vy\u0161\u0161\u00ed odborn\u00e1 \u0161kola\",\"potentialAction\":[{\"@type\":\"SearchAction\",\"target\":{\"@type\":\"EntryPoint\",\"urlTemplate\":\"https:\\\/\\\/www.skolamichael.cz\\\/cs\\\/?s={search_term_string}\"},\"query-input\":{\"@type\":\"PropertyValueSpecification\",\"valueRequired\":true,\"valueName\":\"search_term_string\"}}],\"inLanguage\":\"cs\"},{\"@type\":\"Organization\",\"@id\":\"https:\\\/\\\/www.skolamichael.cz\\\/cs\\\/#organization\",\"name\":\"Michael \u2013 St\u0159edn\u00ed \u0161kola, Gymn\u00e1zium a Vy\u0161\u0161\u00ed odborn\u00e1 \u0161kola, s.r.o.\",\"url\":\"https:\\\/\\\/www.skolamichael.cz\\\/cs\\\/\",\"logo\":{\"@type\":\"ImageObject\",\"inLanguage\":\"cs\",\"@id\":\"https:\\\/\\\/www.skolamichael.cz\\\/cs\\\/#\\\/schema\\\/logo\\\/image\\\/\",\"url\":\"https:\\\/\\\/www.skolamichael.cz\\\/wp-content\\\/uploads\\\/2019\\\/03\\\/logo_michael_final_ctverec1-1.jpg\",\"contentUrl\":\"https:\\\/\\\/www.skolamichael.cz\\\/wp-content\\\/uploads\\\/2019\\\/03\\\/logo_michael_final_ctverec1-1.jpg\",\"width\":400,\"height\":400,\"caption\":\"Michael \u2013 St\u0159edn\u00ed \u0161kola, Gymn\u00e1zium a Vy\u0161\u0161\u00ed odborn\u00e1 \u0161kola, s.r.o.\"},\"image\":{\"@id\":\"https:\\\/\\\/www.skolamichael.cz\\\/cs\\\/#\\\/schema\\\/logo\\\/image\\\/\"},\"sameAs\":[\"http:\\\/\\\/www.facebook.com\\\/skolamichael\",\"https:\\\/\\\/www.instagram.com\\\/skola_michael\\\/\"]},{\"@type\":\"Person\",\"@id\":\"https:\\\/\\\/www.skolamichael.cz\\\/cs\\\/#\\\/schema\\\/person\\\/acb2963423a0c9f9b71a4506a3efef86\",\"name\":\"kupcovag\",\"image\":{\"@type\":\"ImageObject\",\"inLanguage\":\"cs\",\"@id\":\"https:\\\/\\\/secure.gravatar.com\\\/avatar\\\/e8871ba9f250c74c99b6b76542472c0eb713772447510357521f43d497c6bc1e?s=96&d=mm&r=g\",\"url\":\"https:\\\/\\\/secure.gravatar.com\\\/avatar\\\/e8871ba9f250c74c99b6b76542472c0eb713772447510357521f43d497c6bc1e?s=96&d=mm&r=g\",\"contentUrl\":\"https:\\\/\\\/secure.gravatar.com\\\/avatar\\\/e8871ba9f250c74c99b6b76542472c0eb713772447510357521f43d497c6bc1e?s=96&d=mm&r=g\",\"caption\":\"kupcovag\"},\"url\":\"https:\\\/\\\/www.skolamichael.cz\\\/cs\\\/author\\\/kupcovag\\\/\"}]}<\/script>\n<!-- \/ Yoast SEO plugin. -->","yoast_head_json":{"title":"Pozv\u00e1nka na v\u00fdstavu absolventsk\u00fdch prac\u00ed \u201eNAOSTRO\u201c | MICHAEL","robots":{"index":"index","follow":"follow","max-snippet":"max-snippet:-1","max-image-preview":"max-image-preview:large","max-video-preview":"max-video-preview:-1"},"canonical":"https:\/\/www.skolamichael.cz\/cs\/aktualne\/akce\/pozvanka-na-vystavu-absolventskych-praci-naostro\/","og_locale":"cs_CZ","og_type":"article","og_title":"Pozv\u00e1nka na v\u00fdstavu absolventsk\u00fdch prac\u00ed \u201eNAOSTRO\u201c | MICHAEL","og_description":"P\u0159ijm\u011bte na\u0161e srde\u010dn\u00e9 pozv\u00e1n\u00ed na vernis\u00e1\u017e v\u00fdstavy absolventsk\u00fdch prac\u00ed student\u016f Vy\u0161\u0161\u00ed odborn\u00e9 \u0161koly Akademie Michael. V\u00fdstava s n\u00e1zvem\u00a0NAOSTRO se bude konat v galerii kouzeln\u00e9 barokn\u00ed Vrtbovsk\u00e9 zahrady. \u00a0Datum kon\u00e1n\u00ed vernis\u00e1\u017ee: 6. 6. 2023 v 16 hodin Adresa: Karmelitsk\u00e1 25, Praha 1 &#8211; Mal\u00e1 Strana Samotn\u00e1 v\u00fdstava bude k vid\u011bn\u00ed po cel\u00fd m\u011bs\u00edc \u010derven. Vystaveny budou [&hellip;]","og_url":"https:\/\/www.skolamichael.cz\/cs\/aktualne\/akce\/pozvanka-na-vystavu-absolventskych-praci-naostro\/","og_site_name":"MICHAEL","article_publisher":"http:\/\/www.facebook.com\/skolamichael","article_published_time":"2023-05-31T21:09:45+00:00","article_modified_time":"2023-06-06T07:30:23+00:00","og_image":[{"width":642,"height":568,"url":"https:\/\/www.skolamichael.cz\/wp-content\/uploads\/2023\/05\/stazeny-soubor-1.png","type":"image\/png"}],"author":"kupcovag","twitter_card":"summary_large_image","twitter_misc":{"Napsal(a)":"kupcovag","Odhadovan\u00e1 doba \u010dten\u00ed":"1 minuta"},"schema":{"@context":"https:\/\/schema.org","@graph":[{"@type":"Article","@id":"https:\/\/www.skolamichael.cz\/cs\/aktualne\/akce\/pozvanka-na-vystavu-absolventskych-praci-naostro\/#article","isPartOf":{"@id":"https:\/\/www.skolamichael.cz\/cs\/aktualne\/akce\/pozvanka-na-vystavu-absolventskych-praci-naostro\/"},"author":{"name":"kupcovag","@id":"https:\/\/www.skolamichael.cz\/cs\/#\/schema\/person\/acb2963423a0c9f9b71a4506a3efef86"},"headline":"Pozv\u00e1nka na v\u00fdstavu absolventsk\u00fdch prac\u00ed \u201eNAOSTRO\u201c","datePublished":"2023-05-31T21:09:45+00:00","dateModified":"2023-06-06T07:30:23+00:00","mainEntityOfPage":{"@id":"https:\/\/www.skolamichael.cz\/cs\/aktualne\/akce\/pozvanka-na-vystavu-absolventskych-praci-naostro\/"},"wordCount":293,"publisher":{"@id":"https:\/\/www.skolamichael.cz\/cs\/#organization"},"image":{"@id":"https:\/\/www.skolamichael.cz\/cs\/aktualne\/akce\/pozvanka-na-vystavu-absolventskych-praci-naostro\/#primaryimage"},"thumbnailUrl":"https:\/\/www.skolamichael.cz\/wp-content\/uploads\/2023\/05\/stazeny-soubor-1.png","articleSection":["Akce"],"inLanguage":"cs"},{"@type":"WebPage","@id":"https:\/\/www.skolamichael.cz\/cs\/aktualne\/akce\/pozvanka-na-vystavu-absolventskych-praci-naostro\/","url":"https:\/\/www.skolamichael.cz\/cs\/aktualne\/akce\/pozvanka-na-vystavu-absolventskych-praci-naostro\/","name":"Pozv\u00e1nka na v\u00fdstavu absolventsk\u00fdch prac\u00ed \u201eNAOSTRO\u201c | MICHAEL","isPartOf":{"@id":"https:\/\/www.skolamichael.cz\/cs\/#website"},"primaryImageOfPage":{"@id":"https:\/\/www.skolamichael.cz\/cs\/aktualne\/akce\/pozvanka-na-vystavu-absolventskych-praci-naostro\/#primaryimage"},"image":{"@id":"https:\/\/www.skolamichael.cz\/cs\/aktualne\/akce\/pozvanka-na-vystavu-absolventskych-praci-naostro\/#primaryimage"},"thumbnailUrl":"https:\/\/www.skolamichael.cz\/wp-content\/uploads\/2023\/05\/stazeny-soubor-1.png","datePublished":"2023-05-31T21:09:45+00:00","dateModified":"2023-06-06T07:30:23+00:00","breadcrumb":{"@id":"https:\/\/www.skolamichael.cz\/cs\/aktualne\/akce\/pozvanka-na-vystavu-absolventskych-praci-naostro\/#breadcrumb"},"inLanguage":"cs","potentialAction":[{"@type":"ReadAction","target":["https:\/\/www.skolamichael.cz\/cs\/aktualne\/akce\/pozvanka-na-vystavu-absolventskych-praci-naostro\/"]}]},{"@type":"ImageObject","inLanguage":"cs","@id":"https:\/\/www.skolamichael.cz\/cs\/aktualne\/akce\/pozvanka-na-vystavu-absolventskych-praci-naostro\/#primaryimage","url":"https:\/\/www.skolamichael.cz\/wp-content\/uploads\/2023\/05\/stazeny-soubor-1.png","contentUrl":"https:\/\/www.skolamichael.cz\/wp-content\/uploads\/2023\/05\/stazeny-soubor-1.png","width":642,"height":568},{"@type":"BreadcrumbList","@id":"https:\/\/www.skolamichael.cz\/cs\/aktualne\/akce\/pozvanka-na-vystavu-absolventskych-praci-naostro\/#breadcrumb","itemListElement":[{"@type":"ListItem","position":1,"name":"Dom\u016f","item":"https:\/\/www.skolamichael.cz\/cs\/"},{"@type":"ListItem","position":2,"name":"Pozv\u00e1nka na v\u00fdstavu absolventsk\u00fdch prac\u00ed \u201eNAOSTRO\u201c"}]},{"@type":"WebSite","@id":"https:\/\/www.skolamichael.cz\/cs\/#website","url":"https:\/\/www.skolamichael.cz\/cs\/","name":"MICHAEL","description":"St\u0159edn\u00ed \u0161kola, Gymn\u00e1zium a Vy\u0161\u0161\u00ed odborn\u00e1 \u0161kola","publisher":{"@id":"https:\/\/www.skolamichael.cz\/cs\/#organization"},"alternateName":"St\u0159edn\u00ed \u0161kola, Gymn\u00e1zium a Vy\u0161\u0161\u00ed odborn\u00e1 \u0161kola","potentialAction":[{"@type":"SearchAction","target":{"@type":"EntryPoint","urlTemplate":"https:\/\/www.skolamichael.cz\/cs\/?s={search_term_string}"},"query-input":{"@type":"PropertyValueSpecification","valueRequired":true,"valueName":"search_term_string"}}],"inLanguage":"cs"},{"@type":"Organization","@id":"https:\/\/www.skolamichael.cz\/cs\/#organization","name":"Michael \u2013 St\u0159edn\u00ed \u0161kola, Gymn\u00e1zium a Vy\u0161\u0161\u00ed odborn\u00e1 \u0161kola, s.r.o.","url":"https:\/\/www.skolamichael.cz\/cs\/","logo":{"@type":"ImageObject","inLanguage":"cs","@id":"https:\/\/www.skolamichael.cz\/cs\/#\/schema\/logo\/image\/","url":"https:\/\/www.skolamichael.cz\/wp-content\/uploads\/2019\/03\/logo_michael_final_ctverec1-1.jpg","contentUrl":"https:\/\/www.skolamichael.cz\/wp-content\/uploads\/2019\/03\/logo_michael_final_ctverec1-1.jpg","width":400,"height":400,"caption":"Michael \u2013 St\u0159edn\u00ed \u0161kola, Gymn\u00e1zium a Vy\u0161\u0161\u00ed odborn\u00e1 \u0161kola, s.r.o."},"image":{"@id":"https:\/\/www.skolamichael.cz\/cs\/#\/schema\/logo\/image\/"},"sameAs":["http:\/\/www.facebook.com\/skolamichael","https:\/\/www.instagram.com\/skola_michael\/"]},{"@type":"Person","@id":"https:\/\/www.skolamichael.cz\/cs\/#\/schema\/person\/acb2963423a0c9f9b71a4506a3efef86","name":"kupcovag","image":{"@type":"ImageObject","inLanguage":"cs","@id":"https:\/\/secure.gravatar.com\/avatar\/e8871ba9f250c74c99b6b76542472c0eb713772447510357521f43d497c6bc1e?s=96&d=mm&r=g","url":"https:\/\/secure.gravatar.com\/avatar\/e8871ba9f250c74c99b6b76542472c0eb713772447510357521f43d497c6bc1e?s=96&d=mm&r=g","contentUrl":"https:\/\/secure.gravatar.com\/avatar\/e8871ba9f250c74c99b6b76542472c0eb713772447510357521f43d497c6bc1e?s=96&d=mm&r=g","caption":"kupcovag"},"url":"https:\/\/www.skolamichael.cz\/cs\/author\/kupcovag\/"}]}},"_links":{"self":[{"href":"https:\/\/www.skolamichael.cz\/cs\/wp-json\/wp\/v2\/posts\/11270","targetHints":{"allow":["GET"]}}],"collection":[{"href":"https:\/\/www.skolamichael.cz\/cs\/wp-json\/wp\/v2\/posts"}],"about":[{"href":"https:\/\/www.skolamichael.cz\/cs\/wp-json\/wp\/v2\/types\/post"}],"author":[{"embeddable":true,"href":"https:\/\/www.skolamichael.cz\/cs\/wp-json\/wp\/v2\/users\/14"}],"replies":[{"embeddable":true,"href":"https:\/\/www.skolamichael.cz\/cs\/wp-json\/wp\/v2\/comments?post=11270"}],"version-history":[{"count":3,"href":"https:\/\/www.skolamichael.cz\/cs\/wp-json\/wp\/v2\/posts\/11270\/revisions"}],"predecessor-version":[{"id":11295,"href":"https:\/\/www.skolamichael.cz\/cs\/wp-json\/wp\/v2\/posts\/11270\/revisions\/11295"}],"wp:featuredmedia":[{"embeddable":true,"href":"https:\/\/www.skolamichael.cz\/cs\/wp-json\/wp\/v2\/media\/11283"}],"wp:attachment":[{"href":"https:\/\/www.skolamichael.cz\/cs\/wp-json\/wp\/v2\/media?parent=11270"}],"wp:term":[{"taxonomy":"category","embeddable":true,"href":"https:\/\/www.skolamichael.cz\/cs\/wp-json\/wp\/v2\/categories?post=11270"},{"taxonomy":"post_tag","embeddable":true,"href":"https:\/\/www.skolamichael.cz\/cs\/wp-json\/wp\/v2\/tags?post=11270"}],"curies":[{"name":"wp","href":"https:\/\/api.w.org\/{rel}","templated":true}]}}