{"id":11950,"date":"2023-09-08T10:28:42","date_gmt":"2023-09-08T08:28:42","guid":{"rendered":"https:\/\/www.skolamichael.cz\/?p=11950"},"modified":"2023-09-11T11:23:00","modified_gmt":"2023-09-11T09:23:00","slug":"ctvrtaci-vyrazili-za-umenim-do-invalidovny","status":"publish","type":"post","link":"https:\/\/www.skolamichael.cz\/cs\/aktualne\/ctvrtaci-vyrazili-za-umenim-do-invalidovny\/","title":{"rendered":"\u010ctvr\u0165\u00e1ci vyrazili za um\u011bn\u00edm do Invalidovny"},"content":{"rendered":"<p>Studenti 4.F a 4. Fi nav\u0161t\u00edvili p\u0159ehl\u00eddku Art Index Pop up, kterou po\u0159\u00e1dala banka J&amp;T v karl\u00ednsk\u00e9 Invalidovn\u011b. Bylo zde vystaveno 150 d\u011bl sou\u010dasn\u00fdch \u010desk\u00fdch um\u011blc\u016f narozen\u00fdch po roce 1960, kte\u0159\u00ed jsou v prvn\u00ed pades\u00e1tce tzv. Art Indexu a jsou absolutn\u00ed \u0161pi\u010dkou na tuzemsk\u00e9 um\u011bleck\u00e9 sc\u00e9n\u011b. Zohled\u0148uje se jejich \u00fa\u010dast na zahrani\u010dn\u00edch v\u00fdstav\u00e1ch, ocen\u011bn\u00ed nebo realizace ve ve\u0159ejn\u00e9m prostoru.<br \/>\nPro studenty maturitn\u00edch t\u0159\u00edd, kte\u0159\u00ed vstoup\u00ed na za\u010d\u00e1tku \u0161koln\u00edho roku v DVK do oblasti modern\u00edho um\u011bn\u00ed, byla tato v\u00fdstava z\u00e1\u017eitkem, ale i velk\u00fdm otazn\u00edkem nad \u00falohou um\u011bn\u00ed v sou\u010dasn\u00e9m sv\u011bt\u011b. Jist\u011b budou m\u00edt spoustu p\u0159\u00edle\u017eitost\u00ed sv\u00e9 post\u0159ehy, n\u00e1zory i ot\u00e1zky probrat se sv\u00fdmi vyu\u010duj\u00edc\u00edmi.<\/p>\n<div id='gallery-1' class='gallery galleryid-11950 gallery-columns-3 gallery-size-large'><figure class='gallery-item'>\n\t\t\t<div class='gallery-icon landscape'>\n\t\t\t\t<img loading=\"lazy\" decoding=\"async\" width=\"640\" height=\"508\" src=\"https:\/\/www.skolamichael.cz\/wp-content\/uploads\/2023\/09\/Invalidovna-5-scaled-1024x813.jpeg\" class=\"attachment-large size-large\" alt=\"\" srcset=\"https:\/\/www.skolamichael.cz\/wp-content\/uploads\/2023\/09\/Invalidovna-5-scaled-1024x813.jpeg 1024w, https:\/\/www.skolamichael.cz\/wp-content\/uploads\/2023\/09\/Invalidovna-5-scaled-300x238.jpeg 300w, https:\/\/www.skolamichael.cz\/wp-content\/uploads\/2023\/09\/Invalidovna-5-scaled.jpeg 1360w\" sizes=\"auto, (max-width: 640px) 100vw, 640px\" \/>\n\t\t\t<\/div><\/figure><figure class='gallery-item'>\n\t\t\t<div class='gallery-icon portrait'>\n\t\t\t\t<img loading=\"lazy\" decoding=\"async\" width=\"640\" height=\"853\" src=\"https:\/\/www.skolamichael.cz\/wp-content\/uploads\/2023\/09\/Invalidovna-4-scaled-e1694360356512-768x1024.jpeg\" class=\"attachment-large size-large\" alt=\"\" srcset=\"https:\/\/www.skolamichael.cz\/wp-content\/uploads\/2023\/09\/Invalidovna-4-scaled-e1694360356512-768x1024.jpeg 768w, https:\/\/www.skolamichael.cz\/wp-content\/uploads\/2023\/09\/Invalidovna-4-scaled-e1694360356512-225x300.jpeg 225w, https:\/\/www.skolamichael.cz\/wp-content\/uploads\/2023\/09\/Invalidovna-4-scaled-e1694360356512.jpeg 1080w\" sizes=\"auto, (max-width: 640px) 100vw, 640px\" \/>\n\t\t\t<\/div><\/figure><figure class='gallery-item'>\n\t\t\t<div class='gallery-icon portrait'>\n\t\t\t\t<img loading=\"lazy\" decoding=\"async\" width=\"640\" height=\"853\" src=\"https:\/\/www.skolamichael.cz\/wp-content\/uploads\/2023\/09\/invalidovna-3-scaled-e1694360340352-768x1024.jpeg\" class=\"attachment-large size-large\" alt=\"\" srcset=\"https:\/\/www.skolamichael.cz\/wp-content\/uploads\/2023\/09\/invalidovna-3-scaled-e1694360340352-768x1024.jpeg 768w, https:\/\/www.skolamichael.cz\/wp-content\/uploads\/2023\/09\/invalidovna-3-scaled-e1694360340352-225x300.jpeg 225w, https:\/\/www.skolamichael.cz\/wp-content\/uploads\/2023\/09\/invalidovna-3-scaled-e1694360340352.jpeg 1080w\" sizes=\"auto, (max-width: 640px) 100vw, 640px\" \/>\n\t\t\t<\/div><\/figure><figure class='gallery-item'>\n\t\t\t<div class='gallery-icon portrait'>\n\t\t\t\t<img loading=\"lazy\" decoding=\"async\" width=\"640\" height=\"717\" src=\"https:\/\/www.skolamichael.cz\/wp-content\/uploads\/2023\/09\/invalidovna-2-scaled-914x1024.jpeg\" class=\"attachment-large size-large\" alt=\"\" srcset=\"https:\/\/www.skolamichael.cz\/wp-content\/uploads\/2023\/09\/invalidovna-2-scaled-914x1024.jpeg 914w, https:\/\/www.skolamichael.cz\/wp-content\/uploads\/2023\/09\/invalidovna-2-scaled-268x300.jpeg 268w, https:\/\/www.skolamichael.cz\/wp-content\/uploads\/2023\/09\/invalidovna-2-scaled.jpeg 964w\" sizes=\"auto, (max-width: 640px) 100vw, 640px\" \/>\n\t\t\t<\/div><\/figure>\n\t\t<\/div>\n\n<p>&nbsp;<\/p>\n<p>&nbsp;<\/p>\n","protected":false},"excerpt":{"rendered":"<p>Studenti 4.F a 4. Fi nav\u0161t\u00edvili p\u0159ehl\u00eddku Art Index Pop up, kterou po\u0159\u00e1dala banka J&amp;T v karl\u00ednsk\u00e9 Invalidovn\u011b. Bylo zde vystaveno 150 d\u011bl sou\u010dasn\u00fdch \u010desk\u00fdch um\u011blc\u016f narozen\u00fdch po roce 1960, kte\u0159\u00ed jsou v prvn\u00ed pades\u00e1tce tzv. Art Indexu a jsou absolutn\u00ed \u0161pi\u010dkou na tuzemsk\u00e9 um\u011bleck\u00e9 sc\u00e9n\u011b. Zohled\u0148uje se jejich \u00fa\u010dast na zahrani\u010dn\u00edch v\u00fdstav\u00e1ch, ocen\u011bn\u00ed nebo [&hellip;]<\/p>\n","protected":false},"author":13,"featured_media":11954,"comment_status":"closed","ping_status":"open","sticky":false,"template":"","format":"standard","meta":{"_acf_changed":false,"footnotes":""},"categories":[3],"tags":[],"class_list":["post-11950","post","type-post","status-publish","format-standard","has-post-thumbnail","hentry","category-aktualne"],"acf":[],"yoast_head":"<!-- This site is optimized with the Yoast SEO plugin v27.4 - https:\/\/yoast.com\/product\/yoast-seo-wordpress\/ -->\n<title>\u010ctvr\u0165\u00e1ci vyrazili za um\u011bn\u00edm do Invalidovny | MICHAEL<\/title>\n<meta name=\"robots\" content=\"index, follow, max-snippet:-1, max-image-preview:large, max-video-preview:-1\" \/>\n<link rel=\"canonical\" href=\"https:\/\/www.skolamichael.cz\/cs\/aktualne\/ctvrtaci-vyrazili-za-umenim-do-invalidovny\/\" \/>\n<meta property=\"og:locale\" content=\"cs_CZ\" \/>\n<meta property=\"og:type\" content=\"article\" \/>\n<meta property=\"og:title\" content=\"\u010ctvr\u0165\u00e1ci vyrazili za um\u011bn\u00edm do Invalidovny | MICHAEL\" \/>\n<meta property=\"og:description\" content=\"Studenti 4.F a 4. Fi nav\u0161t\u00edvili p\u0159ehl\u00eddku Art Index Pop up, kterou po\u0159\u00e1dala banka J&amp;T v karl\u00ednsk\u00e9 Invalidovn\u011b. Bylo zde vystaveno 150 d\u011bl sou\u010dasn\u00fdch \u010desk\u00fdch um\u011blc\u016f narozen\u00fdch po roce 1960, kte\u0159\u00ed jsou v prvn\u00ed pades\u00e1tce tzv. Art Indexu a jsou absolutn\u00ed \u0161pi\u010dkou na tuzemsk\u00e9 um\u011bleck\u00e9 sc\u00e9n\u011b. Zohled\u0148uje se jejich \u00fa\u010dast na zahrani\u010dn\u00edch v\u00fdstav\u00e1ch, ocen\u011bn\u00ed nebo [&hellip;]\" \/>\n<meta property=\"og:url\" content=\"https:\/\/www.skolamichael.cz\/cs\/aktualne\/ctvrtaci-vyrazili-za-umenim-do-invalidovny\/\" \/>\n<meta property=\"og:site_name\" content=\"MICHAEL\" \/>\n<meta property=\"article:publisher\" content=\"http:\/\/www.facebook.com\/skolamichael\" \/>\n<meta property=\"article:published_time\" content=\"2023-09-08T08:28:42+00:00\" \/>\n<meta property=\"article:modified_time\" content=\"2023-09-11T09:23:00+00:00\" \/>\n<meta property=\"og:image\" content=\"https:\/\/www.skolamichael.cz\/wp-content\/uploads\/2023\/09\/Invalidovna-1-scaled.jpeg\" \/>\n\t<meta property=\"og:image:width\" content=\"1080\" \/>\n\t<meta property=\"og:image:height\" content=\"1080\" \/>\n\t<meta property=\"og:image:type\" content=\"image\/jpeg\" \/>\n<meta name=\"author\" content=\"husakovap\" \/>\n<meta name=\"twitter:card\" content=\"summary_large_image\" \/>\n<meta name=\"twitter:label1\" content=\"Napsal(a)\" \/>\n\t<meta name=\"twitter:data1\" content=\"husakovap\" \/>\n\t<meta name=\"twitter:label2\" content=\"Odhadovan\u00e1 doba \u010dten\u00ed\" \/>\n\t<meta name=\"twitter:data2\" content=\"1 minuta\" \/>\n<script type=\"application\/ld+json\" class=\"yoast-schema-graph\">{\"@context\":\"https:\\\/\\\/schema.org\",\"@graph\":[{\"@type\":\"Article\",\"@id\":\"https:\\\/\\\/www.skolamichael.cz\\\/cs\\\/aktualne\\\/ctvrtaci-vyrazili-za-umenim-do-invalidovny\\\/#article\",\"isPartOf\":{\"@id\":\"https:\\\/\\\/www.skolamichael.cz\\\/cs\\\/aktualne\\\/ctvrtaci-vyrazili-za-umenim-do-invalidovny\\\/\"},\"author\":{\"name\":\"husakovap\",\"@id\":\"https:\\\/\\\/www.skolamichael.cz\\\/cs\\\/#\\\/schema\\\/person\\\/47eda6cff13f371e458dfab9c27d0d8c\"},\"headline\":\"\u010ctvr\u0165\u00e1ci vyrazili za um\u011bn\u00edm do Invalidovny\",\"datePublished\":\"2023-09-08T08:28:42+00:00\",\"dateModified\":\"2023-09-11T09:23:00+00:00\",\"mainEntityOfPage\":{\"@id\":\"https:\\\/\\\/www.skolamichael.cz\\\/cs\\\/aktualne\\\/ctvrtaci-vyrazili-za-umenim-do-invalidovny\\\/\"},\"wordCount\":167,\"publisher\":{\"@id\":\"https:\\\/\\\/www.skolamichael.cz\\\/cs\\\/#organization\"},\"image\":{\"@id\":\"https:\\\/\\\/www.skolamichael.cz\\\/cs\\\/aktualne\\\/ctvrtaci-vyrazili-za-umenim-do-invalidovny\\\/#primaryimage\"},\"thumbnailUrl\":\"https:\\\/\\\/www.skolamichael.cz\\\/wp-content\\\/uploads\\\/2023\\\/09\\\/Invalidovna-1-scaled.jpeg\",\"articleSection\":[\"Aktuality\"],\"inLanguage\":\"cs\"},{\"@type\":\"WebPage\",\"@id\":\"https:\\\/\\\/www.skolamichael.cz\\\/cs\\\/aktualne\\\/ctvrtaci-vyrazili-za-umenim-do-invalidovny\\\/\",\"url\":\"https:\\\/\\\/www.skolamichael.cz\\\/cs\\\/aktualne\\\/ctvrtaci-vyrazili-za-umenim-do-invalidovny\\\/\",\"name\":\"\u010ctvr\u0165\u00e1ci vyrazili za um\u011bn\u00edm do Invalidovny | MICHAEL\",\"isPartOf\":{\"@id\":\"https:\\\/\\\/www.skolamichael.cz\\\/cs\\\/#website\"},\"primaryImageOfPage\":{\"@id\":\"https:\\\/\\\/www.skolamichael.cz\\\/cs\\\/aktualne\\\/ctvrtaci-vyrazili-za-umenim-do-invalidovny\\\/#primaryimage\"},\"image\":{\"@id\":\"https:\\\/\\\/www.skolamichael.cz\\\/cs\\\/aktualne\\\/ctvrtaci-vyrazili-za-umenim-do-invalidovny\\\/#primaryimage\"},\"thumbnailUrl\":\"https:\\\/\\\/www.skolamichael.cz\\\/wp-content\\\/uploads\\\/2023\\\/09\\\/Invalidovna-1-scaled.jpeg\",\"datePublished\":\"2023-09-08T08:28:42+00:00\",\"dateModified\":\"2023-09-11T09:23:00+00:00\",\"breadcrumb\":{\"@id\":\"https:\\\/\\\/www.skolamichael.cz\\\/cs\\\/aktualne\\\/ctvrtaci-vyrazili-za-umenim-do-invalidovny\\\/#breadcrumb\"},\"inLanguage\":\"cs\",\"potentialAction\":[{\"@type\":\"ReadAction\",\"target\":[\"https:\\\/\\\/www.skolamichael.cz\\\/cs\\\/aktualne\\\/ctvrtaci-vyrazili-za-umenim-do-invalidovny\\\/\"]}]},{\"@type\":\"ImageObject\",\"inLanguage\":\"cs\",\"@id\":\"https:\\\/\\\/www.skolamichael.cz\\\/cs\\\/aktualne\\\/ctvrtaci-vyrazili-za-umenim-do-invalidovny\\\/#primaryimage\",\"url\":\"https:\\\/\\\/www.skolamichael.cz\\\/wp-content\\\/uploads\\\/2023\\\/09\\\/Invalidovna-1-scaled.jpeg\",\"contentUrl\":\"https:\\\/\\\/www.skolamichael.cz\\\/wp-content\\\/uploads\\\/2023\\\/09\\\/Invalidovna-1-scaled.jpeg\",\"width\":1080,\"height\":1080},{\"@type\":\"BreadcrumbList\",\"@id\":\"https:\\\/\\\/www.skolamichael.cz\\\/cs\\\/aktualne\\\/ctvrtaci-vyrazili-za-umenim-do-invalidovny\\\/#breadcrumb\",\"itemListElement\":[{\"@type\":\"ListItem\",\"position\":1,\"name\":\"Dom\u016f\",\"item\":\"https:\\\/\\\/www.skolamichael.cz\\\/cs\\\/\"},{\"@type\":\"ListItem\",\"position\":2,\"name\":\"\u010ctvr\u0165\u00e1ci vyrazili za um\u011bn\u00edm do Invalidovny\"}]},{\"@type\":\"WebSite\",\"@id\":\"https:\\\/\\\/www.skolamichael.cz\\\/cs\\\/#website\",\"url\":\"https:\\\/\\\/www.skolamichael.cz\\\/cs\\\/\",\"name\":\"MICHAEL\",\"description\":\"St\u0159edn\u00ed \u0161kola, Gymn\u00e1zium a Vy\u0161\u0161\u00ed odborn\u00e1 \u0161kola\",\"publisher\":{\"@id\":\"https:\\\/\\\/www.skolamichael.cz\\\/cs\\\/#organization\"},\"alternateName\":\"St\u0159edn\u00ed \u0161kola, Gymn\u00e1zium a Vy\u0161\u0161\u00ed odborn\u00e1 \u0161kola\",\"potentialAction\":[{\"@type\":\"SearchAction\",\"target\":{\"@type\":\"EntryPoint\",\"urlTemplate\":\"https:\\\/\\\/www.skolamichael.cz\\\/cs\\\/?s={search_term_string}\"},\"query-input\":{\"@type\":\"PropertyValueSpecification\",\"valueRequired\":true,\"valueName\":\"search_term_string\"}}],\"inLanguage\":\"cs\"},{\"@type\":\"Organization\",\"@id\":\"https:\\\/\\\/www.skolamichael.cz\\\/cs\\\/#organization\",\"name\":\"Michael \u2013 St\u0159edn\u00ed \u0161kola, Gymn\u00e1zium a Vy\u0161\u0161\u00ed odborn\u00e1 \u0161kola, s.r.o.\",\"url\":\"https:\\\/\\\/www.skolamichael.cz\\\/cs\\\/\",\"logo\":{\"@type\":\"ImageObject\",\"inLanguage\":\"cs\",\"@id\":\"https:\\\/\\\/www.skolamichael.cz\\\/cs\\\/#\\\/schema\\\/logo\\\/image\\\/\",\"url\":\"https:\\\/\\\/www.skolamichael.cz\\\/wp-content\\\/uploads\\\/2019\\\/03\\\/logo_michael_final_ctverec1-1.jpg\",\"contentUrl\":\"https:\\\/\\\/www.skolamichael.cz\\\/wp-content\\\/uploads\\\/2019\\\/03\\\/logo_michael_final_ctverec1-1.jpg\",\"width\":400,\"height\":400,\"caption\":\"Michael \u2013 St\u0159edn\u00ed \u0161kola, Gymn\u00e1zium a Vy\u0161\u0161\u00ed odborn\u00e1 \u0161kola, s.r.o.\"},\"image\":{\"@id\":\"https:\\\/\\\/www.skolamichael.cz\\\/cs\\\/#\\\/schema\\\/logo\\\/image\\\/\"},\"sameAs\":[\"http:\\\/\\\/www.facebook.com\\\/skolamichael\",\"https:\\\/\\\/www.instagram.com\\\/skola_michael\\\/\"]},{\"@type\":\"Person\",\"@id\":\"https:\\\/\\\/www.skolamichael.cz\\\/cs\\\/#\\\/schema\\\/person\\\/47eda6cff13f371e458dfab9c27d0d8c\",\"name\":\"husakovap\",\"image\":{\"@type\":\"ImageObject\",\"inLanguage\":\"cs\",\"@id\":\"https:\\\/\\\/secure.gravatar.com\\\/avatar\\\/3e072c7efcad50f75482be43d9cf720bd0ba9540d069d8c857973c074a38c9f6?s=96&d=mm&r=g\",\"url\":\"https:\\\/\\\/secure.gravatar.com\\\/avatar\\\/3e072c7efcad50f75482be43d9cf720bd0ba9540d069d8c857973c074a38c9f6?s=96&d=mm&r=g\",\"contentUrl\":\"https:\\\/\\\/secure.gravatar.com\\\/avatar\\\/3e072c7efcad50f75482be43d9cf720bd0ba9540d069d8c857973c074a38c9f6?s=96&d=mm&r=g\",\"caption\":\"husakovap\"},\"url\":\"https:\\\/\\\/www.skolamichael.cz\\\/cs\\\/author\\\/husakovap\\\/\"}]}<\/script>\n<!-- \/ Yoast SEO plugin. -->","yoast_head_json":{"title":"\u010ctvr\u0165\u00e1ci vyrazili za um\u011bn\u00edm do Invalidovny | MICHAEL","robots":{"index":"index","follow":"follow","max-snippet":"max-snippet:-1","max-image-preview":"max-image-preview:large","max-video-preview":"max-video-preview:-1"},"canonical":"https:\/\/www.skolamichael.cz\/cs\/aktualne\/ctvrtaci-vyrazili-za-umenim-do-invalidovny\/","og_locale":"cs_CZ","og_type":"article","og_title":"\u010ctvr\u0165\u00e1ci vyrazili za um\u011bn\u00edm do Invalidovny | MICHAEL","og_description":"Studenti 4.F a 4. Fi nav\u0161t\u00edvili p\u0159ehl\u00eddku Art Index Pop up, kterou po\u0159\u00e1dala banka J&amp;T v karl\u00ednsk\u00e9 Invalidovn\u011b. Bylo zde vystaveno 150 d\u011bl sou\u010dasn\u00fdch \u010desk\u00fdch um\u011blc\u016f narozen\u00fdch po roce 1960, kte\u0159\u00ed jsou v prvn\u00ed pades\u00e1tce tzv. Art Indexu a jsou absolutn\u00ed \u0161pi\u010dkou na tuzemsk\u00e9 um\u011bleck\u00e9 sc\u00e9n\u011b. Zohled\u0148uje se jejich \u00fa\u010dast na zahrani\u010dn\u00edch v\u00fdstav\u00e1ch, ocen\u011bn\u00ed nebo [&hellip;]","og_url":"https:\/\/www.skolamichael.cz\/cs\/aktualne\/ctvrtaci-vyrazili-za-umenim-do-invalidovny\/","og_site_name":"MICHAEL","article_publisher":"http:\/\/www.facebook.com\/skolamichael","article_published_time":"2023-09-08T08:28:42+00:00","article_modified_time":"2023-09-11T09:23:00+00:00","og_image":[{"width":1080,"height":1080,"url":"https:\/\/www.skolamichael.cz\/wp-content\/uploads\/2023\/09\/Invalidovna-1-scaled.jpeg","type":"image\/jpeg"}],"author":"husakovap","twitter_card":"summary_large_image","twitter_misc":{"Napsal(a)":"husakovap","Odhadovan\u00e1 doba \u010dten\u00ed":"1 minuta"},"schema":{"@context":"https:\/\/schema.org","@graph":[{"@type":"Article","@id":"https:\/\/www.skolamichael.cz\/cs\/aktualne\/ctvrtaci-vyrazili-za-umenim-do-invalidovny\/#article","isPartOf":{"@id":"https:\/\/www.skolamichael.cz\/cs\/aktualne\/ctvrtaci-vyrazili-za-umenim-do-invalidovny\/"},"author":{"name":"husakovap","@id":"https:\/\/www.skolamichael.cz\/cs\/#\/schema\/person\/47eda6cff13f371e458dfab9c27d0d8c"},"headline":"\u010ctvr\u0165\u00e1ci vyrazili za um\u011bn\u00edm do Invalidovny","datePublished":"2023-09-08T08:28:42+00:00","dateModified":"2023-09-11T09:23:00+00:00","mainEntityOfPage":{"@id":"https:\/\/www.skolamichael.cz\/cs\/aktualne\/ctvrtaci-vyrazili-za-umenim-do-invalidovny\/"},"wordCount":167,"publisher":{"@id":"https:\/\/www.skolamichael.cz\/cs\/#organization"},"image":{"@id":"https:\/\/www.skolamichael.cz\/cs\/aktualne\/ctvrtaci-vyrazili-za-umenim-do-invalidovny\/#primaryimage"},"thumbnailUrl":"https:\/\/www.skolamichael.cz\/wp-content\/uploads\/2023\/09\/Invalidovna-1-scaled.jpeg","articleSection":["Aktuality"],"inLanguage":"cs"},{"@type":"WebPage","@id":"https:\/\/www.skolamichael.cz\/cs\/aktualne\/ctvrtaci-vyrazili-za-umenim-do-invalidovny\/","url":"https:\/\/www.skolamichael.cz\/cs\/aktualne\/ctvrtaci-vyrazili-za-umenim-do-invalidovny\/","name":"\u010ctvr\u0165\u00e1ci vyrazili za um\u011bn\u00edm do Invalidovny | MICHAEL","isPartOf":{"@id":"https:\/\/www.skolamichael.cz\/cs\/#website"},"primaryImageOfPage":{"@id":"https:\/\/www.skolamichael.cz\/cs\/aktualne\/ctvrtaci-vyrazili-za-umenim-do-invalidovny\/#primaryimage"},"image":{"@id":"https:\/\/www.skolamichael.cz\/cs\/aktualne\/ctvrtaci-vyrazili-za-umenim-do-invalidovny\/#primaryimage"},"thumbnailUrl":"https:\/\/www.skolamichael.cz\/wp-content\/uploads\/2023\/09\/Invalidovna-1-scaled.jpeg","datePublished":"2023-09-08T08:28:42+00:00","dateModified":"2023-09-11T09:23:00+00:00","breadcrumb":{"@id":"https:\/\/www.skolamichael.cz\/cs\/aktualne\/ctvrtaci-vyrazili-za-umenim-do-invalidovny\/#breadcrumb"},"inLanguage":"cs","potentialAction":[{"@type":"ReadAction","target":["https:\/\/www.skolamichael.cz\/cs\/aktualne\/ctvrtaci-vyrazili-za-umenim-do-invalidovny\/"]}]},{"@type":"ImageObject","inLanguage":"cs","@id":"https:\/\/www.skolamichael.cz\/cs\/aktualne\/ctvrtaci-vyrazili-za-umenim-do-invalidovny\/#primaryimage","url":"https:\/\/www.skolamichael.cz\/wp-content\/uploads\/2023\/09\/Invalidovna-1-scaled.jpeg","contentUrl":"https:\/\/www.skolamichael.cz\/wp-content\/uploads\/2023\/09\/Invalidovna-1-scaled.jpeg","width":1080,"height":1080},{"@type":"BreadcrumbList","@id":"https:\/\/www.skolamichael.cz\/cs\/aktualne\/ctvrtaci-vyrazili-za-umenim-do-invalidovny\/#breadcrumb","itemListElement":[{"@type":"ListItem","position":1,"name":"Dom\u016f","item":"https:\/\/www.skolamichael.cz\/cs\/"},{"@type":"ListItem","position":2,"name":"\u010ctvr\u0165\u00e1ci vyrazili za um\u011bn\u00edm do Invalidovny"}]},{"@type":"WebSite","@id":"https:\/\/www.skolamichael.cz\/cs\/#website","url":"https:\/\/www.skolamichael.cz\/cs\/","name":"MICHAEL","description":"St\u0159edn\u00ed \u0161kola, Gymn\u00e1zium a Vy\u0161\u0161\u00ed odborn\u00e1 \u0161kola","publisher":{"@id":"https:\/\/www.skolamichael.cz\/cs\/#organization"},"alternateName":"St\u0159edn\u00ed \u0161kola, Gymn\u00e1zium a Vy\u0161\u0161\u00ed odborn\u00e1 \u0161kola","potentialAction":[{"@type":"SearchAction","target":{"@type":"EntryPoint","urlTemplate":"https:\/\/www.skolamichael.cz\/cs\/?s={search_term_string}"},"query-input":{"@type":"PropertyValueSpecification","valueRequired":true,"valueName":"search_term_string"}}],"inLanguage":"cs"},{"@type":"Organization","@id":"https:\/\/www.skolamichael.cz\/cs\/#organization","name":"Michael \u2013 St\u0159edn\u00ed \u0161kola, Gymn\u00e1zium a Vy\u0161\u0161\u00ed odborn\u00e1 \u0161kola, s.r.o.","url":"https:\/\/www.skolamichael.cz\/cs\/","logo":{"@type":"ImageObject","inLanguage":"cs","@id":"https:\/\/www.skolamichael.cz\/cs\/#\/schema\/logo\/image\/","url":"https:\/\/www.skolamichael.cz\/wp-content\/uploads\/2019\/03\/logo_michael_final_ctverec1-1.jpg","contentUrl":"https:\/\/www.skolamichael.cz\/wp-content\/uploads\/2019\/03\/logo_michael_final_ctverec1-1.jpg","width":400,"height":400,"caption":"Michael \u2013 St\u0159edn\u00ed \u0161kola, Gymn\u00e1zium a Vy\u0161\u0161\u00ed odborn\u00e1 \u0161kola, s.r.o."},"image":{"@id":"https:\/\/www.skolamichael.cz\/cs\/#\/schema\/logo\/image\/"},"sameAs":["http:\/\/www.facebook.com\/skolamichael","https:\/\/www.instagram.com\/skola_michael\/"]},{"@type":"Person","@id":"https:\/\/www.skolamichael.cz\/cs\/#\/schema\/person\/47eda6cff13f371e458dfab9c27d0d8c","name":"husakovap","image":{"@type":"ImageObject","inLanguage":"cs","@id":"https:\/\/secure.gravatar.com\/avatar\/3e072c7efcad50f75482be43d9cf720bd0ba9540d069d8c857973c074a38c9f6?s=96&d=mm&r=g","url":"https:\/\/secure.gravatar.com\/avatar\/3e072c7efcad50f75482be43d9cf720bd0ba9540d069d8c857973c074a38c9f6?s=96&d=mm&r=g","contentUrl":"https:\/\/secure.gravatar.com\/avatar\/3e072c7efcad50f75482be43d9cf720bd0ba9540d069d8c857973c074a38c9f6?s=96&d=mm&r=g","caption":"husakovap"},"url":"https:\/\/www.skolamichael.cz\/cs\/author\/husakovap\/"}]}},"_links":{"self":[{"href":"https:\/\/www.skolamichael.cz\/cs\/wp-json\/wp\/v2\/posts\/11950","targetHints":{"allow":["GET"]}}],"collection":[{"href":"https:\/\/www.skolamichael.cz\/cs\/wp-json\/wp\/v2\/posts"}],"about":[{"href":"https:\/\/www.skolamichael.cz\/cs\/wp-json\/wp\/v2\/types\/post"}],"author":[{"embeddable":true,"href":"https:\/\/www.skolamichael.cz\/cs\/wp-json\/wp\/v2\/users\/13"}],"replies":[{"embeddable":true,"href":"https:\/\/www.skolamichael.cz\/cs\/wp-json\/wp\/v2\/comments?post=11950"}],"version-history":[{"count":3,"href":"https:\/\/www.skolamichael.cz\/cs\/wp-json\/wp\/v2\/posts\/11950\/revisions"}],"predecessor-version":[{"id":11975,"href":"https:\/\/www.skolamichael.cz\/cs\/wp-json\/wp\/v2\/posts\/11950\/revisions\/11975"}],"wp:featuredmedia":[{"embeddable":true,"href":"https:\/\/www.skolamichael.cz\/cs\/wp-json\/wp\/v2\/media\/11954"}],"wp:attachment":[{"href":"https:\/\/www.skolamichael.cz\/cs\/wp-json\/wp\/v2\/media?parent=11950"}],"wp:term":[{"taxonomy":"category","embeddable":true,"href":"https:\/\/www.skolamichael.cz\/cs\/wp-json\/wp\/v2\/categories?post=11950"},{"taxonomy":"post_tag","embeddable":true,"href":"https:\/\/www.skolamichael.cz\/cs\/wp-json\/wp\/v2\/tags?post=11950"}],"curies":[{"name":"wp","href":"https:\/\/api.w.org\/{rel}","templated":true}]}}