{"id":12870,"date":"2024-01-11T14:51:24","date_gmt":"2024-01-11T13:51:24","guid":{"rendered":"https:\/\/www.skolamichael.cz\/?p=12870"},"modified":"2024-01-24T17:38:33","modified_gmt":"2024-01-24T16:38:33","slug":"den-otevrenych-dveri-pondeli-19-2-2024","status":"publish","type":"post","link":"https:\/\/www.skolamichael.cz\/cs\/aktualne\/akce\/den-otevrenych-dveri-pondeli-19-2-2024\/","title":{"rendered":"Den otev\u0159en\u00fdch dve\u0159\u00ed \u2013 pond\u011bl\u00ed 19.&nbsp;2.&nbsp;2024"},"content":{"rendered":"<div class=\"xdj266r x11i5rnm xat24cr x1mh8g0r x1vvkbs\">Srde\u010dn\u011b V\u00e1s zveme na n\u00e1\u0161 <strong>den otev\u0159en\u00fdch dve\u0159\u00ed<\/strong>, kter\u00fd se bude konat v pond\u011bl\u00ed <strong>19. 2. 2024 od 15 do 17 hodin<\/strong>. P\u0159ij\u010fte se pod\u00edvat do na\u0161ich nadstandardn\u011b vybaven\u00fdch fotografick\u00fdch, grafick\u00fdch a filmov\u00fdch ateli\u00e9r\u016f, m\u016f\u017eete nahl\u00e9dnout do fotokomory, kina, st\u0159ihov\u00fdch a zvukov\u00fdch studi\u00ed nebo po\u010d\u00edta\u010dov\u00fdch u\u010deben PC i MAC.<br \/>\nVedouc\u00edch obor\u016f se m\u016f\u017eete se zeptat na cokoliv, co V\u00e1s ohledn\u011b studia a dan\u00e9ho oboru zaj\u00edm\u00e1. Tak\u00e9 veden\u00ed \u0161koly se studijn\u00edm odd\u011blen\u00edm je p\u0159ipraveno zodpov\u011bd\u011bt ve\u0161ker\u00e9 Va\u0161e dotazy, co se chodu \u0161koly t\u00fdk\u00e1. Tento den otev\u0159en\u00fdch dve\u0159\u00ed je zam\u011b\u0159en na obor Management a produkce, ale uv\u00edt\u00e1me i V\u00e1s v\u0161echny z\u00e1jemce o na\u0161e um\u011bleck\u00e9 obory! Budete m\u00edt jedine\u010dnou p\u0159\u00edle\u017eitost ujistit se, \u017ee \u0161kola Michael je opravdu dobrou volbou. Pokud nestihnete na\u0161i \u0161kolu nav\u0161t\u00edvit v tomto dni, zastavte se za n\u00e1mi \u00a0individu\u00e1ln\u011b v dal\u0161\u00edch dnech.<\/div>\n<div><\/div>\n<div class=\"x11i5rnm xat24cr x1mh8g0r x1vvkbs xtlvy1s\">T\u011b\u0161\u00edme se na v\u00e1s!<\/div>\n","protected":false},"excerpt":{"rendered":"<p>Srde\u010dn\u011b V\u00e1s zveme na n\u00e1\u0161 den otev\u0159en\u00fdch dve\u0159\u00ed, kter\u00fd se bude konat v pond\u011bl\u00ed 19. 2. 2024 od 15 do 17 hodin. P\u0159ij\u010fte se pod\u00edvat do na\u0161ich nadstandardn\u011b vybaven\u00fdch fotografick\u00fdch, grafick\u00fdch a filmov\u00fdch ateli\u00e9r\u016f, m\u016f\u017eete nahl\u00e9dnout do fotokomory, kina, st\u0159ihov\u00fdch a zvukov\u00fdch studi\u00ed nebo po\u010d\u00edta\u010dov\u00fdch u\u010deben PC i MAC. Vedouc\u00edch obor\u016f se m\u016f\u017eete se zeptat [&hellip;]<\/p>\n","protected":false},"author":14,"featured_media":11907,"comment_status":"closed","ping_status":"open","sticky":false,"template":"","format":"standard","meta":{"_acf_changed":false,"footnotes":""},"categories":[14],"tags":[],"class_list":["post-12870","post","type-post","status-publish","format-standard","has-post-thumbnail","hentry","category-akce"],"acf":[],"yoast_head":"<!-- This site is optimized with the Yoast SEO plugin v27.4 - https:\/\/yoast.com\/product\/yoast-seo-wordpress\/ -->\n<title>Den otev\u0159en\u00fdch dve\u0159\u00ed \u2013 pond\u011bl\u00ed 19.&nbsp;2.&nbsp;2024 | MICHAEL<\/title>\n<meta name=\"robots\" content=\"index, follow, max-snippet:-1, max-image-preview:large, max-video-preview:-1\" \/>\n<link rel=\"canonical\" href=\"https:\/\/www.skolamichael.cz\/cs\/aktualne\/akce\/den-otevrenych-dveri-pondeli-19-2-2024\/\" \/>\n<meta property=\"og:locale\" content=\"cs_CZ\" \/>\n<meta property=\"og:type\" content=\"article\" \/>\n<meta property=\"og:title\" content=\"Den otev\u0159en\u00fdch dve\u0159\u00ed \u2013 pond\u011bl\u00ed 19.&nbsp;2.&nbsp;2024 | MICHAEL\" \/>\n<meta property=\"og:description\" content=\"Srde\u010dn\u011b V\u00e1s zveme na n\u00e1\u0161 den otev\u0159en\u00fdch dve\u0159\u00ed, kter\u00fd se bude konat v pond\u011bl\u00ed 19. 2. 2024 od 15 do 17 hodin. P\u0159ij\u010fte se pod\u00edvat do na\u0161ich nadstandardn\u011b vybaven\u00fdch fotografick\u00fdch, grafick\u00fdch a filmov\u00fdch ateli\u00e9r\u016f, m\u016f\u017eete nahl\u00e9dnout do fotokomory, kina, st\u0159ihov\u00fdch a zvukov\u00fdch studi\u00ed nebo po\u010d\u00edta\u010dov\u00fdch u\u010deben PC i MAC. Vedouc\u00edch obor\u016f se m\u016f\u017eete se zeptat [&hellip;]\" \/>\n<meta property=\"og:url\" content=\"https:\/\/www.skolamichael.cz\/cs\/aktualne\/akce\/den-otevrenych-dveri-pondeli-19-2-2024\/\" \/>\n<meta property=\"og:site_name\" content=\"MICHAEL\" \/>\n<meta property=\"article:publisher\" content=\"http:\/\/www.facebook.com\/skolamichael\" \/>\n<meta property=\"article:published_time\" content=\"2024-01-11T13:51:24+00:00\" \/>\n<meta property=\"article:modified_time\" content=\"2024-01-24T16:38:33+00:00\" \/>\n<meta property=\"og:image\" content=\"https:\/\/www.skolamichael.cz\/wp-content\/uploads\/2023\/09\/SKOLA-CETVEREC-compress.jpg\" \/>\n\t<meta property=\"og:image:width\" content=\"1079\" \/>\n\t<meta property=\"og:image:height\" content=\"1080\" \/>\n\t<meta property=\"og:image:type\" content=\"image\/jpeg\" \/>\n<meta name=\"author\" content=\"kupcovag\" \/>\n<meta name=\"twitter:card\" content=\"summary_large_image\" \/>\n<meta name=\"twitter:label1\" content=\"Napsal(a)\" \/>\n\t<meta name=\"twitter:data1\" content=\"kupcovag\" \/>\n\t<meta name=\"twitter:label2\" content=\"Odhadovan\u00e1 doba \u010dten\u00ed\" \/>\n\t<meta name=\"twitter:data2\" content=\"1 minuta\" \/>\n<script type=\"application\/ld+json\" class=\"yoast-schema-graph\">{\"@context\":\"https:\\\/\\\/schema.org\",\"@graph\":[{\"@type\":\"Article\",\"@id\":\"https:\\\/\\\/www.skolamichael.cz\\\/cs\\\/aktualne\\\/akce\\\/den-otevrenych-dveri-pondeli-19-2-2024\\\/#article\",\"isPartOf\":{\"@id\":\"https:\\\/\\\/www.skolamichael.cz\\\/cs\\\/aktualne\\\/akce\\\/den-otevrenych-dveri-pondeli-19-2-2024\\\/\"},\"author\":{\"name\":\"kupcovag\",\"@id\":\"https:\\\/\\\/www.skolamichael.cz\\\/cs\\\/#\\\/schema\\\/person\\\/acb2963423a0c9f9b71a4506a3efef86\"},\"headline\":\"Den otev\u0159en\u00fdch dve\u0159\u00ed \u2013 pond\u011bl\u00ed 19.&nbsp;2.&nbsp;2024\",\"datePublished\":\"2024-01-11T13:51:24+00:00\",\"dateModified\":\"2024-01-24T16:38:33+00:00\",\"mainEntityOfPage\":{\"@id\":\"https:\\\/\\\/www.skolamichael.cz\\\/cs\\\/aktualne\\\/akce\\\/den-otevrenych-dveri-pondeli-19-2-2024\\\/\"},\"wordCount\":199,\"publisher\":{\"@id\":\"https:\\\/\\\/www.skolamichael.cz\\\/cs\\\/#organization\"},\"image\":{\"@id\":\"https:\\\/\\\/www.skolamichael.cz\\\/cs\\\/aktualne\\\/akce\\\/den-otevrenych-dveri-pondeli-19-2-2024\\\/#primaryimage\"},\"thumbnailUrl\":\"https:\\\/\\\/www.skolamichael.cz\\\/wp-content\\\/uploads\\\/2023\\\/09\\\/SKOLA-CETVEREC-compress.jpg\",\"articleSection\":[\"Akce\"],\"inLanguage\":\"cs\"},{\"@type\":\"WebPage\",\"@id\":\"https:\\\/\\\/www.skolamichael.cz\\\/cs\\\/aktualne\\\/akce\\\/den-otevrenych-dveri-pondeli-19-2-2024\\\/\",\"url\":\"https:\\\/\\\/www.skolamichael.cz\\\/cs\\\/aktualne\\\/akce\\\/den-otevrenych-dveri-pondeli-19-2-2024\\\/\",\"name\":\"Den otev\u0159en\u00fdch dve\u0159\u00ed \u2013 pond\u011bl\u00ed 19.&nbsp;2.&nbsp;2024 | MICHAEL\",\"isPartOf\":{\"@id\":\"https:\\\/\\\/www.skolamichael.cz\\\/cs\\\/#website\"},\"primaryImageOfPage\":{\"@id\":\"https:\\\/\\\/www.skolamichael.cz\\\/cs\\\/aktualne\\\/akce\\\/den-otevrenych-dveri-pondeli-19-2-2024\\\/#primaryimage\"},\"image\":{\"@id\":\"https:\\\/\\\/www.skolamichael.cz\\\/cs\\\/aktualne\\\/akce\\\/den-otevrenych-dveri-pondeli-19-2-2024\\\/#primaryimage\"},\"thumbnailUrl\":\"https:\\\/\\\/www.skolamichael.cz\\\/wp-content\\\/uploads\\\/2023\\\/09\\\/SKOLA-CETVEREC-compress.jpg\",\"datePublished\":\"2024-01-11T13:51:24+00:00\",\"dateModified\":\"2024-01-24T16:38:33+00:00\",\"breadcrumb\":{\"@id\":\"https:\\\/\\\/www.skolamichael.cz\\\/cs\\\/aktualne\\\/akce\\\/den-otevrenych-dveri-pondeli-19-2-2024\\\/#breadcrumb\"},\"inLanguage\":\"cs\",\"potentialAction\":[{\"@type\":\"ReadAction\",\"target\":[\"https:\\\/\\\/www.skolamichael.cz\\\/cs\\\/aktualne\\\/akce\\\/den-otevrenych-dveri-pondeli-19-2-2024\\\/\"]}]},{\"@type\":\"ImageObject\",\"inLanguage\":\"cs\",\"@id\":\"https:\\\/\\\/www.skolamichael.cz\\\/cs\\\/aktualne\\\/akce\\\/den-otevrenych-dveri-pondeli-19-2-2024\\\/#primaryimage\",\"url\":\"https:\\\/\\\/www.skolamichael.cz\\\/wp-content\\\/uploads\\\/2023\\\/09\\\/SKOLA-CETVEREC-compress.jpg\",\"contentUrl\":\"https:\\\/\\\/www.skolamichael.cz\\\/wp-content\\\/uploads\\\/2023\\\/09\\\/SKOLA-CETVEREC-compress.jpg\",\"width\":1079,\"height\":1080},{\"@type\":\"BreadcrumbList\",\"@id\":\"https:\\\/\\\/www.skolamichael.cz\\\/cs\\\/aktualne\\\/akce\\\/den-otevrenych-dveri-pondeli-19-2-2024\\\/#breadcrumb\",\"itemListElement\":[{\"@type\":\"ListItem\",\"position\":1,\"name\":\"Dom\u016f\",\"item\":\"https:\\\/\\\/www.skolamichael.cz\\\/cs\\\/\"},{\"@type\":\"ListItem\",\"position\":2,\"name\":\"Den otev\u0159en\u00fdch dve\u0159\u00ed \u2013 pond\u011bl\u00ed 19.&nbsp;2.&nbsp;2024\"}]},{\"@type\":\"WebSite\",\"@id\":\"https:\\\/\\\/www.skolamichael.cz\\\/cs\\\/#website\",\"url\":\"https:\\\/\\\/www.skolamichael.cz\\\/cs\\\/\",\"name\":\"MICHAEL\",\"description\":\"St\u0159edn\u00ed \u0161kola, Gymn\u00e1zium a Vy\u0161\u0161\u00ed odborn\u00e1 \u0161kola\",\"publisher\":{\"@id\":\"https:\\\/\\\/www.skolamichael.cz\\\/cs\\\/#organization\"},\"alternateName\":\"St\u0159edn\u00ed \u0161kola, Gymn\u00e1zium a Vy\u0161\u0161\u00ed odborn\u00e1 \u0161kola\",\"potentialAction\":[{\"@type\":\"SearchAction\",\"target\":{\"@type\":\"EntryPoint\",\"urlTemplate\":\"https:\\\/\\\/www.skolamichael.cz\\\/cs\\\/?s={search_term_string}\"},\"query-input\":{\"@type\":\"PropertyValueSpecification\",\"valueRequired\":true,\"valueName\":\"search_term_string\"}}],\"inLanguage\":\"cs\"},{\"@type\":\"Organization\",\"@id\":\"https:\\\/\\\/www.skolamichael.cz\\\/cs\\\/#organization\",\"name\":\"Michael \u2013 St\u0159edn\u00ed \u0161kola, Gymn\u00e1zium a Vy\u0161\u0161\u00ed odborn\u00e1 \u0161kola, s.r.o.\",\"url\":\"https:\\\/\\\/www.skolamichael.cz\\\/cs\\\/\",\"logo\":{\"@type\":\"ImageObject\",\"inLanguage\":\"cs\",\"@id\":\"https:\\\/\\\/www.skolamichael.cz\\\/cs\\\/#\\\/schema\\\/logo\\\/image\\\/\",\"url\":\"https:\\\/\\\/www.skolamichael.cz\\\/wp-content\\\/uploads\\\/2019\\\/03\\\/logo_michael_final_ctverec1-1.jpg\",\"contentUrl\":\"https:\\\/\\\/www.skolamichael.cz\\\/wp-content\\\/uploads\\\/2019\\\/03\\\/logo_michael_final_ctverec1-1.jpg\",\"width\":400,\"height\":400,\"caption\":\"Michael \u2013 St\u0159edn\u00ed \u0161kola, Gymn\u00e1zium a Vy\u0161\u0161\u00ed odborn\u00e1 \u0161kola, s.r.o.\"},\"image\":{\"@id\":\"https:\\\/\\\/www.skolamichael.cz\\\/cs\\\/#\\\/schema\\\/logo\\\/image\\\/\"},\"sameAs\":[\"http:\\\/\\\/www.facebook.com\\\/skolamichael\",\"https:\\\/\\\/www.instagram.com\\\/skola_michael\\\/\"]},{\"@type\":\"Person\",\"@id\":\"https:\\\/\\\/www.skolamichael.cz\\\/cs\\\/#\\\/schema\\\/person\\\/acb2963423a0c9f9b71a4506a3efef86\",\"name\":\"kupcovag\",\"image\":{\"@type\":\"ImageObject\",\"inLanguage\":\"cs\",\"@id\":\"https:\\\/\\\/secure.gravatar.com\\\/avatar\\\/e8871ba9f250c74c99b6b76542472c0eb713772447510357521f43d497c6bc1e?s=96&d=mm&r=g\",\"url\":\"https:\\\/\\\/secure.gravatar.com\\\/avatar\\\/e8871ba9f250c74c99b6b76542472c0eb713772447510357521f43d497c6bc1e?s=96&d=mm&r=g\",\"contentUrl\":\"https:\\\/\\\/secure.gravatar.com\\\/avatar\\\/e8871ba9f250c74c99b6b76542472c0eb713772447510357521f43d497c6bc1e?s=96&d=mm&r=g\",\"caption\":\"kupcovag\"},\"url\":\"https:\\\/\\\/www.skolamichael.cz\\\/cs\\\/author\\\/kupcovag\\\/\"}]}<\/script>\n<!-- \/ Yoast SEO plugin. -->","yoast_head_json":{"title":"Den otev\u0159en\u00fdch dve\u0159\u00ed \u2013 pond\u011bl\u00ed 19.&nbsp;2.&nbsp;2024 | MICHAEL","robots":{"index":"index","follow":"follow","max-snippet":"max-snippet:-1","max-image-preview":"max-image-preview:large","max-video-preview":"max-video-preview:-1"},"canonical":"https:\/\/www.skolamichael.cz\/cs\/aktualne\/akce\/den-otevrenych-dveri-pondeli-19-2-2024\/","og_locale":"cs_CZ","og_type":"article","og_title":"Den otev\u0159en\u00fdch dve\u0159\u00ed \u2013 pond\u011bl\u00ed 19.&nbsp;2.&nbsp;2024 | MICHAEL","og_description":"Srde\u010dn\u011b V\u00e1s zveme na n\u00e1\u0161 den otev\u0159en\u00fdch dve\u0159\u00ed, kter\u00fd se bude konat v pond\u011bl\u00ed 19. 2. 2024 od 15 do 17 hodin. P\u0159ij\u010fte se pod\u00edvat do na\u0161ich nadstandardn\u011b vybaven\u00fdch fotografick\u00fdch, grafick\u00fdch a filmov\u00fdch ateli\u00e9r\u016f, m\u016f\u017eete nahl\u00e9dnout do fotokomory, kina, st\u0159ihov\u00fdch a zvukov\u00fdch studi\u00ed nebo po\u010d\u00edta\u010dov\u00fdch u\u010deben PC i MAC. Vedouc\u00edch obor\u016f se m\u016f\u017eete se zeptat [&hellip;]","og_url":"https:\/\/www.skolamichael.cz\/cs\/aktualne\/akce\/den-otevrenych-dveri-pondeli-19-2-2024\/","og_site_name":"MICHAEL","article_publisher":"http:\/\/www.facebook.com\/skolamichael","article_published_time":"2024-01-11T13:51:24+00:00","article_modified_time":"2024-01-24T16:38:33+00:00","og_image":[{"width":1079,"height":1080,"url":"https:\/\/www.skolamichael.cz\/wp-content\/uploads\/2023\/09\/SKOLA-CETVEREC-compress.jpg","type":"image\/jpeg"}],"author":"kupcovag","twitter_card":"summary_large_image","twitter_misc":{"Napsal(a)":"kupcovag","Odhadovan\u00e1 doba \u010dten\u00ed":"1 minuta"},"schema":{"@context":"https:\/\/schema.org","@graph":[{"@type":"Article","@id":"https:\/\/www.skolamichael.cz\/cs\/aktualne\/akce\/den-otevrenych-dveri-pondeli-19-2-2024\/#article","isPartOf":{"@id":"https:\/\/www.skolamichael.cz\/cs\/aktualne\/akce\/den-otevrenych-dveri-pondeli-19-2-2024\/"},"author":{"name":"kupcovag","@id":"https:\/\/www.skolamichael.cz\/cs\/#\/schema\/person\/acb2963423a0c9f9b71a4506a3efef86"},"headline":"Den otev\u0159en\u00fdch dve\u0159\u00ed \u2013 pond\u011bl\u00ed 19.&nbsp;2.&nbsp;2024","datePublished":"2024-01-11T13:51:24+00:00","dateModified":"2024-01-24T16:38:33+00:00","mainEntityOfPage":{"@id":"https:\/\/www.skolamichael.cz\/cs\/aktualne\/akce\/den-otevrenych-dveri-pondeli-19-2-2024\/"},"wordCount":199,"publisher":{"@id":"https:\/\/www.skolamichael.cz\/cs\/#organization"},"image":{"@id":"https:\/\/www.skolamichael.cz\/cs\/aktualne\/akce\/den-otevrenych-dveri-pondeli-19-2-2024\/#primaryimage"},"thumbnailUrl":"https:\/\/www.skolamichael.cz\/wp-content\/uploads\/2023\/09\/SKOLA-CETVEREC-compress.jpg","articleSection":["Akce"],"inLanguage":"cs"},{"@type":"WebPage","@id":"https:\/\/www.skolamichael.cz\/cs\/aktualne\/akce\/den-otevrenych-dveri-pondeli-19-2-2024\/","url":"https:\/\/www.skolamichael.cz\/cs\/aktualne\/akce\/den-otevrenych-dveri-pondeli-19-2-2024\/","name":"Den otev\u0159en\u00fdch dve\u0159\u00ed \u2013 pond\u011bl\u00ed 19.&nbsp;2.&nbsp;2024 | MICHAEL","isPartOf":{"@id":"https:\/\/www.skolamichael.cz\/cs\/#website"},"primaryImageOfPage":{"@id":"https:\/\/www.skolamichael.cz\/cs\/aktualne\/akce\/den-otevrenych-dveri-pondeli-19-2-2024\/#primaryimage"},"image":{"@id":"https:\/\/www.skolamichael.cz\/cs\/aktualne\/akce\/den-otevrenych-dveri-pondeli-19-2-2024\/#primaryimage"},"thumbnailUrl":"https:\/\/www.skolamichael.cz\/wp-content\/uploads\/2023\/09\/SKOLA-CETVEREC-compress.jpg","datePublished":"2024-01-11T13:51:24+00:00","dateModified":"2024-01-24T16:38:33+00:00","breadcrumb":{"@id":"https:\/\/www.skolamichael.cz\/cs\/aktualne\/akce\/den-otevrenych-dveri-pondeli-19-2-2024\/#breadcrumb"},"inLanguage":"cs","potentialAction":[{"@type":"ReadAction","target":["https:\/\/www.skolamichael.cz\/cs\/aktualne\/akce\/den-otevrenych-dveri-pondeli-19-2-2024\/"]}]},{"@type":"ImageObject","inLanguage":"cs","@id":"https:\/\/www.skolamichael.cz\/cs\/aktualne\/akce\/den-otevrenych-dveri-pondeli-19-2-2024\/#primaryimage","url":"https:\/\/www.skolamichael.cz\/wp-content\/uploads\/2023\/09\/SKOLA-CETVEREC-compress.jpg","contentUrl":"https:\/\/www.skolamichael.cz\/wp-content\/uploads\/2023\/09\/SKOLA-CETVEREC-compress.jpg","width":1079,"height":1080},{"@type":"BreadcrumbList","@id":"https:\/\/www.skolamichael.cz\/cs\/aktualne\/akce\/den-otevrenych-dveri-pondeli-19-2-2024\/#breadcrumb","itemListElement":[{"@type":"ListItem","position":1,"name":"Dom\u016f","item":"https:\/\/www.skolamichael.cz\/cs\/"},{"@type":"ListItem","position":2,"name":"Den otev\u0159en\u00fdch dve\u0159\u00ed \u2013 pond\u011bl\u00ed 19.&nbsp;2.&nbsp;2024"}]},{"@type":"WebSite","@id":"https:\/\/www.skolamichael.cz\/cs\/#website","url":"https:\/\/www.skolamichael.cz\/cs\/","name":"MICHAEL","description":"St\u0159edn\u00ed \u0161kola, Gymn\u00e1zium a Vy\u0161\u0161\u00ed odborn\u00e1 \u0161kola","publisher":{"@id":"https:\/\/www.skolamichael.cz\/cs\/#organization"},"alternateName":"St\u0159edn\u00ed \u0161kola, Gymn\u00e1zium a Vy\u0161\u0161\u00ed odborn\u00e1 \u0161kola","potentialAction":[{"@type":"SearchAction","target":{"@type":"EntryPoint","urlTemplate":"https:\/\/www.skolamichael.cz\/cs\/?s={search_term_string}"},"query-input":{"@type":"PropertyValueSpecification","valueRequired":true,"valueName":"search_term_string"}}],"inLanguage":"cs"},{"@type":"Organization","@id":"https:\/\/www.skolamichael.cz\/cs\/#organization","name":"Michael \u2013 St\u0159edn\u00ed \u0161kola, Gymn\u00e1zium a Vy\u0161\u0161\u00ed odborn\u00e1 \u0161kola, s.r.o.","url":"https:\/\/www.skolamichael.cz\/cs\/","logo":{"@type":"ImageObject","inLanguage":"cs","@id":"https:\/\/www.skolamichael.cz\/cs\/#\/schema\/logo\/image\/","url":"https:\/\/www.skolamichael.cz\/wp-content\/uploads\/2019\/03\/logo_michael_final_ctverec1-1.jpg","contentUrl":"https:\/\/www.skolamichael.cz\/wp-content\/uploads\/2019\/03\/logo_michael_final_ctverec1-1.jpg","width":400,"height":400,"caption":"Michael \u2013 St\u0159edn\u00ed \u0161kola, Gymn\u00e1zium a Vy\u0161\u0161\u00ed odborn\u00e1 \u0161kola, s.r.o."},"image":{"@id":"https:\/\/www.skolamichael.cz\/cs\/#\/schema\/logo\/image\/"},"sameAs":["http:\/\/www.facebook.com\/skolamichael","https:\/\/www.instagram.com\/skola_michael\/"]},{"@type":"Person","@id":"https:\/\/www.skolamichael.cz\/cs\/#\/schema\/person\/acb2963423a0c9f9b71a4506a3efef86","name":"kupcovag","image":{"@type":"ImageObject","inLanguage":"cs","@id":"https:\/\/secure.gravatar.com\/avatar\/e8871ba9f250c74c99b6b76542472c0eb713772447510357521f43d497c6bc1e?s=96&d=mm&r=g","url":"https:\/\/secure.gravatar.com\/avatar\/e8871ba9f250c74c99b6b76542472c0eb713772447510357521f43d497c6bc1e?s=96&d=mm&r=g","contentUrl":"https:\/\/secure.gravatar.com\/avatar\/e8871ba9f250c74c99b6b76542472c0eb713772447510357521f43d497c6bc1e?s=96&d=mm&r=g","caption":"kupcovag"},"url":"https:\/\/www.skolamichael.cz\/cs\/author\/kupcovag\/"}]}},"_links":{"self":[{"href":"https:\/\/www.skolamichael.cz\/cs\/wp-json\/wp\/v2\/posts\/12870","targetHints":{"allow":["GET"]}}],"collection":[{"href":"https:\/\/www.skolamichael.cz\/cs\/wp-json\/wp\/v2\/posts"}],"about":[{"href":"https:\/\/www.skolamichael.cz\/cs\/wp-json\/wp\/v2\/types\/post"}],"author":[{"embeddable":true,"href":"https:\/\/www.skolamichael.cz\/cs\/wp-json\/wp\/v2\/users\/14"}],"replies":[{"embeddable":true,"href":"https:\/\/www.skolamichael.cz\/cs\/wp-json\/wp\/v2\/comments?post=12870"}],"version-history":[{"count":3,"href":"https:\/\/www.skolamichael.cz\/cs\/wp-json\/wp\/v2\/posts\/12870\/revisions"}],"predecessor-version":[{"id":12891,"href":"https:\/\/www.skolamichael.cz\/cs\/wp-json\/wp\/v2\/posts\/12870\/revisions\/12891"}],"wp:featuredmedia":[{"embeddable":true,"href":"https:\/\/www.skolamichael.cz\/cs\/wp-json\/wp\/v2\/media\/11907"}],"wp:attachment":[{"href":"https:\/\/www.skolamichael.cz\/cs\/wp-json\/wp\/v2\/media?parent=12870"}],"wp:term":[{"taxonomy":"category","embeddable":true,"href":"https:\/\/www.skolamichael.cz\/cs\/wp-json\/wp\/v2\/categories?post=12870"},{"taxonomy":"post_tag","embeddable":true,"href":"https:\/\/www.skolamichael.cz\/cs\/wp-json\/wp\/v2\/tags?post=12870"}],"curies":[{"name":"wp","href":"https:\/\/api.w.org\/{rel}","templated":true}]}}