{"id":14133,"date":"2024-09-23T00:01:22","date_gmt":"2024-09-22T22:01:22","guid":{"rendered":"https:\/\/www.skolamichael.cz\/?p=14133"},"modified":"2025-02-20T10:16:26","modified_gmt":"2025-02-20T09:16:26","slug":"design-award-day-2","status":"publish","type":"post","link":"https:\/\/www.skolamichael.cz\/cs\/aktualne\/design-award-day-2\/","title":{"rendered":"Design Award Day"},"content":{"rendered":"<p>Jako ka\u017ed\u00fd rok, i letos se uskute\u010dnila ud\u00e1lost, kterou po\u0159\u00e1daj\u00ed na\u0161i pedagogov\u00e9 z oboru Design interi\u00e9ru. Akce nese n\u00e1zev <strong>DESIGN AWARD DAY<\/strong> a po\u0159\u00e1d\u00e1 se ve velk\u00e9m filmov\u00e9m ateli\u00e9ru na\u0161\u00ed \u0161koly. V r\u00e1mci tohoto eventu prob\u011bhlo mnoho workshop\u016f a p\u0159edn\u00e1\u0161ek v\u00fdznamn\u00fdch design\u00e9r\u016f.<\/p>\n<p>Na z\u00e1v\u011br byly vyhl\u00e1\u0161eny v\u00fdsledky\u00a0sout\u011b\u017ee Design Award, do kter\u00e9 se letos p\u0159ihl\u00e1silo v\u00edce ne\u017e 120 sout\u011b\u017e\u00edc\u00edch z cel\u00e9 \u010cR!<\/p>\n<p>M\u00e1me velkou radosti \u017ee se um\u00edstily i na\u0161e \u017e\u00e1kyn\u011b.<\/p>\n<p>V kategorii:\u00a0Ve\u0159ejn\u00fd interi\u00e9r zv\u00edt\u011bzily na\u0161e studentky na v\u0161ech t\u0159ech p\u0159\u00ed\u010dk\u00e1ch.<br \/>\n<strong>1. m\u00edsto: Krist\u00edna Gallov\u00e1 za Bistro <\/strong><br \/>\n<strong>2. m\u00edsto: Nikola L\u00e1\u017ekov\u00e1 za Bistro <\/strong><br \/>\n<strong>3. m\u00edsto: Roz\u00e1lie Ostert\u00e1gov\u00e1 tak\u00e9 za Bistro<\/strong><\/p>\n<p>V kategorii: <strong>Produktov\u00fd design<\/strong> vyhr\u00e1la takt\u00e9\u017e <strong>Nikol L\u00e1\u017ekov\u00e1<\/strong> a um\u00edstila se na druh\u00e9m m\u00edst\u011b se svoj\u00ed stohovatelnou \u017eidl\u00ed. Za celou \u0161kolu moc gratulujeme k velk\u00e9mu \u00fasp\u011bchu!<\/p>\n<p>&nbsp;<\/p>\n<p>Za \u010dl\u00e1nky o DESIGN AWARD DAY d\u011bkujeme magaz\u00ednu Bydlen\u00ed.<\/p>\n<p><a href=\"https:\/\/www.bydlenimagazin.cz\/rubriky\/servis\/design-award-2024_7555.html\">https:\/\/www.bydlenimagazin.cz\/rubriky\/servis\/design-award-2024_7555.html<\/a><\/p>\n<p><a href=\"https:\/\/www.bydlenimagazin.cz\/rubriky\/servis\/design-award-2024-designerska-soutez_7493.html\">https:\/\/www.bydlenimagazin.cz\/rubriky\/servis\/design-award-2024-designerska-soutez_7493.html<\/a><\/p>\n<div id='gallery-1' class='gallery galleryid-14133 gallery-columns-1 gallery-size-full'><figure class='gallery-item'>\n\t\t\t<div class='gallery-icon landscape'>\n\t\t\t\t<a href='https:\/\/www.skolamichael.cz\/wp-content\/uploads\/2024\/09\/KGAL.png'><img loading=\"lazy\" decoding=\"async\" width=\"1598\" height=\"1080\" src=\"https:\/\/www.skolamichael.cz\/wp-content\/uploads\/2024\/09\/KGAL.png\" class=\"attachment-full size-full\" alt=\"\" srcset=\"https:\/\/www.skolamichael.cz\/wp-content\/uploads\/2024\/09\/KGAL.png 1598w, https:\/\/www.skolamichael.cz\/wp-content\/uploads\/2024\/09\/KGAL-300x203.png 300w, https:\/\/www.skolamichael.cz\/wp-content\/uploads\/2024\/09\/KGAL-1024x692.png 1024w\" sizes=\"auto, (max-width: 1598px) 100vw, 1598px\" \/><\/a>\n\t\t\t<\/div><\/figure><figure class='gallery-item'>\n\t\t\t<div class='gallery-icon landscape'>\n\t\t\t\t<a href='https:\/\/www.skolamichael.cz\/wp-content\/uploads\/2024\/09\/NL.png'><img loading=\"lazy\" decoding=\"async\" width=\"1134\" height=\"850\" src=\"https:\/\/www.skolamichael.cz\/wp-content\/uploads\/2024\/09\/NL.png\" class=\"attachment-full size-full\" alt=\"\" srcset=\"https:\/\/www.skolamichael.cz\/wp-content\/uploads\/2024\/09\/NL.png 1134w, https:\/\/www.skolamichael.cz\/wp-content\/uploads\/2024\/09\/NL-300x225.png 300w, https:\/\/www.skolamichael.cz\/wp-content\/uploads\/2024\/09\/NL-1024x768.png 1024w\" sizes=\"auto, (max-width: 1134px) 100vw, 1134px\" \/><\/a>\n\t\t\t<\/div><\/figure><figure class='gallery-item'>\n\t\t\t<div class='gallery-icon landscape'>\n\t\t\t\t<a href='https:\/\/www.skolamichael.cz\/wp-content\/uploads\/2024\/09\/RO.png'><img loading=\"lazy\" decoding=\"async\" width=\"1181\" height=\"945\" src=\"https:\/\/www.skolamichael.cz\/wp-content\/uploads\/2024\/09\/RO.png\" class=\"attachment-full size-full\" alt=\"\" srcset=\"https:\/\/www.skolamichael.cz\/wp-content\/uploads\/2024\/09\/RO.png 1181w, https:\/\/www.skolamichael.cz\/wp-content\/uploads\/2024\/09\/RO-300x240.png 300w, https:\/\/www.skolamichael.cz\/wp-content\/uploads\/2024\/09\/RO-1024x819.png 1024w\" sizes=\"auto, (max-width: 1181px) 100vw, 1181px\" \/><\/a>\n\t\t\t<\/div><\/figure><figure class='gallery-item'>\n\t\t\t<div class='gallery-icon landscape'>\n\t\t\t\t<a href='https:\/\/www.skolamichael.cz\/wp-content\/uploads\/2024\/09\/NL2.png'><img loading=\"lazy\" decoding=\"async\" width=\"1920\" height=\"1080\" src=\"https:\/\/www.skolamichael.cz\/wp-content\/uploads\/2024\/09\/NL2.png\" class=\"attachment-full size-full\" alt=\"\" srcset=\"https:\/\/www.skolamichael.cz\/wp-content\/uploads\/2024\/09\/NL2.png 1920w, https:\/\/www.skolamichael.cz\/wp-content\/uploads\/2024\/09\/NL2-300x169.png 300w, https:\/\/www.skolamichael.cz\/wp-content\/uploads\/2024\/09\/NL2-1024x576.png 1024w\" sizes=\"auto, (max-width: 1920px) 100vw, 1920px\" \/><\/a>\n\t\t\t<\/div><\/figure>\n\t\t<\/div>\n\n<p>&nbsp;<\/p>\n","protected":false},"excerpt":{"rendered":"<p>Jako ka\u017ed\u00fd rok, i letos se uskute\u010dnila ud\u00e1lost, kterou po\u0159\u00e1daj\u00ed na\u0161i pedagogov\u00e9 z oboru Design interi\u00e9ru. Akce nese n\u00e1zev DESIGN AWARD DAY a po\u0159\u00e1d\u00e1 se ve velk\u00e9m filmov\u00e9m ateli\u00e9ru na\u0161\u00ed \u0161koly. V r\u00e1mci tohoto eventu prob\u011bhlo mnoho workshop\u016f a p\u0159edn\u00e1\u0161ek v\u00fdznamn\u00fdch design\u00e9r\u016f. Na z\u00e1v\u011br byly vyhl\u00e1\u0161eny v\u00fdsledky\u00a0sout\u011b\u017ee Design Award, do kter\u00e9 se letos p\u0159ihl\u00e1silo v\u00edce [&hellip;]<\/p>\n","protected":false},"author":19,"featured_media":14134,"comment_status":"closed","ping_status":"open","sticky":false,"template":"","format":"standard","meta":{"_acf_changed":false,"footnotes":""},"categories":[14,3],"tags":[],"class_list":["post-14133","post","type-post","status-publish","format-standard","has-post-thumbnail","hentry","category-akce","category-aktualne"],"acf":[],"yoast_head":"<!-- This site is optimized with the Yoast SEO plugin v27.4 - https:\/\/yoast.com\/product\/yoast-seo-wordpress\/ -->\n<title>Design Award Day | MICHAEL<\/title>\n<meta name=\"robots\" content=\"index, follow, max-snippet:-1, max-image-preview:large, max-video-preview:-1\" \/>\n<link rel=\"canonical\" href=\"https:\/\/www.skolamichael.cz\/cs\/aktualne\/design-award-day-2\/\" \/>\n<meta property=\"og:locale\" content=\"cs_CZ\" \/>\n<meta property=\"og:type\" content=\"article\" \/>\n<meta property=\"og:title\" content=\"Design Award Day | MICHAEL\" \/>\n<meta property=\"og:description\" content=\"Jako ka\u017ed\u00fd rok, i letos se uskute\u010dnila ud\u00e1lost, kterou po\u0159\u00e1daj\u00ed na\u0161i pedagogov\u00e9 z oboru Design interi\u00e9ru. Akce nese n\u00e1zev DESIGN AWARD DAY a po\u0159\u00e1d\u00e1 se ve velk\u00e9m filmov\u00e9m ateli\u00e9ru na\u0161\u00ed \u0161koly. V r\u00e1mci tohoto eventu prob\u011bhlo mnoho workshop\u016f a p\u0159edn\u00e1\u0161ek v\u00fdznamn\u00fdch design\u00e9r\u016f. Na z\u00e1v\u011br byly vyhl\u00e1\u0161eny v\u00fdsledky\u00a0sout\u011b\u017ee Design Award, do kter\u00e9 se letos p\u0159ihl\u00e1silo v\u00edce [&hellip;]\" \/>\n<meta property=\"og:url\" content=\"https:\/\/www.skolamichael.cz\/cs\/aktualne\/design-award-day-2\/\" \/>\n<meta property=\"og:site_name\" content=\"MICHAEL\" \/>\n<meta property=\"article:publisher\" content=\"http:\/\/www.facebook.com\/skolamichael\" \/>\n<meta property=\"article:published_time\" content=\"2024-09-22T22:01:22+00:00\" \/>\n<meta property=\"article:modified_time\" content=\"2025-02-20T09:16:26+00:00\" \/>\n<meta property=\"og:image\" content=\"https:\/\/www.skolamichael.cz\/wp-content\/uploads\/2024\/09\/WEB-SS.jpg\" \/>\n\t<meta property=\"og:image:width\" content=\"1080\" \/>\n\t<meta property=\"og:image:height\" content=\"1080\" \/>\n\t<meta property=\"og:image:type\" content=\"image\/jpeg\" \/>\n<meta name=\"author\" content=\"Isabel Magdic\" \/>\n<meta name=\"twitter:card\" content=\"summary_large_image\" \/>\n<meta name=\"twitter:label1\" content=\"Napsal(a)\" \/>\n\t<meta name=\"twitter:data1\" content=\"Isabel Magdic\" \/>\n\t<meta name=\"twitter:label2\" content=\"Odhadovan\u00e1 doba \u010dten\u00ed\" \/>\n\t<meta name=\"twitter:data2\" content=\"1 minuta\" \/>\n<script type=\"application\/ld+json\" class=\"yoast-schema-graph\">{\"@context\":\"https:\\\/\\\/schema.org\",\"@graph\":[{\"@type\":\"Article\",\"@id\":\"https:\\\/\\\/www.skolamichael.cz\\\/cs\\\/aktualne\\\/design-award-day-2\\\/#article\",\"isPartOf\":{\"@id\":\"https:\\\/\\\/www.skolamichael.cz\\\/cs\\\/aktualne\\\/design-award-day-2\\\/\"},\"author\":{\"name\":\"Isabel Magdic\",\"@id\":\"https:\\\/\\\/www.skolamichael.cz\\\/cs\\\/#\\\/schema\\\/person\\\/558cacac09baabcf878965ff60722247\"},\"headline\":\"Design Award Day\",\"datePublished\":\"2024-09-22T22:01:22+00:00\",\"dateModified\":\"2025-02-20T09:16:26+00:00\",\"mainEntityOfPage\":{\"@id\":\"https:\\\/\\\/www.skolamichael.cz\\\/cs\\\/aktualne\\\/design-award-day-2\\\/\"},\"wordCount\":218,\"publisher\":{\"@id\":\"https:\\\/\\\/www.skolamichael.cz\\\/cs\\\/#organization\"},\"image\":{\"@id\":\"https:\\\/\\\/www.skolamichael.cz\\\/cs\\\/aktualne\\\/design-award-day-2\\\/#primaryimage\"},\"thumbnailUrl\":\"https:\\\/\\\/www.skolamichael.cz\\\/wp-content\\\/uploads\\\/2024\\\/09\\\/WEB-SS.jpg\",\"articleSection\":[\"Akce\",\"Aktuality\"],\"inLanguage\":\"cs\"},{\"@type\":\"WebPage\",\"@id\":\"https:\\\/\\\/www.skolamichael.cz\\\/cs\\\/aktualne\\\/design-award-day-2\\\/\",\"url\":\"https:\\\/\\\/www.skolamichael.cz\\\/cs\\\/aktualne\\\/design-award-day-2\\\/\",\"name\":\"Design Award Day | MICHAEL\",\"isPartOf\":{\"@id\":\"https:\\\/\\\/www.skolamichael.cz\\\/cs\\\/#website\"},\"primaryImageOfPage\":{\"@id\":\"https:\\\/\\\/www.skolamichael.cz\\\/cs\\\/aktualne\\\/design-award-day-2\\\/#primaryimage\"},\"image\":{\"@id\":\"https:\\\/\\\/www.skolamichael.cz\\\/cs\\\/aktualne\\\/design-award-day-2\\\/#primaryimage\"},\"thumbnailUrl\":\"https:\\\/\\\/www.skolamichael.cz\\\/wp-content\\\/uploads\\\/2024\\\/09\\\/WEB-SS.jpg\",\"datePublished\":\"2024-09-22T22:01:22+00:00\",\"dateModified\":\"2025-02-20T09:16:26+00:00\",\"breadcrumb\":{\"@id\":\"https:\\\/\\\/www.skolamichael.cz\\\/cs\\\/aktualne\\\/design-award-day-2\\\/#breadcrumb\"},\"inLanguage\":\"cs\",\"potentialAction\":[{\"@type\":\"ReadAction\",\"target\":[\"https:\\\/\\\/www.skolamichael.cz\\\/cs\\\/aktualne\\\/design-award-day-2\\\/\"]}]},{\"@type\":\"ImageObject\",\"inLanguage\":\"cs\",\"@id\":\"https:\\\/\\\/www.skolamichael.cz\\\/cs\\\/aktualne\\\/design-award-day-2\\\/#primaryimage\",\"url\":\"https:\\\/\\\/www.skolamichael.cz\\\/wp-content\\\/uploads\\\/2024\\\/09\\\/WEB-SS.jpg\",\"contentUrl\":\"https:\\\/\\\/www.skolamichael.cz\\\/wp-content\\\/uploads\\\/2024\\\/09\\\/WEB-SS.jpg\",\"width\":1080,\"height\":1080},{\"@type\":\"BreadcrumbList\",\"@id\":\"https:\\\/\\\/www.skolamichael.cz\\\/cs\\\/aktualne\\\/design-award-day-2\\\/#breadcrumb\",\"itemListElement\":[{\"@type\":\"ListItem\",\"position\":1,\"name\":\"Dom\u016f\",\"item\":\"https:\\\/\\\/www.skolamichael.cz\\\/cs\\\/\"},{\"@type\":\"ListItem\",\"position\":2,\"name\":\"Design Award Day\"}]},{\"@type\":\"WebSite\",\"@id\":\"https:\\\/\\\/www.skolamichael.cz\\\/cs\\\/#website\",\"url\":\"https:\\\/\\\/www.skolamichael.cz\\\/cs\\\/\",\"name\":\"MICHAEL\",\"description\":\"St\u0159edn\u00ed \u0161kola, Gymn\u00e1zium a Vy\u0161\u0161\u00ed odborn\u00e1 \u0161kola\",\"publisher\":{\"@id\":\"https:\\\/\\\/www.skolamichael.cz\\\/cs\\\/#organization\"},\"alternateName\":\"St\u0159edn\u00ed \u0161kola, Gymn\u00e1zium a Vy\u0161\u0161\u00ed odborn\u00e1 \u0161kola\",\"potentialAction\":[{\"@type\":\"SearchAction\",\"target\":{\"@type\":\"EntryPoint\",\"urlTemplate\":\"https:\\\/\\\/www.skolamichael.cz\\\/cs\\\/?s={search_term_string}\"},\"query-input\":{\"@type\":\"PropertyValueSpecification\",\"valueRequired\":true,\"valueName\":\"search_term_string\"}}],\"inLanguage\":\"cs\"},{\"@type\":\"Organization\",\"@id\":\"https:\\\/\\\/www.skolamichael.cz\\\/cs\\\/#organization\",\"name\":\"Michael \u2013 St\u0159edn\u00ed \u0161kola, Gymn\u00e1zium a Vy\u0161\u0161\u00ed odborn\u00e1 \u0161kola, s.r.o.\",\"url\":\"https:\\\/\\\/www.skolamichael.cz\\\/cs\\\/\",\"logo\":{\"@type\":\"ImageObject\",\"inLanguage\":\"cs\",\"@id\":\"https:\\\/\\\/www.skolamichael.cz\\\/cs\\\/#\\\/schema\\\/logo\\\/image\\\/\",\"url\":\"https:\\\/\\\/www.skolamichael.cz\\\/wp-content\\\/uploads\\\/2019\\\/03\\\/logo_michael_final_ctverec1-1.jpg\",\"contentUrl\":\"https:\\\/\\\/www.skolamichael.cz\\\/wp-content\\\/uploads\\\/2019\\\/03\\\/logo_michael_final_ctverec1-1.jpg\",\"width\":400,\"height\":400,\"caption\":\"Michael \u2013 St\u0159edn\u00ed \u0161kola, Gymn\u00e1zium a Vy\u0161\u0161\u00ed odborn\u00e1 \u0161kola, s.r.o.\"},\"image\":{\"@id\":\"https:\\\/\\\/www.skolamichael.cz\\\/cs\\\/#\\\/schema\\\/logo\\\/image\\\/\"},\"sameAs\":[\"http:\\\/\\\/www.facebook.com\\\/skolamichael\",\"https:\\\/\\\/www.instagram.com\\\/skola_michael\\\/\"]},{\"@type\":\"Person\",\"@id\":\"https:\\\/\\\/www.skolamichael.cz\\\/cs\\\/#\\\/schema\\\/person\\\/558cacac09baabcf878965ff60722247\",\"name\":\"Isabel Magdic\",\"image\":{\"@type\":\"ImageObject\",\"inLanguage\":\"cs\",\"@id\":\"https:\\\/\\\/secure.gravatar.com\\\/avatar\\\/ec7f59705dc51a1ab5a45963ebbb1c80bd7f0d7654cacdc50c2bc953d397331d?s=96&d=mm&r=g\",\"url\":\"https:\\\/\\\/secure.gravatar.com\\\/avatar\\\/ec7f59705dc51a1ab5a45963ebbb1c80bd7f0d7654cacdc50c2bc953d397331d?s=96&d=mm&r=g\",\"contentUrl\":\"https:\\\/\\\/secure.gravatar.com\\\/avatar\\\/ec7f59705dc51a1ab5a45963ebbb1c80bd7f0d7654cacdc50c2bc953d397331d?s=96&d=mm&r=g\",\"caption\":\"Isabel Magdic\"},\"url\":\"https:\\\/\\\/www.skolamichael.cz\\\/cs\\\/author\\\/imagdic\\\/\"}]}<\/script>\n<!-- \/ Yoast SEO plugin. -->","yoast_head_json":{"title":"Design Award Day | MICHAEL","robots":{"index":"index","follow":"follow","max-snippet":"max-snippet:-1","max-image-preview":"max-image-preview:large","max-video-preview":"max-video-preview:-1"},"canonical":"https:\/\/www.skolamichael.cz\/cs\/aktualne\/design-award-day-2\/","og_locale":"cs_CZ","og_type":"article","og_title":"Design Award Day | MICHAEL","og_description":"Jako ka\u017ed\u00fd rok, i letos se uskute\u010dnila ud\u00e1lost, kterou po\u0159\u00e1daj\u00ed na\u0161i pedagogov\u00e9 z oboru Design interi\u00e9ru. Akce nese n\u00e1zev DESIGN AWARD DAY a po\u0159\u00e1d\u00e1 se ve velk\u00e9m filmov\u00e9m ateli\u00e9ru na\u0161\u00ed \u0161koly. V r\u00e1mci tohoto eventu prob\u011bhlo mnoho workshop\u016f a p\u0159edn\u00e1\u0161ek v\u00fdznamn\u00fdch design\u00e9r\u016f. Na z\u00e1v\u011br byly vyhl\u00e1\u0161eny v\u00fdsledky\u00a0sout\u011b\u017ee Design Award, do kter\u00e9 se letos p\u0159ihl\u00e1silo v\u00edce [&hellip;]","og_url":"https:\/\/www.skolamichael.cz\/cs\/aktualne\/design-award-day-2\/","og_site_name":"MICHAEL","article_publisher":"http:\/\/www.facebook.com\/skolamichael","article_published_time":"2024-09-22T22:01:22+00:00","article_modified_time":"2025-02-20T09:16:26+00:00","og_image":[{"width":1080,"height":1080,"url":"https:\/\/www.skolamichael.cz\/wp-content\/uploads\/2024\/09\/WEB-SS.jpg","type":"image\/jpeg"}],"author":"Isabel Magdic","twitter_card":"summary_large_image","twitter_misc":{"Napsal(a)":"Isabel Magdic","Odhadovan\u00e1 doba \u010dten\u00ed":"1 minuta"},"schema":{"@context":"https:\/\/schema.org","@graph":[{"@type":"Article","@id":"https:\/\/www.skolamichael.cz\/cs\/aktualne\/design-award-day-2\/#article","isPartOf":{"@id":"https:\/\/www.skolamichael.cz\/cs\/aktualne\/design-award-day-2\/"},"author":{"name":"Isabel Magdic","@id":"https:\/\/www.skolamichael.cz\/cs\/#\/schema\/person\/558cacac09baabcf878965ff60722247"},"headline":"Design Award Day","datePublished":"2024-09-22T22:01:22+00:00","dateModified":"2025-02-20T09:16:26+00:00","mainEntityOfPage":{"@id":"https:\/\/www.skolamichael.cz\/cs\/aktualne\/design-award-day-2\/"},"wordCount":218,"publisher":{"@id":"https:\/\/www.skolamichael.cz\/cs\/#organization"},"image":{"@id":"https:\/\/www.skolamichael.cz\/cs\/aktualne\/design-award-day-2\/#primaryimage"},"thumbnailUrl":"https:\/\/www.skolamichael.cz\/wp-content\/uploads\/2024\/09\/WEB-SS.jpg","articleSection":["Akce","Aktuality"],"inLanguage":"cs"},{"@type":"WebPage","@id":"https:\/\/www.skolamichael.cz\/cs\/aktualne\/design-award-day-2\/","url":"https:\/\/www.skolamichael.cz\/cs\/aktualne\/design-award-day-2\/","name":"Design Award Day | MICHAEL","isPartOf":{"@id":"https:\/\/www.skolamichael.cz\/cs\/#website"},"primaryImageOfPage":{"@id":"https:\/\/www.skolamichael.cz\/cs\/aktualne\/design-award-day-2\/#primaryimage"},"image":{"@id":"https:\/\/www.skolamichael.cz\/cs\/aktualne\/design-award-day-2\/#primaryimage"},"thumbnailUrl":"https:\/\/www.skolamichael.cz\/wp-content\/uploads\/2024\/09\/WEB-SS.jpg","datePublished":"2024-09-22T22:01:22+00:00","dateModified":"2025-02-20T09:16:26+00:00","breadcrumb":{"@id":"https:\/\/www.skolamichael.cz\/cs\/aktualne\/design-award-day-2\/#breadcrumb"},"inLanguage":"cs","potentialAction":[{"@type":"ReadAction","target":["https:\/\/www.skolamichael.cz\/cs\/aktualne\/design-award-day-2\/"]}]},{"@type":"ImageObject","inLanguage":"cs","@id":"https:\/\/www.skolamichael.cz\/cs\/aktualne\/design-award-day-2\/#primaryimage","url":"https:\/\/www.skolamichael.cz\/wp-content\/uploads\/2024\/09\/WEB-SS.jpg","contentUrl":"https:\/\/www.skolamichael.cz\/wp-content\/uploads\/2024\/09\/WEB-SS.jpg","width":1080,"height":1080},{"@type":"BreadcrumbList","@id":"https:\/\/www.skolamichael.cz\/cs\/aktualne\/design-award-day-2\/#breadcrumb","itemListElement":[{"@type":"ListItem","position":1,"name":"Dom\u016f","item":"https:\/\/www.skolamichael.cz\/cs\/"},{"@type":"ListItem","position":2,"name":"Design Award Day"}]},{"@type":"WebSite","@id":"https:\/\/www.skolamichael.cz\/cs\/#website","url":"https:\/\/www.skolamichael.cz\/cs\/","name":"MICHAEL","description":"St\u0159edn\u00ed \u0161kola, Gymn\u00e1zium a Vy\u0161\u0161\u00ed odborn\u00e1 \u0161kola","publisher":{"@id":"https:\/\/www.skolamichael.cz\/cs\/#organization"},"alternateName":"St\u0159edn\u00ed \u0161kola, Gymn\u00e1zium a Vy\u0161\u0161\u00ed odborn\u00e1 \u0161kola","potentialAction":[{"@type":"SearchAction","target":{"@type":"EntryPoint","urlTemplate":"https:\/\/www.skolamichael.cz\/cs\/?s={search_term_string}"},"query-input":{"@type":"PropertyValueSpecification","valueRequired":true,"valueName":"search_term_string"}}],"inLanguage":"cs"},{"@type":"Organization","@id":"https:\/\/www.skolamichael.cz\/cs\/#organization","name":"Michael \u2013 St\u0159edn\u00ed \u0161kola, Gymn\u00e1zium a Vy\u0161\u0161\u00ed odborn\u00e1 \u0161kola, s.r.o.","url":"https:\/\/www.skolamichael.cz\/cs\/","logo":{"@type":"ImageObject","inLanguage":"cs","@id":"https:\/\/www.skolamichael.cz\/cs\/#\/schema\/logo\/image\/","url":"https:\/\/www.skolamichael.cz\/wp-content\/uploads\/2019\/03\/logo_michael_final_ctverec1-1.jpg","contentUrl":"https:\/\/www.skolamichael.cz\/wp-content\/uploads\/2019\/03\/logo_michael_final_ctverec1-1.jpg","width":400,"height":400,"caption":"Michael \u2013 St\u0159edn\u00ed \u0161kola, Gymn\u00e1zium a Vy\u0161\u0161\u00ed odborn\u00e1 \u0161kola, s.r.o."},"image":{"@id":"https:\/\/www.skolamichael.cz\/cs\/#\/schema\/logo\/image\/"},"sameAs":["http:\/\/www.facebook.com\/skolamichael","https:\/\/www.instagram.com\/skola_michael\/"]},{"@type":"Person","@id":"https:\/\/www.skolamichael.cz\/cs\/#\/schema\/person\/558cacac09baabcf878965ff60722247","name":"Isabel Magdic","image":{"@type":"ImageObject","inLanguage":"cs","@id":"https:\/\/secure.gravatar.com\/avatar\/ec7f59705dc51a1ab5a45963ebbb1c80bd7f0d7654cacdc50c2bc953d397331d?s=96&d=mm&r=g","url":"https:\/\/secure.gravatar.com\/avatar\/ec7f59705dc51a1ab5a45963ebbb1c80bd7f0d7654cacdc50c2bc953d397331d?s=96&d=mm&r=g","contentUrl":"https:\/\/secure.gravatar.com\/avatar\/ec7f59705dc51a1ab5a45963ebbb1c80bd7f0d7654cacdc50c2bc953d397331d?s=96&d=mm&r=g","caption":"Isabel Magdic"},"url":"https:\/\/www.skolamichael.cz\/cs\/author\/imagdic\/"}]}},"_links":{"self":[{"href":"https:\/\/www.skolamichael.cz\/cs\/wp-json\/wp\/v2\/posts\/14133","targetHints":{"allow":["GET"]}}],"collection":[{"href":"https:\/\/www.skolamichael.cz\/cs\/wp-json\/wp\/v2\/posts"}],"about":[{"href":"https:\/\/www.skolamichael.cz\/cs\/wp-json\/wp\/v2\/types\/post"}],"author":[{"embeddable":true,"href":"https:\/\/www.skolamichael.cz\/cs\/wp-json\/wp\/v2\/users\/19"}],"replies":[{"embeddable":true,"href":"https:\/\/www.skolamichael.cz\/cs\/wp-json\/wp\/v2\/comments?post=14133"}],"version-history":[{"count":5,"href":"https:\/\/www.skolamichael.cz\/cs\/wp-json\/wp\/v2\/posts\/14133\/revisions"}],"predecessor-version":[{"id":17480,"href":"https:\/\/www.skolamichael.cz\/cs\/wp-json\/wp\/v2\/posts\/14133\/revisions\/17480"}],"wp:featuredmedia":[{"embeddable":true,"href":"https:\/\/www.skolamichael.cz\/cs\/wp-json\/wp\/v2\/media\/14134"}],"wp:attachment":[{"href":"https:\/\/www.skolamichael.cz\/cs\/wp-json\/wp\/v2\/media?parent=14133"}],"wp:term":[{"taxonomy":"category","embeddable":true,"href":"https:\/\/www.skolamichael.cz\/cs\/wp-json\/wp\/v2\/categories?post=14133"},{"taxonomy":"post_tag","embeddable":true,"href":"https:\/\/www.skolamichael.cz\/cs\/wp-json\/wp\/v2\/tags?post=14133"}],"curies":[{"name":"wp","href":"https:\/\/api.w.org\/{rel}","templated":true}]}}