{"id":14174,"date":"2024-09-30T17:28:30","date_gmt":"2024-09-30T15:28:30","guid":{"rendered":"https:\/\/www.skolamichael.cz\/?p=14174"},"modified":"2024-11-04T15:10:29","modified_gmt":"2024-11-04T14:10:29","slug":"erasmus-cesta-do-norska","status":"publish","type":"post","link":"https:\/\/www.skolamichael.cz\/cs\/aktualne\/erasmus-cesta-do-norska\/","title":{"rendered":"ERASMUS+ cesta do Norska"},"content":{"rendered":"<p class=\"p1\">Na\u0161e \u0161kola je sou\u010d\u00e1st\u00ed projektu <a href=\"https:\/\/www.skolamichael.cz\/cs\/projekty\/erasmus-ka-121\/\"><b>Erasmus+<\/b><\/a>, kter\u00fd m\u00e1 za c\u00edl mezin\u00e1rodn\u011b propojit \u0161koly a jejich studenty a pracovat spole\u010dn\u011b na r\u016fznorod\u00fdch projektech. D\u00edky tomu se mohli na\u0161i studenti z\u00fa\u010dastnit studijn\u00edho pobytu v Norsku<\/p>\n<p class=\"p1\">Na za\u010d\u00e1tku z\u00e1\u0159\u00ed v term\u00ednu od <b>3. 9. do 14. 9. 2024<\/b> se vypravilo osm na\u0161ich student\u016f z oboru <a href=\"https:\/\/www.skolamichael.cz\/cs\/obor\/interierovy-design\/\"><strong>Design interi\u00e9ru<\/strong><\/a> a \u010dty\u0159i pedagogov\u00e9 do Osla. St\u00e1\u017ee se \u00fa\u010dastnili jak \u017e\u00e1ci ze st\u0159edn\u00ed \u0161koly, tak i studenti<a href=\"https:\/\/www.akademiemichael.cz\/\"><strong> Akademie Michael \u2013 Vy\u0161\u0161\u00ed odborn\u00e9 \u0161koly.<\/strong><\/a><\/p>\n<p class=\"p1\">\u017d\u00e1ci nav\u0161t\u00edvili norskou \u0161kolu Edvarda Muncha, kde se \u00fa\u010dastnili v\u00fduky a zapojili se do jedine\u010dn\u00fdch workshop\u016f, na kter\u00fdch se nau\u010dili nov\u00e9 v\u00fdtvarn\u00e9 metody a techniky, kter\u00e9 budou moci n\u00e1sledn\u011b uplatnit ve sv\u00fdch projektech.<\/p>\n<p class=\"p1\">Mimo pravideln\u00e9 n\u00e1v\u0161t\u011bvy \u0161koly se studenti tak\u00e9 pod\u00edvali do norsk\u00fdch galeri\u00ed, muze\u00ed, knihovny a mohli takt\u00e9\u017e objevovat kr\u00e1sy hlavn\u00edho m\u011bsta. B\u011bhem n\u00e1v\u0161t\u011bvy galerie byli na\u0161i studenti sou\u010d\u00e1st\u00ed rozhovoru pro norsk\u00fd internetov\u00fd den\u00edk, kter\u00fd mapoval pohled sou\u010dasn\u00e9 generace na galerijn\u00ed prostory. Tak\u017ee i na z\u00e1klad\u011b jejich v\u00fdpov\u011bd\u00ed dan\u00fd \u010dl\u00e1nek vznikl a naleznete ho v odkazu pod p\u0159\u00edsp\u011bvkem.<\/p>\n<p class=\"p1\">Jsme velice r\u00e1di, \u017ee je na\u0161e \u0161kola sou\u010d\u00e1st\u00ed tak presti\u017en\u00edho projektu a budeme se t\u011b\u0161it na dal\u0161\u00ed spolupr\u00e1ci!<\/p>\n<p class=\"p1\"><a href=\"https:\/\/www.nrk.no\/kultur\/flere-unge-drar-pa-museum-_-far-opp-kunst-pa-tiktok-1.17032441\"><b>Odkaz na rozhovor<\/b><\/a><\/p>\n<div id='gallery-1' class='gallery galleryid-14174 gallery-columns-1 gallery-size-full'><figure class='gallery-item'>\n\t\t\t<div class='gallery-icon landscape'>\n\t\t\t\t<a href='https:\/\/www.skolamichael.cz\/wp-content\/uploads\/2024\/09\/1.jpeg'><img loading=\"lazy\" decoding=\"async\" width=\"1600\" height=\"1066\" src=\"https:\/\/www.skolamichael.cz\/wp-content\/uploads\/2024\/09\/1.jpeg\" class=\"attachment-full size-full\" alt=\"\" srcset=\"https:\/\/www.skolamichael.cz\/wp-content\/uploads\/2024\/09\/1.jpeg 1600w, https:\/\/www.skolamichael.cz\/wp-content\/uploads\/2024\/09\/1-300x200.jpeg 300w, https:\/\/www.skolamichael.cz\/wp-content\/uploads\/2024\/09\/1-1024x682.jpeg 1024w\" sizes=\"auto, (max-width: 1600px) 100vw, 1600px\" \/><\/a>\n\t\t\t<\/div><\/figure><figure class='gallery-item'>\n\t\t\t<div class='gallery-icon landscape'>\n\t\t\t\t<a href='https:\/\/www.skolamichael.cz\/wp-content\/uploads\/2024\/09\/6.jpeg'><img loading=\"lazy\" decoding=\"async\" width=\"1600\" height=\"1069\" src=\"https:\/\/www.skolamichael.cz\/wp-content\/uploads\/2024\/09\/6.jpeg\" class=\"attachment-full size-full\" alt=\"\" srcset=\"https:\/\/www.skolamichael.cz\/wp-content\/uploads\/2024\/09\/6.jpeg 1600w, https:\/\/www.skolamichael.cz\/wp-content\/uploads\/2024\/09\/6-300x200.jpeg 300w, https:\/\/www.skolamichael.cz\/wp-content\/uploads\/2024\/09\/6-1024x684.jpeg 1024w\" sizes=\"auto, (max-width: 1600px) 100vw, 1600px\" \/><\/a>\n\t\t\t<\/div><\/figure><figure class='gallery-item'>\n\t\t\t<div class='gallery-icon landscape'>\n\t\t\t\t<a href='https:\/\/www.skolamichael.cz\/wp-content\/uploads\/2024\/09\/10.jpeg'><img loading=\"lazy\" decoding=\"async\" width=\"1600\" height=\"1066\" src=\"https:\/\/www.skolamichael.cz\/wp-content\/uploads\/2024\/09\/10.jpeg\" class=\"attachment-full size-full\" alt=\"\" srcset=\"https:\/\/www.skolamichael.cz\/wp-content\/uploads\/2024\/09\/10.jpeg 1600w, https:\/\/www.skolamichael.cz\/wp-content\/uploads\/2024\/09\/10-300x200.jpeg 300w, https:\/\/www.skolamichael.cz\/wp-content\/uploads\/2024\/09\/10-1024x682.jpeg 1024w\" sizes=\"auto, (max-width: 1600px) 100vw, 1600px\" \/><\/a>\n\t\t\t<\/div><\/figure><figure class='gallery-item'>\n\t\t\t<div class='gallery-icon landscape'>\n\t\t\t\t<a href='https:\/\/www.skolamichael.cz\/wp-content\/uploads\/2024\/09\/5.jpeg'><img loading=\"lazy\" decoding=\"async\" width=\"1600\" height=\"1069\" src=\"https:\/\/www.skolamichael.cz\/wp-content\/uploads\/2024\/09\/5.jpeg\" class=\"attachment-full size-full\" alt=\"\" srcset=\"https:\/\/www.skolamichael.cz\/wp-content\/uploads\/2024\/09\/5.jpeg 1600w, https:\/\/www.skolamichael.cz\/wp-content\/uploads\/2024\/09\/5-300x200.jpeg 300w, https:\/\/www.skolamichael.cz\/wp-content\/uploads\/2024\/09\/5-1024x684.jpeg 1024w\" sizes=\"auto, (max-width: 1600px) 100vw, 1600px\" \/><\/a>\n\t\t\t<\/div><\/figure><figure class='gallery-item'>\n\t\t\t<div class='gallery-icon landscape'>\n\t\t\t\t<a href='https:\/\/www.skolamichael.cz\/wp-content\/uploads\/2024\/09\/14.jpeg'><img loading=\"lazy\" decoding=\"async\" width=\"1600\" height=\"1069\" src=\"https:\/\/www.skolamichael.cz\/wp-content\/uploads\/2024\/09\/14.jpeg\" class=\"attachment-full size-full\" alt=\"\" srcset=\"https:\/\/www.skolamichael.cz\/wp-content\/uploads\/2024\/09\/14.jpeg 1600w, https:\/\/www.skolamichael.cz\/wp-content\/uploads\/2024\/09\/14-300x200.jpeg 300w, https:\/\/www.skolamichael.cz\/wp-content\/uploads\/2024\/09\/14-1024x684.jpeg 1024w\" sizes=\"auto, (max-width: 1600px) 100vw, 1600px\" \/><\/a>\n\t\t\t<\/div><\/figure><figure class='gallery-item'>\n\t\t\t<div class='gallery-icon landscape'>\n\t\t\t\t<a href='https:\/\/www.skolamichael.cz\/wp-content\/uploads\/2024\/09\/11.jpg'><img loading=\"lazy\" decoding=\"async\" width=\"1500\" height=\"1071\" src=\"https:\/\/www.skolamichael.cz\/wp-content\/uploads\/2024\/09\/11.jpg\" class=\"attachment-full size-full\" alt=\"\" srcset=\"https:\/\/www.skolamichael.cz\/wp-content\/uploads\/2024\/09\/11.jpg 1500w, https:\/\/www.skolamichael.cz\/wp-content\/uploads\/2024\/09\/11-300x214.jpg 300w, https:\/\/www.skolamichael.cz\/wp-content\/uploads\/2024\/09\/11-1024x731.jpg 1024w\" sizes=\"auto, (max-width: 1500px) 100vw, 1500px\" \/><\/a>\n\t\t\t<\/div><\/figure><figure class='gallery-item'>\n\t\t\t<div class='gallery-icon landscape'>\n\t\t\t\t<a href='https:\/\/www.skolamichael.cz\/wp-content\/uploads\/2024\/09\/3.jpeg'><img loading=\"lazy\" decoding=\"async\" width=\"1440\" height=\"1080\" src=\"https:\/\/www.skolamichael.cz\/wp-content\/uploads\/2024\/09\/3.jpeg\" class=\"attachment-full size-full\" alt=\"\" srcset=\"https:\/\/www.skolamichael.cz\/wp-content\/uploads\/2024\/09\/3.jpeg 1440w, https:\/\/www.skolamichael.cz\/wp-content\/uploads\/2024\/09\/3-300x225.jpeg 300w, https:\/\/www.skolamichael.cz\/wp-content\/uploads\/2024\/09\/3-1024x768.jpeg 1024w\" sizes=\"auto, (max-width: 1440px) 100vw, 1440px\" \/><\/a>\n\t\t\t<\/div><\/figure>\n\t\t<\/div>\n\n","protected":false},"excerpt":{"rendered":"<p>Na\u0161e \u0161kola je sou\u010d\u00e1st\u00ed projektu Erasmus+, kter\u00fd m\u00e1 za c\u00edl mezin\u00e1rodn\u011b propojit \u0161koly a jejich studenty a pracovat spole\u010dn\u011b na r\u016fznorod\u00fdch projektech. D\u00edky tomu se mohli na\u0161i studenti z\u00fa\u010dastnit studijn\u00edho pobytu v Norsku Na za\u010d\u00e1tku z\u00e1\u0159\u00ed v term\u00ednu od 3. 9. do 14. 9. 2024 se vypravilo osm na\u0161ich student\u016f z oboru Design interi\u00e9ru a [&hellip;]<\/p>\n","protected":false},"author":19,"featured_media":14205,"comment_status":"closed","ping_status":"open","sticky":false,"template":"","format":"standard","meta":{"_acf_changed":false,"footnotes":""},"categories":[3],"tags":[],"class_list":["post-14174","post","type-post","status-publish","format-standard","has-post-thumbnail","hentry","category-aktualne"],"acf":[],"yoast_head":"<!-- This site is optimized with the Yoast SEO plugin v27.4 - https:\/\/yoast.com\/product\/yoast-seo-wordpress\/ -->\n<title>ERASMUS+ cesta do Norska | MICHAEL<\/title>\n<meta name=\"robots\" content=\"index, follow, max-snippet:-1, max-image-preview:large, max-video-preview:-1\" \/>\n<link rel=\"canonical\" href=\"https:\/\/www.skolamichael.cz\/cs\/aktualne\/erasmus-cesta-do-norska\/\" \/>\n<meta property=\"og:locale\" content=\"cs_CZ\" \/>\n<meta property=\"og:type\" content=\"article\" \/>\n<meta property=\"og:title\" content=\"ERASMUS+ cesta do Norska | MICHAEL\" \/>\n<meta property=\"og:description\" content=\"Na\u0161e \u0161kola je sou\u010d\u00e1st\u00ed projektu Erasmus+, kter\u00fd m\u00e1 za c\u00edl mezin\u00e1rodn\u011b propojit \u0161koly a jejich studenty a pracovat spole\u010dn\u011b na r\u016fznorod\u00fdch projektech. D\u00edky tomu se mohli na\u0161i studenti z\u00fa\u010dastnit studijn\u00edho pobytu v Norsku Na za\u010d\u00e1tku z\u00e1\u0159\u00ed v term\u00ednu od 3. 9. do 14. 9. 2024 se vypravilo osm na\u0161ich student\u016f z oboru Design interi\u00e9ru a [&hellip;]\" \/>\n<meta property=\"og:url\" content=\"https:\/\/www.skolamichael.cz\/cs\/aktualne\/erasmus-cesta-do-norska\/\" \/>\n<meta property=\"og:site_name\" content=\"MICHAEL\" \/>\n<meta property=\"article:publisher\" content=\"http:\/\/www.facebook.com\/skolamichael\" \/>\n<meta property=\"article:published_time\" content=\"2024-09-30T15:28:30+00:00\" \/>\n<meta property=\"article:modified_time\" content=\"2024-11-04T14:10:29+00:00\" \/>\n<meta property=\"og:image\" content=\"https:\/\/www.skolamichael.cz\/wp-content\/uploads\/2024\/09\/SS.jpg\" \/>\n\t<meta property=\"og:image:width\" content=\"1069\" \/>\n\t<meta property=\"og:image:height\" content=\"1069\" \/>\n\t<meta property=\"og:image:type\" content=\"image\/jpeg\" \/>\n<meta name=\"author\" content=\"Isabel Magdic\" \/>\n<meta name=\"twitter:card\" content=\"summary_large_image\" \/>\n<meta name=\"twitter:label1\" content=\"Napsal(a)\" \/>\n\t<meta name=\"twitter:data1\" content=\"Isabel Magdic\" \/>\n\t<meta name=\"twitter:label2\" content=\"Odhadovan\u00e1 doba \u010dten\u00ed\" \/>\n\t<meta name=\"twitter:data2\" content=\"1 minuta\" \/>\n<script type=\"application\/ld+json\" class=\"yoast-schema-graph\">{\"@context\":\"https:\\\/\\\/schema.org\",\"@graph\":[{\"@type\":\"Article\",\"@id\":\"https:\\\/\\\/www.skolamichael.cz\\\/cs\\\/aktualne\\\/erasmus-cesta-do-norska\\\/#article\",\"isPartOf\":{\"@id\":\"https:\\\/\\\/www.skolamichael.cz\\\/cs\\\/aktualne\\\/erasmus-cesta-do-norska\\\/\"},\"author\":{\"name\":\"Isabel Magdic\",\"@id\":\"https:\\\/\\\/www.skolamichael.cz\\\/cs\\\/#\\\/schema\\\/person\\\/558cacac09baabcf878965ff60722247\"},\"headline\":\"ERASMUS+ cesta do Norska\",\"datePublished\":\"2024-09-30T15:28:30+00:00\",\"dateModified\":\"2024-11-04T14:10:29+00:00\",\"mainEntityOfPage\":{\"@id\":\"https:\\\/\\\/www.skolamichael.cz\\\/cs\\\/aktualne\\\/erasmus-cesta-do-norska\\\/\"},\"wordCount\":249,\"publisher\":{\"@id\":\"https:\\\/\\\/www.skolamichael.cz\\\/cs\\\/#organization\"},\"image\":{\"@id\":\"https:\\\/\\\/www.skolamichael.cz\\\/cs\\\/aktualne\\\/erasmus-cesta-do-norska\\\/#primaryimage\"},\"thumbnailUrl\":\"https:\\\/\\\/www.skolamichael.cz\\\/wp-content\\\/uploads\\\/2024\\\/09\\\/SS.jpg\",\"articleSection\":[\"Aktuality\"],\"inLanguage\":\"cs\"},{\"@type\":\"WebPage\",\"@id\":\"https:\\\/\\\/www.skolamichael.cz\\\/cs\\\/aktualne\\\/erasmus-cesta-do-norska\\\/\",\"url\":\"https:\\\/\\\/www.skolamichael.cz\\\/cs\\\/aktualne\\\/erasmus-cesta-do-norska\\\/\",\"name\":\"ERASMUS+ cesta do Norska | MICHAEL\",\"isPartOf\":{\"@id\":\"https:\\\/\\\/www.skolamichael.cz\\\/cs\\\/#website\"},\"primaryImageOfPage\":{\"@id\":\"https:\\\/\\\/www.skolamichael.cz\\\/cs\\\/aktualne\\\/erasmus-cesta-do-norska\\\/#primaryimage\"},\"image\":{\"@id\":\"https:\\\/\\\/www.skolamichael.cz\\\/cs\\\/aktualne\\\/erasmus-cesta-do-norska\\\/#primaryimage\"},\"thumbnailUrl\":\"https:\\\/\\\/www.skolamichael.cz\\\/wp-content\\\/uploads\\\/2024\\\/09\\\/SS.jpg\",\"datePublished\":\"2024-09-30T15:28:30+00:00\",\"dateModified\":\"2024-11-04T14:10:29+00:00\",\"breadcrumb\":{\"@id\":\"https:\\\/\\\/www.skolamichael.cz\\\/cs\\\/aktualne\\\/erasmus-cesta-do-norska\\\/#breadcrumb\"},\"inLanguage\":\"cs\",\"potentialAction\":[{\"@type\":\"ReadAction\",\"target\":[\"https:\\\/\\\/www.skolamichael.cz\\\/cs\\\/aktualne\\\/erasmus-cesta-do-norska\\\/\"]}]},{\"@type\":\"ImageObject\",\"inLanguage\":\"cs\",\"@id\":\"https:\\\/\\\/www.skolamichael.cz\\\/cs\\\/aktualne\\\/erasmus-cesta-do-norska\\\/#primaryimage\",\"url\":\"https:\\\/\\\/www.skolamichael.cz\\\/wp-content\\\/uploads\\\/2024\\\/09\\\/SS.jpg\",\"contentUrl\":\"https:\\\/\\\/www.skolamichael.cz\\\/wp-content\\\/uploads\\\/2024\\\/09\\\/SS.jpg\",\"width\":1069,\"height\":1069},{\"@type\":\"BreadcrumbList\",\"@id\":\"https:\\\/\\\/www.skolamichael.cz\\\/cs\\\/aktualne\\\/erasmus-cesta-do-norska\\\/#breadcrumb\",\"itemListElement\":[{\"@type\":\"ListItem\",\"position\":1,\"name\":\"Dom\u016f\",\"item\":\"https:\\\/\\\/www.skolamichael.cz\\\/cs\\\/\"},{\"@type\":\"ListItem\",\"position\":2,\"name\":\"ERASMUS+ cesta do Norska\"}]},{\"@type\":\"WebSite\",\"@id\":\"https:\\\/\\\/www.skolamichael.cz\\\/cs\\\/#website\",\"url\":\"https:\\\/\\\/www.skolamichael.cz\\\/cs\\\/\",\"name\":\"MICHAEL\",\"description\":\"St\u0159edn\u00ed \u0161kola, Gymn\u00e1zium a Vy\u0161\u0161\u00ed odborn\u00e1 \u0161kola\",\"publisher\":{\"@id\":\"https:\\\/\\\/www.skolamichael.cz\\\/cs\\\/#organization\"},\"alternateName\":\"St\u0159edn\u00ed \u0161kola, Gymn\u00e1zium a Vy\u0161\u0161\u00ed odborn\u00e1 \u0161kola\",\"potentialAction\":[{\"@type\":\"SearchAction\",\"target\":{\"@type\":\"EntryPoint\",\"urlTemplate\":\"https:\\\/\\\/www.skolamichael.cz\\\/cs\\\/?s={search_term_string}\"},\"query-input\":{\"@type\":\"PropertyValueSpecification\",\"valueRequired\":true,\"valueName\":\"search_term_string\"}}],\"inLanguage\":\"cs\"},{\"@type\":\"Organization\",\"@id\":\"https:\\\/\\\/www.skolamichael.cz\\\/cs\\\/#organization\",\"name\":\"Michael \u2013 St\u0159edn\u00ed \u0161kola, Gymn\u00e1zium a Vy\u0161\u0161\u00ed odborn\u00e1 \u0161kola, s.r.o.\",\"url\":\"https:\\\/\\\/www.skolamichael.cz\\\/cs\\\/\",\"logo\":{\"@type\":\"ImageObject\",\"inLanguage\":\"cs\",\"@id\":\"https:\\\/\\\/www.skolamichael.cz\\\/cs\\\/#\\\/schema\\\/logo\\\/image\\\/\",\"url\":\"https:\\\/\\\/www.skolamichael.cz\\\/wp-content\\\/uploads\\\/2019\\\/03\\\/logo_michael_final_ctverec1-1.jpg\",\"contentUrl\":\"https:\\\/\\\/www.skolamichael.cz\\\/wp-content\\\/uploads\\\/2019\\\/03\\\/logo_michael_final_ctverec1-1.jpg\",\"width\":400,\"height\":400,\"caption\":\"Michael \u2013 St\u0159edn\u00ed \u0161kola, Gymn\u00e1zium a Vy\u0161\u0161\u00ed odborn\u00e1 \u0161kola, s.r.o.\"},\"image\":{\"@id\":\"https:\\\/\\\/www.skolamichael.cz\\\/cs\\\/#\\\/schema\\\/logo\\\/image\\\/\"},\"sameAs\":[\"http:\\\/\\\/www.facebook.com\\\/skolamichael\",\"https:\\\/\\\/www.instagram.com\\\/skola_michael\\\/\"]},{\"@type\":\"Person\",\"@id\":\"https:\\\/\\\/www.skolamichael.cz\\\/cs\\\/#\\\/schema\\\/person\\\/558cacac09baabcf878965ff60722247\",\"name\":\"Isabel Magdic\",\"image\":{\"@type\":\"ImageObject\",\"inLanguage\":\"cs\",\"@id\":\"https:\\\/\\\/secure.gravatar.com\\\/avatar\\\/ec7f59705dc51a1ab5a45963ebbb1c80bd7f0d7654cacdc50c2bc953d397331d?s=96&d=mm&r=g\",\"url\":\"https:\\\/\\\/secure.gravatar.com\\\/avatar\\\/ec7f59705dc51a1ab5a45963ebbb1c80bd7f0d7654cacdc50c2bc953d397331d?s=96&d=mm&r=g\",\"contentUrl\":\"https:\\\/\\\/secure.gravatar.com\\\/avatar\\\/ec7f59705dc51a1ab5a45963ebbb1c80bd7f0d7654cacdc50c2bc953d397331d?s=96&d=mm&r=g\",\"caption\":\"Isabel Magdic\"},\"url\":\"https:\\\/\\\/www.skolamichael.cz\\\/cs\\\/author\\\/imagdic\\\/\"}]}<\/script>\n<!-- \/ Yoast SEO plugin. -->","yoast_head_json":{"title":"ERASMUS+ cesta do Norska | MICHAEL","robots":{"index":"index","follow":"follow","max-snippet":"max-snippet:-1","max-image-preview":"max-image-preview:large","max-video-preview":"max-video-preview:-1"},"canonical":"https:\/\/www.skolamichael.cz\/cs\/aktualne\/erasmus-cesta-do-norska\/","og_locale":"cs_CZ","og_type":"article","og_title":"ERASMUS+ cesta do Norska | MICHAEL","og_description":"Na\u0161e \u0161kola je sou\u010d\u00e1st\u00ed projektu Erasmus+, kter\u00fd m\u00e1 za c\u00edl mezin\u00e1rodn\u011b propojit \u0161koly a jejich studenty a pracovat spole\u010dn\u011b na r\u016fznorod\u00fdch projektech. D\u00edky tomu se mohli na\u0161i studenti z\u00fa\u010dastnit studijn\u00edho pobytu v Norsku Na za\u010d\u00e1tku z\u00e1\u0159\u00ed v term\u00ednu od 3. 9. do 14. 9. 2024 se vypravilo osm na\u0161ich student\u016f z oboru Design interi\u00e9ru a [&hellip;]","og_url":"https:\/\/www.skolamichael.cz\/cs\/aktualne\/erasmus-cesta-do-norska\/","og_site_name":"MICHAEL","article_publisher":"http:\/\/www.facebook.com\/skolamichael","article_published_time":"2024-09-30T15:28:30+00:00","article_modified_time":"2024-11-04T14:10:29+00:00","og_image":[{"width":1069,"height":1069,"url":"https:\/\/www.skolamichael.cz\/wp-content\/uploads\/2024\/09\/SS.jpg","type":"image\/jpeg"}],"author":"Isabel Magdic","twitter_card":"summary_large_image","twitter_misc":{"Napsal(a)":"Isabel Magdic","Odhadovan\u00e1 doba \u010dten\u00ed":"1 minuta"},"schema":{"@context":"https:\/\/schema.org","@graph":[{"@type":"Article","@id":"https:\/\/www.skolamichael.cz\/cs\/aktualne\/erasmus-cesta-do-norska\/#article","isPartOf":{"@id":"https:\/\/www.skolamichael.cz\/cs\/aktualne\/erasmus-cesta-do-norska\/"},"author":{"name":"Isabel Magdic","@id":"https:\/\/www.skolamichael.cz\/cs\/#\/schema\/person\/558cacac09baabcf878965ff60722247"},"headline":"ERASMUS+ cesta do Norska","datePublished":"2024-09-30T15:28:30+00:00","dateModified":"2024-11-04T14:10:29+00:00","mainEntityOfPage":{"@id":"https:\/\/www.skolamichael.cz\/cs\/aktualne\/erasmus-cesta-do-norska\/"},"wordCount":249,"publisher":{"@id":"https:\/\/www.skolamichael.cz\/cs\/#organization"},"image":{"@id":"https:\/\/www.skolamichael.cz\/cs\/aktualne\/erasmus-cesta-do-norska\/#primaryimage"},"thumbnailUrl":"https:\/\/www.skolamichael.cz\/wp-content\/uploads\/2024\/09\/SS.jpg","articleSection":["Aktuality"],"inLanguage":"cs"},{"@type":"WebPage","@id":"https:\/\/www.skolamichael.cz\/cs\/aktualne\/erasmus-cesta-do-norska\/","url":"https:\/\/www.skolamichael.cz\/cs\/aktualne\/erasmus-cesta-do-norska\/","name":"ERASMUS+ cesta do Norska | MICHAEL","isPartOf":{"@id":"https:\/\/www.skolamichael.cz\/cs\/#website"},"primaryImageOfPage":{"@id":"https:\/\/www.skolamichael.cz\/cs\/aktualne\/erasmus-cesta-do-norska\/#primaryimage"},"image":{"@id":"https:\/\/www.skolamichael.cz\/cs\/aktualne\/erasmus-cesta-do-norska\/#primaryimage"},"thumbnailUrl":"https:\/\/www.skolamichael.cz\/wp-content\/uploads\/2024\/09\/SS.jpg","datePublished":"2024-09-30T15:28:30+00:00","dateModified":"2024-11-04T14:10:29+00:00","breadcrumb":{"@id":"https:\/\/www.skolamichael.cz\/cs\/aktualne\/erasmus-cesta-do-norska\/#breadcrumb"},"inLanguage":"cs","potentialAction":[{"@type":"ReadAction","target":["https:\/\/www.skolamichael.cz\/cs\/aktualne\/erasmus-cesta-do-norska\/"]}]},{"@type":"ImageObject","inLanguage":"cs","@id":"https:\/\/www.skolamichael.cz\/cs\/aktualne\/erasmus-cesta-do-norska\/#primaryimage","url":"https:\/\/www.skolamichael.cz\/wp-content\/uploads\/2024\/09\/SS.jpg","contentUrl":"https:\/\/www.skolamichael.cz\/wp-content\/uploads\/2024\/09\/SS.jpg","width":1069,"height":1069},{"@type":"BreadcrumbList","@id":"https:\/\/www.skolamichael.cz\/cs\/aktualne\/erasmus-cesta-do-norska\/#breadcrumb","itemListElement":[{"@type":"ListItem","position":1,"name":"Dom\u016f","item":"https:\/\/www.skolamichael.cz\/cs\/"},{"@type":"ListItem","position":2,"name":"ERASMUS+ cesta do Norska"}]},{"@type":"WebSite","@id":"https:\/\/www.skolamichael.cz\/cs\/#website","url":"https:\/\/www.skolamichael.cz\/cs\/","name":"MICHAEL","description":"St\u0159edn\u00ed \u0161kola, Gymn\u00e1zium a Vy\u0161\u0161\u00ed odborn\u00e1 \u0161kola","publisher":{"@id":"https:\/\/www.skolamichael.cz\/cs\/#organization"},"alternateName":"St\u0159edn\u00ed \u0161kola, Gymn\u00e1zium a Vy\u0161\u0161\u00ed odborn\u00e1 \u0161kola","potentialAction":[{"@type":"SearchAction","target":{"@type":"EntryPoint","urlTemplate":"https:\/\/www.skolamichael.cz\/cs\/?s={search_term_string}"},"query-input":{"@type":"PropertyValueSpecification","valueRequired":true,"valueName":"search_term_string"}}],"inLanguage":"cs"},{"@type":"Organization","@id":"https:\/\/www.skolamichael.cz\/cs\/#organization","name":"Michael \u2013 St\u0159edn\u00ed \u0161kola, Gymn\u00e1zium a Vy\u0161\u0161\u00ed odborn\u00e1 \u0161kola, s.r.o.","url":"https:\/\/www.skolamichael.cz\/cs\/","logo":{"@type":"ImageObject","inLanguage":"cs","@id":"https:\/\/www.skolamichael.cz\/cs\/#\/schema\/logo\/image\/","url":"https:\/\/www.skolamichael.cz\/wp-content\/uploads\/2019\/03\/logo_michael_final_ctverec1-1.jpg","contentUrl":"https:\/\/www.skolamichael.cz\/wp-content\/uploads\/2019\/03\/logo_michael_final_ctverec1-1.jpg","width":400,"height":400,"caption":"Michael \u2013 St\u0159edn\u00ed \u0161kola, Gymn\u00e1zium a Vy\u0161\u0161\u00ed odborn\u00e1 \u0161kola, s.r.o."},"image":{"@id":"https:\/\/www.skolamichael.cz\/cs\/#\/schema\/logo\/image\/"},"sameAs":["http:\/\/www.facebook.com\/skolamichael","https:\/\/www.instagram.com\/skola_michael\/"]},{"@type":"Person","@id":"https:\/\/www.skolamichael.cz\/cs\/#\/schema\/person\/558cacac09baabcf878965ff60722247","name":"Isabel Magdic","image":{"@type":"ImageObject","inLanguage":"cs","@id":"https:\/\/secure.gravatar.com\/avatar\/ec7f59705dc51a1ab5a45963ebbb1c80bd7f0d7654cacdc50c2bc953d397331d?s=96&d=mm&r=g","url":"https:\/\/secure.gravatar.com\/avatar\/ec7f59705dc51a1ab5a45963ebbb1c80bd7f0d7654cacdc50c2bc953d397331d?s=96&d=mm&r=g","contentUrl":"https:\/\/secure.gravatar.com\/avatar\/ec7f59705dc51a1ab5a45963ebbb1c80bd7f0d7654cacdc50c2bc953d397331d?s=96&d=mm&r=g","caption":"Isabel Magdic"},"url":"https:\/\/www.skolamichael.cz\/cs\/author\/imagdic\/"}]}},"_links":{"self":[{"href":"https:\/\/www.skolamichael.cz\/cs\/wp-json\/wp\/v2\/posts\/14174","targetHints":{"allow":["GET"]}}],"collection":[{"href":"https:\/\/www.skolamichael.cz\/cs\/wp-json\/wp\/v2\/posts"}],"about":[{"href":"https:\/\/www.skolamichael.cz\/cs\/wp-json\/wp\/v2\/types\/post"}],"author":[{"embeddable":true,"href":"https:\/\/www.skolamichael.cz\/cs\/wp-json\/wp\/v2\/users\/19"}],"replies":[{"embeddable":true,"href":"https:\/\/www.skolamichael.cz\/cs\/wp-json\/wp\/v2\/comments?post=14174"}],"version-history":[{"count":5,"href":"https:\/\/www.skolamichael.cz\/cs\/wp-json\/wp\/v2\/posts\/14174\/revisions"}],"predecessor-version":[{"id":14430,"href":"https:\/\/www.skolamichael.cz\/cs\/wp-json\/wp\/v2\/posts\/14174\/revisions\/14430"}],"wp:featuredmedia":[{"embeddable":true,"href":"https:\/\/www.skolamichael.cz\/cs\/wp-json\/wp\/v2\/media\/14205"}],"wp:attachment":[{"href":"https:\/\/www.skolamichael.cz\/cs\/wp-json\/wp\/v2\/media?parent=14174"}],"wp:term":[{"taxonomy":"category","embeddable":true,"href":"https:\/\/www.skolamichael.cz\/cs\/wp-json\/wp\/v2\/categories?post=14174"},{"taxonomy":"post_tag","embeddable":true,"href":"https:\/\/www.skolamichael.cz\/cs\/wp-json\/wp\/v2\/tags?post=14174"}],"curies":[{"name":"wp","href":"https:\/\/api.w.org\/{rel}","templated":true}]}}