{"id":21782,"date":"2025-05-30T09:14:25","date_gmt":"2025-05-30T07:14:25","guid":{"rendered":"https:\/\/www.skolamichael.cz\/?p=21782"},"modified":"2025-05-30T09:14:25","modified_gmt":"2025-05-30T07:14:25","slug":"nasi-absolventi-na-zlin-film-festivalu","status":"publish","type":"post","link":"https:\/\/www.skolamichael.cz\/cs\/aktualne\/akce\/nasi-absolventi-na-zlin-film-festivalu\/","title":{"rendered":"Na\u0161i absolventi na Zl\u00edn Film Festivalu"},"content":{"rendered":"<p><span style=\"font-size: 14px;\">65. ro\u010dn\u00edk ZL\u00cdN FILM FESTIVAL uvede dva absolventsk\u00e9 filmy na\u0161ich absolvent\u016f, kter\u00ed u n\u00e1s studovali na oboru Filmov\u00e1 tvorba na Akademii Michael &#8211; Vy\u0161\u0161\u00ed odborn\u00e9 \u0161koly.<\/span><\/p>\n<p><span style=\"font-size: 14px;\">Prvn\u00edm re\u017eis\u00e9rem je <strong>Nikolas Sand<\/strong>, kter\u00fd p\u0159edstav\u00ed film <strong>L\u00e9to09<\/strong>, jeho\u017e sv\u011btov\u00e1 premi\u00e9ra byla uvedena loni na <strong>Cinekid Festivalu<\/strong>. <\/span><\/p>\n<p><span style=\"font-size: 14px;\">Za druh\u00fdm filmem stoj\u00ed re\u017eis\u00e9r <strong>Filip \u0160pinka<\/strong>, kter\u00fd uvede film <strong>Br\u00e1cha!<\/strong>. Film bude m\u00edt premi\u00e9ru pr\u00e1v\u011b na tomto festivalu.\u00a0<\/span><\/p>\n<p><span style=\"font-size: 14px;\">Gratulujeme na\u0161im absolvent\u016fm k t\u011bmto velk\u00fdm \u00fasp\u011bch\u016fm!!<\/span><\/p>\n<p>&nbsp;<\/p>\n<div id='gallery-1' class='gallery galleryid-21782 gallery-columns-1 gallery-size-full'><figure class='gallery-item'>\n\t\t\t<div class='gallery-icon landscape'>\n\t\t\t\t<a href='https:\/\/www.skolamichael.cz\/wp-content\/uploads\/2025\/05\/DCAE9A51-C0D1-49FB-BC02-FC0BD07762A4.jpg'><img loading=\"lazy\" decoding=\"async\" width=\"1920\" height=\"1080\" src=\"https:\/\/www.skolamichael.cz\/wp-content\/uploads\/2025\/05\/DCAE9A51-C0D1-49FB-BC02-FC0BD07762A4.jpg\" class=\"attachment-full size-full\" alt=\"\" srcset=\"https:\/\/www.skolamichael.cz\/wp-content\/uploads\/2025\/05\/DCAE9A51-C0D1-49FB-BC02-FC0BD07762A4.jpg 1920w, https:\/\/www.skolamichael.cz\/wp-content\/uploads\/2025\/05\/DCAE9A51-C0D1-49FB-BC02-FC0BD07762A4-300x169.jpg 300w, https:\/\/www.skolamichael.cz\/wp-content\/uploads\/2025\/05\/DCAE9A51-C0D1-49FB-BC02-FC0BD07762A4-1024x576.jpg 1024w\" sizes=\"auto, (max-width: 1920px) 100vw, 1920px\" \/><\/a>\n\t\t\t<\/div><\/figure><figure class='gallery-item'>\n\t\t\t<div class='gallery-icon portrait'>\n\t\t\t\t<a href='https:\/\/www.skolamichael.cz\/wp-content\/uploads\/2025\/05\/IMG_7650.jpg'><img loading=\"lazy\" decoding=\"async\" width=\"763\" height=\"1080\" src=\"https:\/\/www.skolamichael.cz\/wp-content\/uploads\/2025\/05\/IMG_7650.jpg\" class=\"attachment-full size-full\" alt=\"\" srcset=\"https:\/\/www.skolamichael.cz\/wp-content\/uploads\/2025\/05\/IMG_7650.jpg 763w, https:\/\/www.skolamichael.cz\/wp-content\/uploads\/2025\/05\/IMG_7650-212x300.jpg 212w, https:\/\/www.skolamichael.cz\/wp-content\/uploads\/2025\/05\/IMG_7650-723x1024.jpg 723w\" sizes=\"auto, (max-width: 763px) 100vw, 763px\" \/><\/a>\n\t\t\t<\/div><\/figure><figure class='gallery-item'>\n\t\t\t<div class='gallery-icon portrait'>\n\t\t\t\t<a href='https:\/\/www.skolamichael.cz\/wp-content\/uploads\/2025\/05\/IMG_7649.jpg'><img loading=\"lazy\" decoding=\"async\" width=\"764\" height=\"1080\" src=\"https:\/\/www.skolamichael.cz\/wp-content\/uploads\/2025\/05\/IMG_7649.jpg\" class=\"attachment-full size-full\" alt=\"\" srcset=\"https:\/\/www.skolamichael.cz\/wp-content\/uploads\/2025\/05\/IMG_7649.jpg 764w, https:\/\/www.skolamichael.cz\/wp-content\/uploads\/2025\/05\/IMG_7649-212x300.jpg 212w, https:\/\/www.skolamichael.cz\/wp-content\/uploads\/2025\/05\/IMG_7649-724x1024.jpg 724w\" sizes=\"auto, (max-width: 764px) 100vw, 764px\" \/><\/a>\n\t\t\t<\/div><\/figure>\n\t\t<\/div>\n\n","protected":false},"excerpt":{"rendered":"<p>65. ro\u010dn\u00edk ZL\u00cdN FILM FESTIVAL uvede dva absolventsk\u00e9 filmy na\u0161ich absolvent\u016f, kter\u00ed u n\u00e1s studovali na oboru Filmov\u00e1 tvorba na Akademii Michael &#8211; Vy\u0161\u0161\u00ed odborn\u00e9 \u0161koly. Prvn\u00edm re\u017eis\u00e9rem je Nikolas Sand, kter\u00fd p\u0159edstav\u00ed film L\u00e9to09, jeho\u017e sv\u011btov\u00e1 premi\u00e9ra byla uvedena loni na Cinekid Festivalu. Za druh\u00fdm filmem stoj\u00ed re\u017eis\u00e9r Filip \u0160pinka, kter\u00fd uvede film Br\u00e1cha!. [&hellip;]<\/p>\n","protected":false},"author":19,"featured_media":21789,"comment_status":"closed","ping_status":"open","sticky":false,"template":"","format":"standard","meta":{"_acf_changed":false,"footnotes":""},"categories":[14],"tags":[],"class_list":["post-21782","post","type-post","status-publish","format-standard","has-post-thumbnail","hentry","category-akce"],"acf":[],"yoast_head":"<!-- This site is optimized with the Yoast SEO plugin v27.4 - https:\/\/yoast.com\/product\/yoast-seo-wordpress\/ -->\n<title>Na\u0161i absolventi na Zl\u00edn Film Festivalu | MICHAEL<\/title>\n<meta name=\"robots\" content=\"index, follow, max-snippet:-1, max-image-preview:large, max-video-preview:-1\" \/>\n<link rel=\"canonical\" href=\"https:\/\/www.skolamichael.cz\/cs\/aktualne\/akce\/nasi-absolventi-na-zlin-film-festivalu\/\" \/>\n<meta property=\"og:locale\" content=\"cs_CZ\" \/>\n<meta property=\"og:type\" content=\"article\" \/>\n<meta property=\"og:title\" content=\"Na\u0161i absolventi na Zl\u00edn Film Festivalu | MICHAEL\" \/>\n<meta property=\"og:description\" content=\"65. ro\u010dn\u00edk ZL\u00cdN FILM FESTIVAL uvede dva absolventsk\u00e9 filmy na\u0161ich absolvent\u016f, kter\u00ed u n\u00e1s studovali na oboru Filmov\u00e1 tvorba na Akademii Michael &#8211; Vy\u0161\u0161\u00ed odborn\u00e9 \u0161koly. Prvn\u00edm re\u017eis\u00e9rem je Nikolas Sand, kter\u00fd p\u0159edstav\u00ed film L\u00e9to09, jeho\u017e sv\u011btov\u00e1 premi\u00e9ra byla uvedena loni na Cinekid Festivalu. Za druh\u00fdm filmem stoj\u00ed re\u017eis\u00e9r Filip \u0160pinka, kter\u00fd uvede film Br\u00e1cha!. [&hellip;]\" \/>\n<meta property=\"og:url\" content=\"https:\/\/www.skolamichael.cz\/cs\/aktualne\/akce\/nasi-absolventi-na-zlin-film-festivalu\/\" \/>\n<meta property=\"og:site_name\" content=\"MICHAEL\" \/>\n<meta property=\"article:publisher\" content=\"http:\/\/www.facebook.com\/skolamichael\" \/>\n<meta property=\"article:published_time\" content=\"2025-05-30T07:14:25+00:00\" \/>\n<meta property=\"og:image\" content=\"https:\/\/www.skolamichael.cz\/wp-content\/uploads\/2025\/05\/IMG_7647_VSCO.jpg\" \/>\n\t<meta property=\"og:image:width\" content=\"630\" \/>\n\t<meta property=\"og:image:height\" content=\"630\" \/>\n\t<meta property=\"og:image:type\" content=\"image\/jpeg\" \/>\n<meta name=\"author\" content=\"Isabel Magdic\" \/>\n<meta name=\"twitter:card\" content=\"summary_large_image\" \/>\n<meta name=\"twitter:label1\" content=\"Napsal(a)\" \/>\n\t<meta name=\"twitter:data1\" content=\"Isabel Magdic\" \/>\n\t<meta name=\"twitter:label2\" content=\"Odhadovan\u00e1 doba \u010dten\u00ed\" \/>\n\t<meta name=\"twitter:data2\" content=\"1 minuta\" \/>\n<script type=\"application\/ld+json\" class=\"yoast-schema-graph\">{\"@context\":\"https:\\\/\\\/schema.org\",\"@graph\":[{\"@type\":\"Article\",\"@id\":\"https:\\\/\\\/www.skolamichael.cz\\\/cs\\\/aktualne\\\/akce\\\/nasi-absolventi-na-zlin-film-festivalu\\\/#article\",\"isPartOf\":{\"@id\":\"https:\\\/\\\/www.skolamichael.cz\\\/cs\\\/aktualne\\\/akce\\\/nasi-absolventi-na-zlin-film-festivalu\\\/\"},\"author\":{\"name\":\"Isabel Magdic\",\"@id\":\"https:\\\/\\\/www.skolamichael.cz\\\/cs\\\/#\\\/schema\\\/person\\\/558cacac09baabcf878965ff60722247\"},\"headline\":\"Na\u0161i absolventi na Zl\u00edn Film Festivalu\",\"datePublished\":\"2025-05-30T07:14:25+00:00\",\"mainEntityOfPage\":{\"@id\":\"https:\\\/\\\/www.skolamichael.cz\\\/cs\\\/aktualne\\\/akce\\\/nasi-absolventi-na-zlin-film-festivalu\\\/\"},\"wordCount\":110,\"publisher\":{\"@id\":\"https:\\\/\\\/www.skolamichael.cz\\\/cs\\\/#organization\"},\"image\":{\"@id\":\"https:\\\/\\\/www.skolamichael.cz\\\/cs\\\/aktualne\\\/akce\\\/nasi-absolventi-na-zlin-film-festivalu\\\/#primaryimage\"},\"thumbnailUrl\":\"https:\\\/\\\/www.skolamichael.cz\\\/wp-content\\\/uploads\\\/2025\\\/05\\\/IMG_7647_VSCO.jpg\",\"articleSection\":[\"Akce\"],\"inLanguage\":\"cs\"},{\"@type\":\"WebPage\",\"@id\":\"https:\\\/\\\/www.skolamichael.cz\\\/cs\\\/aktualne\\\/akce\\\/nasi-absolventi-na-zlin-film-festivalu\\\/\",\"url\":\"https:\\\/\\\/www.skolamichael.cz\\\/cs\\\/aktualne\\\/akce\\\/nasi-absolventi-na-zlin-film-festivalu\\\/\",\"name\":\"Na\u0161i absolventi na Zl\u00edn Film Festivalu | MICHAEL\",\"isPartOf\":{\"@id\":\"https:\\\/\\\/www.skolamichael.cz\\\/cs\\\/#website\"},\"primaryImageOfPage\":{\"@id\":\"https:\\\/\\\/www.skolamichael.cz\\\/cs\\\/aktualne\\\/akce\\\/nasi-absolventi-na-zlin-film-festivalu\\\/#primaryimage\"},\"image\":{\"@id\":\"https:\\\/\\\/www.skolamichael.cz\\\/cs\\\/aktualne\\\/akce\\\/nasi-absolventi-na-zlin-film-festivalu\\\/#primaryimage\"},\"thumbnailUrl\":\"https:\\\/\\\/www.skolamichael.cz\\\/wp-content\\\/uploads\\\/2025\\\/05\\\/IMG_7647_VSCO.jpg\",\"datePublished\":\"2025-05-30T07:14:25+00:00\",\"breadcrumb\":{\"@id\":\"https:\\\/\\\/www.skolamichael.cz\\\/cs\\\/aktualne\\\/akce\\\/nasi-absolventi-na-zlin-film-festivalu\\\/#breadcrumb\"},\"inLanguage\":\"cs\",\"potentialAction\":[{\"@type\":\"ReadAction\",\"target\":[\"https:\\\/\\\/www.skolamichael.cz\\\/cs\\\/aktualne\\\/akce\\\/nasi-absolventi-na-zlin-film-festivalu\\\/\"]}]},{\"@type\":\"ImageObject\",\"inLanguage\":\"cs\",\"@id\":\"https:\\\/\\\/www.skolamichael.cz\\\/cs\\\/aktualne\\\/akce\\\/nasi-absolventi-na-zlin-film-festivalu\\\/#primaryimage\",\"url\":\"https:\\\/\\\/www.skolamichael.cz\\\/wp-content\\\/uploads\\\/2025\\\/05\\\/IMG_7647_VSCO.jpg\",\"contentUrl\":\"https:\\\/\\\/www.skolamichael.cz\\\/wp-content\\\/uploads\\\/2025\\\/05\\\/IMG_7647_VSCO.jpg\",\"width\":630,\"height\":630},{\"@type\":\"BreadcrumbList\",\"@id\":\"https:\\\/\\\/www.skolamichael.cz\\\/cs\\\/aktualne\\\/akce\\\/nasi-absolventi-na-zlin-film-festivalu\\\/#breadcrumb\",\"itemListElement\":[{\"@type\":\"ListItem\",\"position\":1,\"name\":\"Dom\u016f\",\"item\":\"https:\\\/\\\/www.skolamichael.cz\\\/cs\\\/\"},{\"@type\":\"ListItem\",\"position\":2,\"name\":\"Na\u0161i absolventi na Zl\u00edn Film Festivalu\"}]},{\"@type\":\"WebSite\",\"@id\":\"https:\\\/\\\/www.skolamichael.cz\\\/cs\\\/#website\",\"url\":\"https:\\\/\\\/www.skolamichael.cz\\\/cs\\\/\",\"name\":\"MICHAEL\",\"description\":\"St\u0159edn\u00ed \u0161kola, Gymn\u00e1zium a Vy\u0161\u0161\u00ed odborn\u00e1 \u0161kola\",\"publisher\":{\"@id\":\"https:\\\/\\\/www.skolamichael.cz\\\/cs\\\/#organization\"},\"alternateName\":\"St\u0159edn\u00ed \u0161kola, Gymn\u00e1zium a Vy\u0161\u0161\u00ed odborn\u00e1 \u0161kola\",\"potentialAction\":[{\"@type\":\"SearchAction\",\"target\":{\"@type\":\"EntryPoint\",\"urlTemplate\":\"https:\\\/\\\/www.skolamichael.cz\\\/cs\\\/?s={search_term_string}\"},\"query-input\":{\"@type\":\"PropertyValueSpecification\",\"valueRequired\":true,\"valueName\":\"search_term_string\"}}],\"inLanguage\":\"cs\"},{\"@type\":\"Organization\",\"@id\":\"https:\\\/\\\/www.skolamichael.cz\\\/cs\\\/#organization\",\"name\":\"Michael \u2013 St\u0159edn\u00ed \u0161kola, Gymn\u00e1zium a Vy\u0161\u0161\u00ed odborn\u00e1 \u0161kola, s.r.o.\",\"url\":\"https:\\\/\\\/www.skolamichael.cz\\\/cs\\\/\",\"logo\":{\"@type\":\"ImageObject\",\"inLanguage\":\"cs\",\"@id\":\"https:\\\/\\\/www.skolamichael.cz\\\/cs\\\/#\\\/schema\\\/logo\\\/image\\\/\",\"url\":\"https:\\\/\\\/www.skolamichael.cz\\\/wp-content\\\/uploads\\\/2019\\\/03\\\/logo_michael_final_ctverec1-1.jpg\",\"contentUrl\":\"https:\\\/\\\/www.skolamichael.cz\\\/wp-content\\\/uploads\\\/2019\\\/03\\\/logo_michael_final_ctverec1-1.jpg\",\"width\":400,\"height\":400,\"caption\":\"Michael \u2013 St\u0159edn\u00ed \u0161kola, Gymn\u00e1zium a Vy\u0161\u0161\u00ed odborn\u00e1 \u0161kola, s.r.o.\"},\"image\":{\"@id\":\"https:\\\/\\\/www.skolamichael.cz\\\/cs\\\/#\\\/schema\\\/logo\\\/image\\\/\"},\"sameAs\":[\"http:\\\/\\\/www.facebook.com\\\/skolamichael\",\"https:\\\/\\\/www.instagram.com\\\/skola_michael\\\/\"]},{\"@type\":\"Person\",\"@id\":\"https:\\\/\\\/www.skolamichael.cz\\\/cs\\\/#\\\/schema\\\/person\\\/558cacac09baabcf878965ff60722247\",\"name\":\"Isabel Magdic\",\"image\":{\"@type\":\"ImageObject\",\"inLanguage\":\"cs\",\"@id\":\"https:\\\/\\\/secure.gravatar.com\\\/avatar\\\/ec7f59705dc51a1ab5a45963ebbb1c80bd7f0d7654cacdc50c2bc953d397331d?s=96&d=mm&r=g\",\"url\":\"https:\\\/\\\/secure.gravatar.com\\\/avatar\\\/ec7f59705dc51a1ab5a45963ebbb1c80bd7f0d7654cacdc50c2bc953d397331d?s=96&d=mm&r=g\",\"contentUrl\":\"https:\\\/\\\/secure.gravatar.com\\\/avatar\\\/ec7f59705dc51a1ab5a45963ebbb1c80bd7f0d7654cacdc50c2bc953d397331d?s=96&d=mm&r=g\",\"caption\":\"Isabel Magdic\"},\"url\":\"https:\\\/\\\/www.skolamichael.cz\\\/cs\\\/author\\\/imagdic\\\/\"}]}<\/script>\n<!-- \/ Yoast SEO plugin. -->","yoast_head_json":{"title":"Na\u0161i absolventi na Zl\u00edn Film Festivalu | MICHAEL","robots":{"index":"index","follow":"follow","max-snippet":"max-snippet:-1","max-image-preview":"max-image-preview:large","max-video-preview":"max-video-preview:-1"},"canonical":"https:\/\/www.skolamichael.cz\/cs\/aktualne\/akce\/nasi-absolventi-na-zlin-film-festivalu\/","og_locale":"cs_CZ","og_type":"article","og_title":"Na\u0161i absolventi na Zl\u00edn Film Festivalu | MICHAEL","og_description":"65. ro\u010dn\u00edk ZL\u00cdN FILM FESTIVAL uvede dva absolventsk\u00e9 filmy na\u0161ich absolvent\u016f, kter\u00ed u n\u00e1s studovali na oboru Filmov\u00e1 tvorba na Akademii Michael &#8211; Vy\u0161\u0161\u00ed odborn\u00e9 \u0161koly. Prvn\u00edm re\u017eis\u00e9rem je Nikolas Sand, kter\u00fd p\u0159edstav\u00ed film L\u00e9to09, jeho\u017e sv\u011btov\u00e1 premi\u00e9ra byla uvedena loni na Cinekid Festivalu. Za druh\u00fdm filmem stoj\u00ed re\u017eis\u00e9r Filip \u0160pinka, kter\u00fd uvede film Br\u00e1cha!. [&hellip;]","og_url":"https:\/\/www.skolamichael.cz\/cs\/aktualne\/akce\/nasi-absolventi-na-zlin-film-festivalu\/","og_site_name":"MICHAEL","article_publisher":"http:\/\/www.facebook.com\/skolamichael","article_published_time":"2025-05-30T07:14:25+00:00","og_image":[{"width":630,"height":630,"url":"https:\/\/www.skolamichael.cz\/wp-content\/uploads\/2025\/05\/IMG_7647_VSCO.jpg","type":"image\/jpeg"}],"author":"Isabel Magdic","twitter_card":"summary_large_image","twitter_misc":{"Napsal(a)":"Isabel Magdic","Odhadovan\u00e1 doba \u010dten\u00ed":"1 minuta"},"schema":{"@context":"https:\/\/schema.org","@graph":[{"@type":"Article","@id":"https:\/\/www.skolamichael.cz\/cs\/aktualne\/akce\/nasi-absolventi-na-zlin-film-festivalu\/#article","isPartOf":{"@id":"https:\/\/www.skolamichael.cz\/cs\/aktualne\/akce\/nasi-absolventi-na-zlin-film-festivalu\/"},"author":{"name":"Isabel Magdic","@id":"https:\/\/www.skolamichael.cz\/cs\/#\/schema\/person\/558cacac09baabcf878965ff60722247"},"headline":"Na\u0161i absolventi na Zl\u00edn Film Festivalu","datePublished":"2025-05-30T07:14:25+00:00","mainEntityOfPage":{"@id":"https:\/\/www.skolamichael.cz\/cs\/aktualne\/akce\/nasi-absolventi-na-zlin-film-festivalu\/"},"wordCount":110,"publisher":{"@id":"https:\/\/www.skolamichael.cz\/cs\/#organization"},"image":{"@id":"https:\/\/www.skolamichael.cz\/cs\/aktualne\/akce\/nasi-absolventi-na-zlin-film-festivalu\/#primaryimage"},"thumbnailUrl":"https:\/\/www.skolamichael.cz\/wp-content\/uploads\/2025\/05\/IMG_7647_VSCO.jpg","articleSection":["Akce"],"inLanguage":"cs"},{"@type":"WebPage","@id":"https:\/\/www.skolamichael.cz\/cs\/aktualne\/akce\/nasi-absolventi-na-zlin-film-festivalu\/","url":"https:\/\/www.skolamichael.cz\/cs\/aktualne\/akce\/nasi-absolventi-na-zlin-film-festivalu\/","name":"Na\u0161i absolventi na Zl\u00edn Film Festivalu | MICHAEL","isPartOf":{"@id":"https:\/\/www.skolamichael.cz\/cs\/#website"},"primaryImageOfPage":{"@id":"https:\/\/www.skolamichael.cz\/cs\/aktualne\/akce\/nasi-absolventi-na-zlin-film-festivalu\/#primaryimage"},"image":{"@id":"https:\/\/www.skolamichael.cz\/cs\/aktualne\/akce\/nasi-absolventi-na-zlin-film-festivalu\/#primaryimage"},"thumbnailUrl":"https:\/\/www.skolamichael.cz\/wp-content\/uploads\/2025\/05\/IMG_7647_VSCO.jpg","datePublished":"2025-05-30T07:14:25+00:00","breadcrumb":{"@id":"https:\/\/www.skolamichael.cz\/cs\/aktualne\/akce\/nasi-absolventi-na-zlin-film-festivalu\/#breadcrumb"},"inLanguage":"cs","potentialAction":[{"@type":"ReadAction","target":["https:\/\/www.skolamichael.cz\/cs\/aktualne\/akce\/nasi-absolventi-na-zlin-film-festivalu\/"]}]},{"@type":"ImageObject","inLanguage":"cs","@id":"https:\/\/www.skolamichael.cz\/cs\/aktualne\/akce\/nasi-absolventi-na-zlin-film-festivalu\/#primaryimage","url":"https:\/\/www.skolamichael.cz\/wp-content\/uploads\/2025\/05\/IMG_7647_VSCO.jpg","contentUrl":"https:\/\/www.skolamichael.cz\/wp-content\/uploads\/2025\/05\/IMG_7647_VSCO.jpg","width":630,"height":630},{"@type":"BreadcrumbList","@id":"https:\/\/www.skolamichael.cz\/cs\/aktualne\/akce\/nasi-absolventi-na-zlin-film-festivalu\/#breadcrumb","itemListElement":[{"@type":"ListItem","position":1,"name":"Dom\u016f","item":"https:\/\/www.skolamichael.cz\/cs\/"},{"@type":"ListItem","position":2,"name":"Na\u0161i absolventi na Zl\u00edn Film Festivalu"}]},{"@type":"WebSite","@id":"https:\/\/www.skolamichael.cz\/cs\/#website","url":"https:\/\/www.skolamichael.cz\/cs\/","name":"MICHAEL","description":"St\u0159edn\u00ed \u0161kola, Gymn\u00e1zium a Vy\u0161\u0161\u00ed odborn\u00e1 \u0161kola","publisher":{"@id":"https:\/\/www.skolamichael.cz\/cs\/#organization"},"alternateName":"St\u0159edn\u00ed \u0161kola, Gymn\u00e1zium a Vy\u0161\u0161\u00ed odborn\u00e1 \u0161kola","potentialAction":[{"@type":"SearchAction","target":{"@type":"EntryPoint","urlTemplate":"https:\/\/www.skolamichael.cz\/cs\/?s={search_term_string}"},"query-input":{"@type":"PropertyValueSpecification","valueRequired":true,"valueName":"search_term_string"}}],"inLanguage":"cs"},{"@type":"Organization","@id":"https:\/\/www.skolamichael.cz\/cs\/#organization","name":"Michael \u2013 St\u0159edn\u00ed \u0161kola, Gymn\u00e1zium a Vy\u0161\u0161\u00ed odborn\u00e1 \u0161kola, s.r.o.","url":"https:\/\/www.skolamichael.cz\/cs\/","logo":{"@type":"ImageObject","inLanguage":"cs","@id":"https:\/\/www.skolamichael.cz\/cs\/#\/schema\/logo\/image\/","url":"https:\/\/www.skolamichael.cz\/wp-content\/uploads\/2019\/03\/logo_michael_final_ctverec1-1.jpg","contentUrl":"https:\/\/www.skolamichael.cz\/wp-content\/uploads\/2019\/03\/logo_michael_final_ctverec1-1.jpg","width":400,"height":400,"caption":"Michael \u2013 St\u0159edn\u00ed \u0161kola, Gymn\u00e1zium a Vy\u0161\u0161\u00ed odborn\u00e1 \u0161kola, s.r.o."},"image":{"@id":"https:\/\/www.skolamichael.cz\/cs\/#\/schema\/logo\/image\/"},"sameAs":["http:\/\/www.facebook.com\/skolamichael","https:\/\/www.instagram.com\/skola_michael\/"]},{"@type":"Person","@id":"https:\/\/www.skolamichael.cz\/cs\/#\/schema\/person\/558cacac09baabcf878965ff60722247","name":"Isabel Magdic","image":{"@type":"ImageObject","inLanguage":"cs","@id":"https:\/\/secure.gravatar.com\/avatar\/ec7f59705dc51a1ab5a45963ebbb1c80bd7f0d7654cacdc50c2bc953d397331d?s=96&d=mm&r=g","url":"https:\/\/secure.gravatar.com\/avatar\/ec7f59705dc51a1ab5a45963ebbb1c80bd7f0d7654cacdc50c2bc953d397331d?s=96&d=mm&r=g","contentUrl":"https:\/\/secure.gravatar.com\/avatar\/ec7f59705dc51a1ab5a45963ebbb1c80bd7f0d7654cacdc50c2bc953d397331d?s=96&d=mm&r=g","caption":"Isabel Magdic"},"url":"https:\/\/www.skolamichael.cz\/cs\/author\/imagdic\/"}]}},"_links":{"self":[{"href":"https:\/\/www.skolamichael.cz\/cs\/wp-json\/wp\/v2\/posts\/21782","targetHints":{"allow":["GET"]}}],"collection":[{"href":"https:\/\/www.skolamichael.cz\/cs\/wp-json\/wp\/v2\/posts"}],"about":[{"href":"https:\/\/www.skolamichael.cz\/cs\/wp-json\/wp\/v2\/types\/post"}],"author":[{"embeddable":true,"href":"https:\/\/www.skolamichael.cz\/cs\/wp-json\/wp\/v2\/users\/19"}],"replies":[{"embeddable":true,"href":"https:\/\/www.skolamichael.cz\/cs\/wp-json\/wp\/v2\/comments?post=21782"}],"version-history":[{"count":2,"href":"https:\/\/www.skolamichael.cz\/cs\/wp-json\/wp\/v2\/posts\/21782\/revisions"}],"predecessor-version":[{"id":21792,"href":"https:\/\/www.skolamichael.cz\/cs\/wp-json\/wp\/v2\/posts\/21782\/revisions\/21792"}],"wp:featuredmedia":[{"embeddable":true,"href":"https:\/\/www.skolamichael.cz\/cs\/wp-json\/wp\/v2\/media\/21789"}],"wp:attachment":[{"href":"https:\/\/www.skolamichael.cz\/cs\/wp-json\/wp\/v2\/media?parent=21782"}],"wp:term":[{"taxonomy":"category","embeddable":true,"href":"https:\/\/www.skolamichael.cz\/cs\/wp-json\/wp\/v2\/categories?post=21782"},{"taxonomy":"post_tag","embeddable":true,"href":"https:\/\/www.skolamichael.cz\/cs\/wp-json\/wp\/v2\/tags?post=21782"}],"curies":[{"name":"wp","href":"https:\/\/api.w.org\/{rel}","templated":true}]}}