{"id":22318,"date":"2025-06-12T19:32:03","date_gmt":"2025-06-12T17:32:03","guid":{"rendered":"https:\/\/www.skolamichael.cz\/?p=22318"},"modified":"2025-06-17T15:51:08","modified_gmt":"2025-06-17T13:51:08","slug":"festmichael-2025-namesti-miru","status":"publish","type":"post","link":"https:\/\/www.skolamichael.cz\/cs\/aktualne\/zivot-skoly\/festmichael-2025-namesti-miru\/","title":{"rendered":"FESTMICHAEL 2025 \u2013 n\u00e1m\u011bst\u00ed M\u00edru"},"content":{"rendered":"<p>Po sout\u011b\u017en\u00ed p\u0159ehl\u00eddce studentsk\u00fdch film\u016f v pra\u017esk\u00e9m kin\u011b Lucerna se studenti i se sv\u00fdmi vyu\u010duj\u00edc\u00edmi p\u0159esunuli na n\u00e1m\u011bst\u00ed M\u00edru. Tam v 17.00 hod. za\u010dala vernis\u00e1\u017e prac\u00ed student\u016f obor\u016f Fotografick\u00e1 tvorba, Grafick\u00fd design a Design interi\u00e9ru.<\/p>\n<p>Studenti, vybran\u00ed na z\u00e1klad\u011b hodnocen\u00ed odborn\u00fdch pedagog\u016f, tak\u00e9 p\u0159evzali ocen\u011bn\u00ed a sponzorsk\u00e9 dary. V\u00edt\u011bzov\u00e9 si odnesli d\u00e1rky od Nikonu, fotoapar\u00e1t Instax Fujifilm a poukazy na slu\u017eby od Foto\u0161koda, t\u0159\u00eddenn\u00ed voln\u00e9 vstupenky na sv\u011btov\u00fd poh\u00e1r Mystic Sk8 Cup 2025 od Skateparku \u0160tvanice, vouchery na slu\u017eby od PFX, vouchery na tiskov\u00e9 slu\u017eb od Reproteam, vouchery od Biofilms, vouchery na vyp\u016fj\u010den\u00ed techniky od Dafilms a extern\u00ed disky Lacie od Radiosrental, akreditace na Karlovarsk\u00fd festival, vstupenky do kina Edison, vstupenky do kina AERO, p\u0159edplatn\u00e9 \u010dasopisu FOTO VIDEO, pouk\u00e1zky do drogerie TETA a d\u00e1le finan\u010dn\u00ed dary. Nejlep\u0161\u00ed z nich pak trofej v podob\u011b sklen\u011bn\u00e9 \u017e\u00e1rovky.<\/p>\n<p>Vystaven\u00e9 pr\u00e1ce je mo\u017en\u00e9 v prostranstv\u00ed n\u00e1m\u011bst\u00ed M\u00edru p\u0159ed kostelem sv. Ludmily prohl\u00e9dnout do 10. \u010dervence 2025.<\/p>\n<p>Ceny obdr\u017eeli:<\/p>\n<p><strong><u>St\u0159edn\u00ed \u0161kola<\/u><\/strong><\/p>\n<p>Grafick\u00fd design<\/p>\n<ol>\n<li><strong>Tade\u00e1\u0161 Trunec<\/strong> \u2013 za celkov\u00fd p\u0159\u00edstup ke studiu a nad\u0161en\u00ed pro obor GD<\/li>\n<li><strong>Barbora Trnkov\u00e1<\/strong> \u2013 za nasazen\u00ed b\u011bhem praktick\u00e9 maturity<\/li>\n<li><strong>Nat\u00e1lie Dudkov\u00e1<\/strong> \u2013 za um\u011bleck\u00fd p\u0159\u00edstup p\u0159i \u0159e\u0161en\u00ed maturitn\u00ed pr\u00e1ce<\/li>\n<\/ol>\n<p>Fotografick\u00e1 tvorba<\/p>\n<ol>\n<li><strong>Dominik Karas<\/strong> \u2013 za vynikaj\u00edc\u00ed maturitn\u00ed soubor a za celkov\u00e9 studijn\u00ed v\u00fdsledky<\/li>\n<li>Nicol Nov\u00e1kov\u00e1 \u2013 za skv\u011blou maturitn\u00ed pr\u00e1ci<\/li>\n<li>Anita Here\u0161ov\u00e1 \u2013 za celkov\u00e9 studijn\u00ed v\u00fdsledky<\/li>\n<\/ol>\n<p>Design interi\u00e9ru<\/p>\n<ol>\n<li>Melisa Palochov\u00e1 \u2013 za dlouhodob\u011b excelentn\u00ed p\u0159\u00edstup k oboru a d\u016fkladn\u00e9 veden\u00ed 4. DI<\/li>\n<li>Am\u00e1lie Kol\u00e1torov\u00e1 \u2013 za kreativn\u00ed p\u0159\u00edstup, s kter\u00fdm dok\u00e1\u017ee sv\u016fj sv\u011bt pln\u00fd fantazie p\u0159ev\u00e9zt do interi\u00e9rov\u00e9ho designu<\/li>\n<li>Barbora Kmon\u00ed\u010dkov\u00e1 \u2013 za perfektn\u00ed pr\u00e1ci nejen na maturitn\u00edm zad\u00e1n\u00ed.<\/li>\n<\/ol>\n<p><strong><u>Akademie Michael \u2013 Vy\u0161\u0161\u00ed odborn\u00e1 \u0161kola<\/u><\/strong><\/p>\n<p>Grafick\u00fd design<\/p>\n<ol>\n<li><b>Kateryna Ilkevych <\/b>\u2013 za nadstandardn\u00ed progres v pr\u016fb\u011bhu cel\u00e9ho studia, kter\u00fd byl zavr\u0161en absolventskou prac\u00ed vysok\u00e9 v\u00fdtvarn\u00e9 \u00farovn\u011b<\/li>\n<li><b>Alina Prokhorova <\/b>\u2013 za vysoce kvalitn\u00ed a komplexn\u00ed zpracov\u00e1n\u00ed absolventsk\u00e9 pr\u00e1ce, ve kter\u00e9 zpracovala nov\u00fd vizu\u00e1ln\u00ed i komunika\u010dn\u00ed koncept projektu &#8222;Vet\u0159elci a volavky&#8220;<\/li>\n<li><b>Kate\u0159ina Hr\u0161elov\u00e1 <\/b>\u2013 za mimo\u0159\u00e1dn\u00e9 zpracov\u00e1n\u00ed a v\u00fdsledky zadan\u00fdch \u00fakol\u016f a celkov\u00e9 nasazen\u00ed v pr\u016fb\u011bhu cel\u00e9ho studijn\u00edho ro\u010dn\u00edku<\/li>\n<\/ol>\n<p>Fotografick\u00e1 tvorba<\/p>\n<ol>\n<li><b>Kl\u00e1ra Dost\u00e1lov\u00e1 <\/b>\u2013 za kreativn\u00ed p\u0159\u00edstup ke studiu, p\u0159\u00edkladnou absolventskou pr\u00e1ci a chu\u0165 dokon\u010dit studium na Akademii Michael i p\u0159esto, \u017ee ji\u017e prvn\u00edm rokem z\u00e1rove\u0148 studuje obor fotografie na UMPRUM<\/li>\n<li><b>Ji\u0159\u00ed Mach\u00e1\u010dek <\/b>\u2013 za skv\u011blou reprezentaci \u0161koly na festivalu Prague Photo<\/li>\n<li><b>Jakub Nerad <\/b>\u2013 za neutuchaj\u00edc\u00ed ochotu v\u017edy pomoci a poradit sv\u00fdm koleg\u016fm v r\u00e1mci sv\u00fdch nadstandartn\u00edch praktick\u00fdch zku\u0161enost\u00ed, el\u00e1n do studia a neutuchaj\u00edc\u00ed energii pod\u00edlet se na \u0161koln\u00edch i mimo\u0161koln\u00edch aktivit\u00e1ch<\/li>\n<\/ol>\n<p>Design interi\u00e9ru<\/p>\n<ol>\n<li><strong>Maksym Tatarskyi<\/strong> \u2013 za samostatnost a v\u00fdborn\u011b zpracovanou technickou dokumentaci a vizualizace<\/li>\n<li><strong>Barbora Sudov\u00e1<\/strong> \u2013 za moc hezky vypracovan\u00e9 vizualizace a jej\u00ed p\u0159\u00edstup k pr\u00e1ci<\/li>\n<li><strong>Kate\u0159ina Dolej\u0161ov\u00e1<\/strong> \u2013 za dob\u0159e odvedenou pr\u00e1ci<\/li>\n<\/ol>\n<p>Velk\u00e9 pod\u011bkov\u00e1n\u00ed pat\u0159\u00ed pedagog\u016fm, kte\u0159\u00ed byli student\u016fm n\u00e1pomocni p\u0159i jejich pr\u00e1ci. Vedouc\u00edmu oboru Filmov\u00e1 tvorba S\u0160 Viktoru Pavlovi\u0107ovi, vedouc\u00edmu oboru Filmov\u00e1 tvorba VO\u0160 Vladim\u00edru Mich\u00e1lkovi, vedouc\u00edmu oboru Fotografie a nov\u00e1 m\u00e9dia S\u0160 Jaroslavu Fi\u0161erovi, vedouc\u00edmu oboru Fotografick\u00e1 tvorba na VO\u0160 Tom\u00e1\u0161ovi T\u0159e\u0161t\u00edkovi, vedouc\u00edmu oboru Grafick\u00fd design S\u0160 Jakubu \u0160t\u011bp\u00e1nkovi, vedouc\u00edmu oboru Grafick\u00fd design VO\u0160 Miroslavu Roub\u00ed\u010dkovi, vedouc\u00ed oboru Design interi\u00e9ru S\u0160 Michaele O\u0161\u0165\u00e1dalov\u00e9 a Andree Vok\u0159\u00e1lov\u00e9, vedouc\u00ed oboru Design interi\u00e9ru VO\u0160.<\/p>\n<p>Foto: Tade\u00e1\u0161 Hl\u00e1sek a Maty\u00e1\u0161 \u010cech<\/p>\n<div id='gallery-1' class='gallery galleryid-22318 gallery-columns-1 gallery-size-full'><figure class='gallery-item'>\n\t\t\t<div class='gallery-icon landscape'>\n\t\t\t\t<a href='https:\/\/www.skolamichael.cz\/wp-content\/uploads\/2025\/06\/Mfest-2025-cech-13op.jpg'><img loading=\"lazy\" decoding=\"async\" width=\"1620\" height=\"1080\" src=\"https:\/\/www.skolamichael.cz\/wp-content\/uploads\/2025\/06\/Mfest-2025-cech-13op.jpg\" class=\"attachment-full size-full\" alt=\"\" srcset=\"https:\/\/www.skolamichael.cz\/wp-content\/uploads\/2025\/06\/Mfest-2025-cech-13op.jpg 1620w, https:\/\/www.skolamichael.cz\/wp-content\/uploads\/2025\/06\/Mfest-2025-cech-13op-300x200.jpg 300w, https:\/\/www.skolamichael.cz\/wp-content\/uploads\/2025\/06\/Mfest-2025-cech-13op-1024x683.jpg 1024w\" sizes=\"auto, (max-width: 1620px) 100vw, 1620px\" \/><\/a>\n\t\t\t<\/div><\/figure><figure class='gallery-item'>\n\t\t\t<div class='gallery-icon landscape'>\n\t\t\t\t<a href='https:\/\/www.skolamichael.cz\/wp-content\/uploads\/2025\/06\/Hlasek3V_FESTMICHAEL20.jpg'><img loading=\"lazy\" decoding=\"async\" width=\"1620\" height=\"1080\" src=\"https:\/\/www.skolamichael.cz\/wp-content\/uploads\/2025\/06\/Hlasek3V_FESTMICHAEL20.jpg\" class=\"attachment-full size-full\" alt=\"\" srcset=\"https:\/\/www.skolamichael.cz\/wp-content\/uploads\/2025\/06\/Hlasek3V_FESTMICHAEL20.jpg 1620w, https:\/\/www.skolamichael.cz\/wp-content\/uploads\/2025\/06\/Hlasek3V_FESTMICHAEL20-300x200.jpg 300w, https:\/\/www.skolamichael.cz\/wp-content\/uploads\/2025\/06\/Hlasek3V_FESTMICHAEL20-1024x683.jpg 1024w\" sizes=\"auto, (max-width: 1620px) 100vw, 1620px\" \/><\/a>\n\t\t\t<\/div><\/figure><figure class='gallery-item'>\n\t\t\t<div class='gallery-icon landscape'>\n\t\t\t\t<a href='https:\/\/www.skolamichael.cz\/wp-content\/uploads\/2025\/06\/LWN_9901.jpg'><img loading=\"lazy\" decoding=\"async\" width=\"1620\" height=\"1080\" src=\"https:\/\/www.skolamichael.cz\/wp-content\/uploads\/2025\/06\/LWN_9901.jpg\" class=\"attachment-full size-full\" alt=\"\" srcset=\"https:\/\/www.skolamichael.cz\/wp-content\/uploads\/2025\/06\/LWN_9901.jpg 1620w, https:\/\/www.skolamichael.cz\/wp-content\/uploads\/2025\/06\/LWN_9901-300x200.jpg 300w, https:\/\/www.skolamichael.cz\/wp-content\/uploads\/2025\/06\/LWN_9901-1024x683.jpg 1024w\" sizes=\"auto, (max-width: 1620px) 100vw, 1620px\" \/><\/a>\n\t\t\t<\/div><\/figure><figure class='gallery-item'>\n\t\t\t<div class='gallery-icon landscape'>\n\t\t\t\t<a href='https:\/\/www.skolamichael.cz\/wp-content\/uploads\/2025\/06\/Hlasek3V_FESTMICHAEL01.jpg'><img loading=\"lazy\" decoding=\"async\" width=\"1620\" height=\"1080\" src=\"https:\/\/www.skolamichael.cz\/wp-content\/uploads\/2025\/06\/Hlasek3V_FESTMICHAEL01.jpg\" class=\"attachment-full size-full\" alt=\"\" srcset=\"https:\/\/www.skolamichael.cz\/wp-content\/uploads\/2025\/06\/Hlasek3V_FESTMICHAEL01.jpg 1620w, https:\/\/www.skolamichael.cz\/wp-content\/uploads\/2025\/06\/Hlasek3V_FESTMICHAEL01-300x200.jpg 300w, https:\/\/www.skolamichael.cz\/wp-content\/uploads\/2025\/06\/Hlasek3V_FESTMICHAEL01-1024x683.jpg 1024w\" sizes=\"auto, (max-width: 1620px) 100vw, 1620px\" \/><\/a>\n\t\t\t<\/div><\/figure><figure class='gallery-item'>\n\t\t\t<div class='gallery-icon landscape'>\n\t\t\t\t<a href='https:\/\/www.skolamichael.cz\/wp-content\/uploads\/2025\/06\/Hlasek3V_FESTMICHAEL03.jpg'><img loading=\"lazy\" decoding=\"async\" width=\"1620\" height=\"1080\" src=\"https:\/\/www.skolamichael.cz\/wp-content\/uploads\/2025\/06\/Hlasek3V_FESTMICHAEL03.jpg\" class=\"attachment-full size-full\" alt=\"\" srcset=\"https:\/\/www.skolamichael.cz\/wp-content\/uploads\/2025\/06\/Hlasek3V_FESTMICHAEL03.jpg 1620w, https:\/\/www.skolamichael.cz\/wp-content\/uploads\/2025\/06\/Hlasek3V_FESTMICHAEL03-300x200.jpg 300w, https:\/\/www.skolamichael.cz\/wp-content\/uploads\/2025\/06\/Hlasek3V_FESTMICHAEL03-1024x683.jpg 1024w\" sizes=\"auto, (max-width: 1620px) 100vw, 1620px\" \/><\/a>\n\t\t\t<\/div><\/figure><figure class='gallery-item'>\n\t\t\t<div class='gallery-icon landscape'>\n\t\t\t\t<a href='https:\/\/www.skolamichael.cz\/wp-content\/uploads\/2025\/06\/Hlasek3V_FESTMICHAEL16.jpg'><img loading=\"lazy\" decoding=\"async\" width=\"1620\" height=\"1080\" src=\"https:\/\/www.skolamichael.cz\/wp-content\/uploads\/2025\/06\/Hlasek3V_FESTMICHAEL16.jpg\" class=\"attachment-full size-full\" alt=\"\" srcset=\"https:\/\/www.skolamichael.cz\/wp-content\/uploads\/2025\/06\/Hlasek3V_FESTMICHAEL16.jpg 1620w, https:\/\/www.skolamichael.cz\/wp-content\/uploads\/2025\/06\/Hlasek3V_FESTMICHAEL16-300x200.jpg 300w, https:\/\/www.skolamichael.cz\/wp-content\/uploads\/2025\/06\/Hlasek3V_FESTMICHAEL16-1024x683.jpg 1024w\" sizes=\"auto, (max-width: 1620px) 100vw, 1620px\" \/><\/a>\n\t\t\t<\/div><\/figure><figure class='gallery-item'>\n\t\t\t<div class='gallery-icon landscape'>\n\t\t\t\t<a href='https:\/\/www.skolamichael.cz\/wp-content\/uploads\/2025\/06\/Hlasek3V_FESTMICHAEL04.jpg'><img loading=\"lazy\" decoding=\"async\" width=\"1620\" height=\"1080\" src=\"https:\/\/www.skolamichael.cz\/wp-content\/uploads\/2025\/06\/Hlasek3V_FESTMICHAEL04.jpg\" class=\"attachment-full size-full\" alt=\"\" srcset=\"https:\/\/www.skolamichael.cz\/wp-content\/uploads\/2025\/06\/Hlasek3V_FESTMICHAEL04.jpg 1620w, https:\/\/www.skolamichael.cz\/wp-content\/uploads\/2025\/06\/Hlasek3V_FESTMICHAEL04-300x200.jpg 300w, https:\/\/www.skolamichael.cz\/wp-content\/uploads\/2025\/06\/Hlasek3V_FESTMICHAEL04-1024x683.jpg 1024w\" sizes=\"auto, (max-width: 1620px) 100vw, 1620px\" \/><\/a>\n\t\t\t<\/div><\/figure>\n\t\t<\/div>\n\n<figure id=\"attachment_22343\" aria-describedby=\"caption-attachment-22343\" style=\"width: 1206px\" class=\"wp-caption aligncenter\"><img loading=\"lazy\" decoding=\"async\" class=\"size-full wp-image-22343\" src=\"https:\/\/www.skolamichael.cz\/wp-content\/uploads\/2025\/06\/IMG_8689.jpeg\" alt=\"\" width=\"1206\" height=\"671\" srcset=\"https:\/\/www.skolamichael.cz\/wp-content\/uploads\/2025\/06\/IMG_8689.jpeg 1206w, https:\/\/www.skolamichael.cz\/wp-content\/uploads\/2025\/06\/IMG_8689-300x167.jpeg 300w, https:\/\/www.skolamichael.cz\/wp-content\/uploads\/2025\/06\/IMG_8689-1024x570.jpeg 1024w\" sizes=\"auto, (max-width: 1206px) 100vw, 1206px\" \/><figcaption id=\"caption-attachment-22343\" class=\"wp-caption-text\">Screenshot<\/figcaption><\/figure>\n","protected":false},"excerpt":{"rendered":"<p>Po sout\u011b\u017en\u00ed p\u0159ehl\u00eddce studentsk\u00fdch film\u016f v pra\u017esk\u00e9m kin\u011b Lucerna se studenti i se sv\u00fdmi vyu\u010duj\u00edc\u00edmi p\u0159esunuli na n\u00e1m\u011bst\u00ed M\u00edru. Tam v 17.00 hod. za\u010dala vernis\u00e1\u017e prac\u00ed student\u016f obor\u016f Fotografick\u00e1 tvorba, Grafick\u00fd design a Design interi\u00e9ru. Studenti, vybran\u00ed na z\u00e1klad\u011b hodnocen\u00ed odborn\u00fdch pedagog\u016f, tak\u00e9 p\u0159evzali ocen\u011bn\u00ed a sponzorsk\u00e9 dary. V\u00edt\u011bzov\u00e9 si odnesli d\u00e1rky od Nikonu, fotoapar\u00e1t [&hellip;]<\/p>\n","protected":false},"author":4,"featured_media":22357,"comment_status":"closed","ping_status":"open","sticky":false,"template":"","format":"standard","meta":{"_acf_changed":false,"footnotes":""},"categories":[16],"tags":[],"class_list":["post-22318","post","type-post","status-publish","format-standard","has-post-thumbnail","hentry","category-zivot-skoly"],"acf":[],"yoast_head":"<!-- This site is optimized with the Yoast SEO plugin v27.4 - https:\/\/yoast.com\/product\/yoast-seo-wordpress\/ -->\n<title>FESTMICHAEL 2025 \u2013 n\u00e1m\u011bst\u00ed M\u00edru | MICHAEL<\/title>\n<meta name=\"robots\" content=\"index, follow, max-snippet:-1, max-image-preview:large, max-video-preview:-1\" \/>\n<link rel=\"canonical\" href=\"https:\/\/www.skolamichael.cz\/cs\/aktualne\/zivot-skoly\/festmichael-2025-namesti-miru\/\" \/>\n<meta property=\"og:locale\" content=\"cs_CZ\" \/>\n<meta property=\"og:type\" content=\"article\" \/>\n<meta property=\"og:title\" content=\"FESTMICHAEL 2025 \u2013 n\u00e1m\u011bst\u00ed M\u00edru | MICHAEL\" \/>\n<meta property=\"og:description\" content=\"Po sout\u011b\u017en\u00ed p\u0159ehl\u00eddce studentsk\u00fdch film\u016f v pra\u017esk\u00e9m kin\u011b Lucerna se studenti i se sv\u00fdmi vyu\u010duj\u00edc\u00edmi p\u0159esunuli na n\u00e1m\u011bst\u00ed M\u00edru. Tam v 17.00 hod. za\u010dala vernis\u00e1\u017e prac\u00ed student\u016f obor\u016f Fotografick\u00e1 tvorba, Grafick\u00fd design a Design interi\u00e9ru. Studenti, vybran\u00ed na z\u00e1klad\u011b hodnocen\u00ed odborn\u00fdch pedagog\u016f, tak\u00e9 p\u0159evzali ocen\u011bn\u00ed a sponzorsk\u00e9 dary. V\u00edt\u011bzov\u00e9 si odnesli d\u00e1rky od Nikonu, fotoapar\u00e1t [&hellip;]\" \/>\n<meta property=\"og:url\" content=\"https:\/\/www.skolamichael.cz\/cs\/aktualne\/zivot-skoly\/festmichael-2025-namesti-miru\/\" \/>\n<meta property=\"og:site_name\" content=\"MICHAEL\" \/>\n<meta property=\"article:publisher\" content=\"http:\/\/www.facebook.com\/skolamichael\" \/>\n<meta property=\"article:published_time\" content=\"2025-06-12T17:32:03+00:00\" \/>\n<meta property=\"article:modified_time\" content=\"2025-06-17T13:51:08+00:00\" \/>\n<meta property=\"og:image\" content=\"https:\/\/www.skolamichael.cz\/wp-content\/uploads\/2025\/06\/ctverec-fest.jpg\" \/>\n\t<meta property=\"og:image:width\" content=\"426\" \/>\n\t<meta property=\"og:image:height\" content=\"426\" \/>\n\t<meta property=\"og:image:type\" content=\"image\/jpeg\" \/>\n<meta name=\"author\" content=\"Lucie\" \/>\n<meta name=\"twitter:card\" content=\"summary_large_image\" \/>\n<meta name=\"twitter:label1\" content=\"Napsal(a)\" \/>\n\t<meta name=\"twitter:data1\" content=\"Lucie\" \/>\n\t<meta name=\"twitter:label2\" content=\"Odhadovan\u00e1 doba \u010dten\u00ed\" \/>\n\t<meta name=\"twitter:data2\" content=\"3 minuty\" \/>\n<script type=\"application\/ld+json\" class=\"yoast-schema-graph\">{\"@context\":\"https:\\\/\\\/schema.org\",\"@graph\":[{\"@type\":\"Article\",\"@id\":\"https:\\\/\\\/www.skolamichael.cz\\\/cs\\\/aktualne\\\/zivot-skoly\\\/festmichael-2025-namesti-miru\\\/#article\",\"isPartOf\":{\"@id\":\"https:\\\/\\\/www.skolamichael.cz\\\/cs\\\/aktualne\\\/zivot-skoly\\\/festmichael-2025-namesti-miru\\\/\"},\"author\":{\"name\":\"Lucie\",\"@id\":\"https:\\\/\\\/www.skolamichael.cz\\\/cs\\\/#\\\/schema\\\/person\\\/953e68e7bc920aa4a47c50c0f25c9eea\"},\"headline\":\"FESTMICHAEL 2025 \u2013 n\u00e1m\u011bst\u00ed M\u00edru\",\"datePublished\":\"2025-06-12T17:32:03+00:00\",\"dateModified\":\"2025-06-17T13:51:08+00:00\",\"mainEntityOfPage\":{\"@id\":\"https:\\\/\\\/www.skolamichael.cz\\\/cs\\\/aktualne\\\/zivot-skoly\\\/festmichael-2025-namesti-miru\\\/\"},\"wordCount\":677,\"publisher\":{\"@id\":\"https:\\\/\\\/www.skolamichael.cz\\\/cs\\\/#organization\"},\"image\":{\"@id\":\"https:\\\/\\\/www.skolamichael.cz\\\/cs\\\/aktualne\\\/zivot-skoly\\\/festmichael-2025-namesti-miru\\\/#primaryimage\"},\"thumbnailUrl\":\"https:\\\/\\\/www.skolamichael.cz\\\/wp-content\\\/uploads\\\/2025\\\/06\\\/ctverec-fest.jpg\",\"articleSection\":[\"\u017divot \u0161koly\"],\"inLanguage\":\"cs\"},{\"@type\":\"WebPage\",\"@id\":\"https:\\\/\\\/www.skolamichael.cz\\\/cs\\\/aktualne\\\/zivot-skoly\\\/festmichael-2025-namesti-miru\\\/\",\"url\":\"https:\\\/\\\/www.skolamichael.cz\\\/cs\\\/aktualne\\\/zivot-skoly\\\/festmichael-2025-namesti-miru\\\/\",\"name\":\"FESTMICHAEL 2025 \u2013 n\u00e1m\u011bst\u00ed M\u00edru | MICHAEL\",\"isPartOf\":{\"@id\":\"https:\\\/\\\/www.skolamichael.cz\\\/cs\\\/#website\"},\"primaryImageOfPage\":{\"@id\":\"https:\\\/\\\/www.skolamichael.cz\\\/cs\\\/aktualne\\\/zivot-skoly\\\/festmichael-2025-namesti-miru\\\/#primaryimage\"},\"image\":{\"@id\":\"https:\\\/\\\/www.skolamichael.cz\\\/cs\\\/aktualne\\\/zivot-skoly\\\/festmichael-2025-namesti-miru\\\/#primaryimage\"},\"thumbnailUrl\":\"https:\\\/\\\/www.skolamichael.cz\\\/wp-content\\\/uploads\\\/2025\\\/06\\\/ctverec-fest.jpg\",\"datePublished\":\"2025-06-12T17:32:03+00:00\",\"dateModified\":\"2025-06-17T13:51:08+00:00\",\"breadcrumb\":{\"@id\":\"https:\\\/\\\/www.skolamichael.cz\\\/cs\\\/aktualne\\\/zivot-skoly\\\/festmichael-2025-namesti-miru\\\/#breadcrumb\"},\"inLanguage\":\"cs\",\"potentialAction\":[{\"@type\":\"ReadAction\",\"target\":[\"https:\\\/\\\/www.skolamichael.cz\\\/cs\\\/aktualne\\\/zivot-skoly\\\/festmichael-2025-namesti-miru\\\/\"]}]},{\"@type\":\"ImageObject\",\"inLanguage\":\"cs\",\"@id\":\"https:\\\/\\\/www.skolamichael.cz\\\/cs\\\/aktualne\\\/zivot-skoly\\\/festmichael-2025-namesti-miru\\\/#primaryimage\",\"url\":\"https:\\\/\\\/www.skolamichael.cz\\\/wp-content\\\/uploads\\\/2025\\\/06\\\/ctverec-fest.jpg\",\"contentUrl\":\"https:\\\/\\\/www.skolamichael.cz\\\/wp-content\\\/uploads\\\/2025\\\/06\\\/ctverec-fest.jpg\",\"width\":426,\"height\":426},{\"@type\":\"BreadcrumbList\",\"@id\":\"https:\\\/\\\/www.skolamichael.cz\\\/cs\\\/aktualne\\\/zivot-skoly\\\/festmichael-2025-namesti-miru\\\/#breadcrumb\",\"itemListElement\":[{\"@type\":\"ListItem\",\"position\":1,\"name\":\"Dom\u016f\",\"item\":\"https:\\\/\\\/www.skolamichael.cz\\\/cs\\\/\"},{\"@type\":\"ListItem\",\"position\":2,\"name\":\"FESTMICHAEL 2025 \u2013 n\u00e1m\u011bst\u00ed M\u00edru\"}]},{\"@type\":\"WebSite\",\"@id\":\"https:\\\/\\\/www.skolamichael.cz\\\/cs\\\/#website\",\"url\":\"https:\\\/\\\/www.skolamichael.cz\\\/cs\\\/\",\"name\":\"MICHAEL\",\"description\":\"St\u0159edn\u00ed \u0161kola, Gymn\u00e1zium a Vy\u0161\u0161\u00ed odborn\u00e1 \u0161kola\",\"publisher\":{\"@id\":\"https:\\\/\\\/www.skolamichael.cz\\\/cs\\\/#organization\"},\"alternateName\":\"St\u0159edn\u00ed \u0161kola, Gymn\u00e1zium a Vy\u0161\u0161\u00ed odborn\u00e1 \u0161kola\",\"potentialAction\":[{\"@type\":\"SearchAction\",\"target\":{\"@type\":\"EntryPoint\",\"urlTemplate\":\"https:\\\/\\\/www.skolamichael.cz\\\/cs\\\/?s={search_term_string}\"},\"query-input\":{\"@type\":\"PropertyValueSpecification\",\"valueRequired\":true,\"valueName\":\"search_term_string\"}}],\"inLanguage\":\"cs\"},{\"@type\":\"Organization\",\"@id\":\"https:\\\/\\\/www.skolamichael.cz\\\/cs\\\/#organization\",\"name\":\"Michael \u2013 St\u0159edn\u00ed \u0161kola, Gymn\u00e1zium a Vy\u0161\u0161\u00ed odborn\u00e1 \u0161kola, s.r.o.\",\"url\":\"https:\\\/\\\/www.skolamichael.cz\\\/cs\\\/\",\"logo\":{\"@type\":\"ImageObject\",\"inLanguage\":\"cs\",\"@id\":\"https:\\\/\\\/www.skolamichael.cz\\\/cs\\\/#\\\/schema\\\/logo\\\/image\\\/\",\"url\":\"https:\\\/\\\/www.skolamichael.cz\\\/wp-content\\\/uploads\\\/2019\\\/03\\\/logo_michael_final_ctverec1-1.jpg\",\"contentUrl\":\"https:\\\/\\\/www.skolamichael.cz\\\/wp-content\\\/uploads\\\/2019\\\/03\\\/logo_michael_final_ctverec1-1.jpg\",\"width\":400,\"height\":400,\"caption\":\"Michael \u2013 St\u0159edn\u00ed \u0161kola, Gymn\u00e1zium a Vy\u0161\u0161\u00ed odborn\u00e1 \u0161kola, s.r.o.\"},\"image\":{\"@id\":\"https:\\\/\\\/www.skolamichael.cz\\\/cs\\\/#\\\/schema\\\/logo\\\/image\\\/\"},\"sameAs\":[\"http:\\\/\\\/www.facebook.com\\\/skolamichael\",\"https:\\\/\\\/www.instagram.com\\\/skola_michael\\\/\"]},{\"@type\":\"Person\",\"@id\":\"https:\\\/\\\/www.skolamichael.cz\\\/cs\\\/#\\\/schema\\\/person\\\/953e68e7bc920aa4a47c50c0f25c9eea\",\"name\":\"Lucie\",\"image\":{\"@type\":\"ImageObject\",\"inLanguage\":\"cs\",\"@id\":\"https:\\\/\\\/secure.gravatar.com\\\/avatar\\\/f624d747a971b7586c02ff20e5a7e85b649ac7b9acfd2d27716345b4f825b776?s=96&d=mm&r=g\",\"url\":\"https:\\\/\\\/secure.gravatar.com\\\/avatar\\\/f624d747a971b7586c02ff20e5a7e85b649ac7b9acfd2d27716345b4f825b776?s=96&d=mm&r=g\",\"contentUrl\":\"https:\\\/\\\/secure.gravatar.com\\\/avatar\\\/f624d747a971b7586c02ff20e5a7e85b649ac7b9acfd2d27716345b4f825b776?s=96&d=mm&r=g\",\"caption\":\"Lucie\"},\"url\":\"https:\\\/\\\/www.skolamichael.cz\\\/cs\\\/author\\\/lucie\\\/\"}]}<\/script>\n<!-- \/ Yoast SEO plugin. -->","yoast_head_json":{"title":"FESTMICHAEL 2025 \u2013 n\u00e1m\u011bst\u00ed M\u00edru | MICHAEL","robots":{"index":"index","follow":"follow","max-snippet":"max-snippet:-1","max-image-preview":"max-image-preview:large","max-video-preview":"max-video-preview:-1"},"canonical":"https:\/\/www.skolamichael.cz\/cs\/aktualne\/zivot-skoly\/festmichael-2025-namesti-miru\/","og_locale":"cs_CZ","og_type":"article","og_title":"FESTMICHAEL 2025 \u2013 n\u00e1m\u011bst\u00ed M\u00edru | MICHAEL","og_description":"Po sout\u011b\u017en\u00ed p\u0159ehl\u00eddce studentsk\u00fdch film\u016f v pra\u017esk\u00e9m kin\u011b Lucerna se studenti i se sv\u00fdmi vyu\u010duj\u00edc\u00edmi p\u0159esunuli na n\u00e1m\u011bst\u00ed M\u00edru. Tam v 17.00 hod. za\u010dala vernis\u00e1\u017e prac\u00ed student\u016f obor\u016f Fotografick\u00e1 tvorba, Grafick\u00fd design a Design interi\u00e9ru. Studenti, vybran\u00ed na z\u00e1klad\u011b hodnocen\u00ed odborn\u00fdch pedagog\u016f, tak\u00e9 p\u0159evzali ocen\u011bn\u00ed a sponzorsk\u00e9 dary. V\u00edt\u011bzov\u00e9 si odnesli d\u00e1rky od Nikonu, fotoapar\u00e1t [&hellip;]","og_url":"https:\/\/www.skolamichael.cz\/cs\/aktualne\/zivot-skoly\/festmichael-2025-namesti-miru\/","og_site_name":"MICHAEL","article_publisher":"http:\/\/www.facebook.com\/skolamichael","article_published_time":"2025-06-12T17:32:03+00:00","article_modified_time":"2025-06-17T13:51:08+00:00","og_image":[{"width":426,"height":426,"url":"https:\/\/www.skolamichael.cz\/wp-content\/uploads\/2025\/06\/ctverec-fest.jpg","type":"image\/jpeg"}],"author":"Lucie","twitter_card":"summary_large_image","twitter_misc":{"Napsal(a)":"Lucie","Odhadovan\u00e1 doba \u010dten\u00ed":"3 minuty"},"schema":{"@context":"https:\/\/schema.org","@graph":[{"@type":"Article","@id":"https:\/\/www.skolamichael.cz\/cs\/aktualne\/zivot-skoly\/festmichael-2025-namesti-miru\/#article","isPartOf":{"@id":"https:\/\/www.skolamichael.cz\/cs\/aktualne\/zivot-skoly\/festmichael-2025-namesti-miru\/"},"author":{"name":"Lucie","@id":"https:\/\/www.skolamichael.cz\/cs\/#\/schema\/person\/953e68e7bc920aa4a47c50c0f25c9eea"},"headline":"FESTMICHAEL 2025 \u2013 n\u00e1m\u011bst\u00ed M\u00edru","datePublished":"2025-06-12T17:32:03+00:00","dateModified":"2025-06-17T13:51:08+00:00","mainEntityOfPage":{"@id":"https:\/\/www.skolamichael.cz\/cs\/aktualne\/zivot-skoly\/festmichael-2025-namesti-miru\/"},"wordCount":677,"publisher":{"@id":"https:\/\/www.skolamichael.cz\/cs\/#organization"},"image":{"@id":"https:\/\/www.skolamichael.cz\/cs\/aktualne\/zivot-skoly\/festmichael-2025-namesti-miru\/#primaryimage"},"thumbnailUrl":"https:\/\/www.skolamichael.cz\/wp-content\/uploads\/2025\/06\/ctverec-fest.jpg","articleSection":["\u017divot \u0161koly"],"inLanguage":"cs"},{"@type":"WebPage","@id":"https:\/\/www.skolamichael.cz\/cs\/aktualne\/zivot-skoly\/festmichael-2025-namesti-miru\/","url":"https:\/\/www.skolamichael.cz\/cs\/aktualne\/zivot-skoly\/festmichael-2025-namesti-miru\/","name":"FESTMICHAEL 2025 \u2013 n\u00e1m\u011bst\u00ed M\u00edru | MICHAEL","isPartOf":{"@id":"https:\/\/www.skolamichael.cz\/cs\/#website"},"primaryImageOfPage":{"@id":"https:\/\/www.skolamichael.cz\/cs\/aktualne\/zivot-skoly\/festmichael-2025-namesti-miru\/#primaryimage"},"image":{"@id":"https:\/\/www.skolamichael.cz\/cs\/aktualne\/zivot-skoly\/festmichael-2025-namesti-miru\/#primaryimage"},"thumbnailUrl":"https:\/\/www.skolamichael.cz\/wp-content\/uploads\/2025\/06\/ctverec-fest.jpg","datePublished":"2025-06-12T17:32:03+00:00","dateModified":"2025-06-17T13:51:08+00:00","breadcrumb":{"@id":"https:\/\/www.skolamichael.cz\/cs\/aktualne\/zivot-skoly\/festmichael-2025-namesti-miru\/#breadcrumb"},"inLanguage":"cs","potentialAction":[{"@type":"ReadAction","target":["https:\/\/www.skolamichael.cz\/cs\/aktualne\/zivot-skoly\/festmichael-2025-namesti-miru\/"]}]},{"@type":"ImageObject","inLanguage":"cs","@id":"https:\/\/www.skolamichael.cz\/cs\/aktualne\/zivot-skoly\/festmichael-2025-namesti-miru\/#primaryimage","url":"https:\/\/www.skolamichael.cz\/wp-content\/uploads\/2025\/06\/ctverec-fest.jpg","contentUrl":"https:\/\/www.skolamichael.cz\/wp-content\/uploads\/2025\/06\/ctverec-fest.jpg","width":426,"height":426},{"@type":"BreadcrumbList","@id":"https:\/\/www.skolamichael.cz\/cs\/aktualne\/zivot-skoly\/festmichael-2025-namesti-miru\/#breadcrumb","itemListElement":[{"@type":"ListItem","position":1,"name":"Dom\u016f","item":"https:\/\/www.skolamichael.cz\/cs\/"},{"@type":"ListItem","position":2,"name":"FESTMICHAEL 2025 \u2013 n\u00e1m\u011bst\u00ed M\u00edru"}]},{"@type":"WebSite","@id":"https:\/\/www.skolamichael.cz\/cs\/#website","url":"https:\/\/www.skolamichael.cz\/cs\/","name":"MICHAEL","description":"St\u0159edn\u00ed \u0161kola, Gymn\u00e1zium a Vy\u0161\u0161\u00ed odborn\u00e1 \u0161kola","publisher":{"@id":"https:\/\/www.skolamichael.cz\/cs\/#organization"},"alternateName":"St\u0159edn\u00ed \u0161kola, Gymn\u00e1zium a Vy\u0161\u0161\u00ed odborn\u00e1 \u0161kola","potentialAction":[{"@type":"SearchAction","target":{"@type":"EntryPoint","urlTemplate":"https:\/\/www.skolamichael.cz\/cs\/?s={search_term_string}"},"query-input":{"@type":"PropertyValueSpecification","valueRequired":true,"valueName":"search_term_string"}}],"inLanguage":"cs"},{"@type":"Organization","@id":"https:\/\/www.skolamichael.cz\/cs\/#organization","name":"Michael \u2013 St\u0159edn\u00ed \u0161kola, Gymn\u00e1zium a Vy\u0161\u0161\u00ed odborn\u00e1 \u0161kola, s.r.o.","url":"https:\/\/www.skolamichael.cz\/cs\/","logo":{"@type":"ImageObject","inLanguage":"cs","@id":"https:\/\/www.skolamichael.cz\/cs\/#\/schema\/logo\/image\/","url":"https:\/\/www.skolamichael.cz\/wp-content\/uploads\/2019\/03\/logo_michael_final_ctverec1-1.jpg","contentUrl":"https:\/\/www.skolamichael.cz\/wp-content\/uploads\/2019\/03\/logo_michael_final_ctverec1-1.jpg","width":400,"height":400,"caption":"Michael \u2013 St\u0159edn\u00ed \u0161kola, Gymn\u00e1zium a Vy\u0161\u0161\u00ed odborn\u00e1 \u0161kola, s.r.o."},"image":{"@id":"https:\/\/www.skolamichael.cz\/cs\/#\/schema\/logo\/image\/"},"sameAs":["http:\/\/www.facebook.com\/skolamichael","https:\/\/www.instagram.com\/skola_michael\/"]},{"@type":"Person","@id":"https:\/\/www.skolamichael.cz\/cs\/#\/schema\/person\/953e68e7bc920aa4a47c50c0f25c9eea","name":"Lucie","image":{"@type":"ImageObject","inLanguage":"cs","@id":"https:\/\/secure.gravatar.com\/avatar\/f624d747a971b7586c02ff20e5a7e85b649ac7b9acfd2d27716345b4f825b776?s=96&d=mm&r=g","url":"https:\/\/secure.gravatar.com\/avatar\/f624d747a971b7586c02ff20e5a7e85b649ac7b9acfd2d27716345b4f825b776?s=96&d=mm&r=g","contentUrl":"https:\/\/secure.gravatar.com\/avatar\/f624d747a971b7586c02ff20e5a7e85b649ac7b9acfd2d27716345b4f825b776?s=96&d=mm&r=g","caption":"Lucie"},"url":"https:\/\/www.skolamichael.cz\/cs\/author\/lucie\/"}]}},"_links":{"self":[{"href":"https:\/\/www.skolamichael.cz\/cs\/wp-json\/wp\/v2\/posts\/22318","targetHints":{"allow":["GET"]}}],"collection":[{"href":"https:\/\/www.skolamichael.cz\/cs\/wp-json\/wp\/v2\/posts"}],"about":[{"href":"https:\/\/www.skolamichael.cz\/cs\/wp-json\/wp\/v2\/types\/post"}],"author":[{"embeddable":true,"href":"https:\/\/www.skolamichael.cz\/cs\/wp-json\/wp\/v2\/users\/4"}],"replies":[{"embeddable":true,"href":"https:\/\/www.skolamichael.cz\/cs\/wp-json\/wp\/v2\/comments?post=22318"}],"version-history":[{"count":10,"href":"https:\/\/www.skolamichael.cz\/cs\/wp-json\/wp\/v2\/posts\/22318\/revisions"}],"predecessor-version":[{"id":22545,"href":"https:\/\/www.skolamichael.cz\/cs\/wp-json\/wp\/v2\/posts\/22318\/revisions\/22545"}],"wp:featuredmedia":[{"embeddable":true,"href":"https:\/\/www.skolamichael.cz\/cs\/wp-json\/wp\/v2\/media\/22357"}],"wp:attachment":[{"href":"https:\/\/www.skolamichael.cz\/cs\/wp-json\/wp\/v2\/media?parent=22318"}],"wp:term":[{"taxonomy":"category","embeddable":true,"href":"https:\/\/www.skolamichael.cz\/cs\/wp-json\/wp\/v2\/categories?post=22318"},{"taxonomy":"post_tag","embeddable":true,"href":"https:\/\/www.skolamichael.cz\/cs\/wp-json\/wp\/v2\/tags?post=22318"}],"curies":[{"name":"wp","href":"https:\/\/api.w.org\/{rel}","templated":true}]}}