{"id":22624,"date":"2025-06-18T15:06:58","date_gmt":"2025-06-18T13:06:58","guid":{"rendered":"https:\/\/www.skolamichael.cz\/?p=22624"},"modified":"2025-06-18T15:06:58","modified_gmt":"2025-06-18T13:06:58","slug":"ceska-architektka-michaela-solnicka-privezla-do-skoly-michael-inspiraci-z-afriky-i-prahy","status":"publish","type":"post","link":"https:\/\/www.skolamichael.cz\/cs\/aktualne\/ceska-architektka-michaela-solnicka-privezla-do-skoly-michael-inspiraci-z-afriky-i-prahy\/","title":{"rendered":"\u010cesk\u00e1 architektka Michaela Solnick\u00e1 p\u0159ivezla do \u0160koly Michael inspiraci z Afriky i Prahy"},"content":{"rendered":"<p>Jak\u00e9 materi\u00e1ly budou v interi\u00e9rech budoucnosti, kde hledat udr\u017eitelnost a pro\u010d je d\u016fle\u017eit\u00e9 pracovat s komunitou? Na tyto i dal\u0161\u00ed ot\u00e1zky odpov\u011bd\u011bla student\u016fm oboru <a href=\"https:\/\/www.skolamichael.cz\/cs\/obor\/interierovy-design\/\">Design interi\u00e9ru<\/a> \u010desk\u00e1 architektka, vizu\u00e1ln\u00ed um\u011blkyn\u011b a sc\u00e9nografka <strong>Michaela Solnick\u00e1<\/strong>, kter\u00e1 p\u0159ijala na\u0161e pozv\u00e1n\u00ed k workshopu a p\u0159edn\u00e1\u0161ce.<\/p>\n<p><b>Architektka mezi Prahou a Burkina Faso<br \/>\n<\/b>Od roku 2012 st\u0159\u00edd\u00e1 Michaela Solnick\u00e1 dva sv\u011bty \u2013 pra\u017esk\u00e9 urbanistick\u00e9 projekty a pr\u00e1ci v Burkina Faso. Pr\u00e1v\u011b tam vznikla \u0159ada jej\u00edch oce\u0148ovan\u00fdch realizac\u00ed zam\u011b\u0159en\u00fdch na\u00a0<b>n\u00edzkon\u00e1kladov\u00e9 a p\u0159\u00edrodn\u00ed materi\u00e1ly<\/b>. V hlavn\u00edm m\u011bst\u011b Ouagadougou vedla n\u00e1vrh\u00a0<b>komunitn\u00edho centra JUMP Hub<\/b>\u00a0pro mlad\u00e9 profesion\u00e1ly, financovan\u00e9ho \u010ceskou rozvojovou agenturou. Na projektu se krom\u011b architekt\u016f pod\u00edlela i m\u00edstn\u00ed komunita v s\u00e9rii praktick\u00fdch workshop\u016f, kde se studenti u\u010dili z\u00e1klad\u016fm\u00a0<b>udr\u017eiteln\u00e9 stavby z hl\u00edny, d\u0159eva a recyklovan\u00fdch surovin<\/b>.<\/p>\n<p><a title=\"https:\/\/unlimitedjca.com\/what\/\" href=\"https:\/\/unlimitedjca.com\/what\/\" target=\"_blank\" rel=\"noopener noreferrer\" data-auth=\"NotApplicable\">https:\/\/unlimitedjca.com\/what\/<\/a><br \/>\n<a title=\"https:\/\/www.youtube.com\/watch?v=0of8RK_pGB8\" href=\"https:\/\/www.youtube.com\/watch?v=0of8RK_pGB8\" target=\"_blank\" rel=\"noopener noreferrer\" data-auth=\"NotApplicable\">https:\/\/www.youtube.com\/watch?v=0of8RK_pGB8<\/a><\/p>\n<p>Studenti ocenili, \u017ee z\u00edskali\u00a0<b>zp\u011btnou vazbu<\/b>\u00a0na sv\u00e9 n\u00e1vrhy a mohli diskutovat re\u00e1ln\u00e9 limity stavebn\u00edch projekt\u016f. Odborn\u00e9 veden\u00ed a zku\u0161enosti z Afriky i Prahy uk\u00e1zaly, \u017ee interi\u00e9rov\u00fd design za\u010d\u00edn\u00e1 u lidsk\u00fdch pot\u0159eb a kon\u010d\u00ed a\u017e u detailu posledn\u00edho spoje. V\u011b\u0159\u00edme, \u017ee podobn\u00e1 setk\u00e1n\u00ed pom\u00e1haj\u00ed na\u0161im student\u016fm l\u00e9pe porozum\u011bt sou\u010dasn\u00fdm v\u00fdzv\u00e1m interi\u00e9rov\u00e9ho designu a posouvaj\u00ed jejich kreativitu o krok d\u00e1l.<\/p>\n<div id='gallery-1' class='gallery galleryid-22624 gallery-columns-1 gallery-size-full'><figure class='gallery-item'>\n\t\t\t<div class='gallery-icon landscape'>\n\t\t\t\t<a href='https:\/\/www.skolamichael.cz\/wp-content\/uploads\/2025\/06\/Michaela-Solnicka-kopie.jpg'><img loading=\"lazy\" decoding=\"async\" width=\"1390\" height=\"973\" src=\"https:\/\/www.skolamichael.cz\/wp-content\/uploads\/2025\/06\/Michaela-Solnicka-kopie.jpg\" class=\"attachment-full size-full\" alt=\"\" srcset=\"https:\/\/www.skolamichael.cz\/wp-content\/uploads\/2025\/06\/Michaela-Solnicka-kopie.jpg 1390w, https:\/\/www.skolamichael.cz\/wp-content\/uploads\/2025\/06\/Michaela-Solnicka-kopie-300x210.jpg 300w, https:\/\/www.skolamichael.cz\/wp-content\/uploads\/2025\/06\/Michaela-Solnicka-kopie-1024x717.jpg 1024w\" sizes=\"auto, (max-width: 1390px) 100vw, 1390px\" \/><\/a>\n\t\t\t<\/div><\/figure><figure class='gallery-item'>\n\t\t\t<div class='gallery-icon landscape'>\n\t\t\t\t<a href='https:\/\/www.skolamichael.cz\/wp-content\/uploads\/2025\/06\/navrh-komunitniho-centra-v-Burkina-Faso-kopie.jpg'><img loading=\"lazy\" decoding=\"async\" width=\"929\" height=\"650\" src=\"https:\/\/www.skolamichael.cz\/wp-content\/uploads\/2025\/06\/navrh-komunitniho-centra-v-Burkina-Faso-kopie.jpg\" class=\"attachment-full size-full\" alt=\"\" srcset=\"https:\/\/www.skolamichael.cz\/wp-content\/uploads\/2025\/06\/navrh-komunitniho-centra-v-Burkina-Faso-kopie.jpg 929w, https:\/\/www.skolamichael.cz\/wp-content\/uploads\/2025\/06\/navrh-komunitniho-centra-v-Burkina-Faso-kopie-300x210.jpg 300w\" sizes=\"auto, (max-width: 929px) 100vw, 929px\" \/><\/a>\n\t\t\t<\/div><\/figure>\n\t\t<\/div>\n\n","protected":false},"excerpt":{"rendered":"<p>Jak\u00e9 materi\u00e1ly budou v interi\u00e9rech budoucnosti, kde hledat udr\u017eitelnost a pro\u010d je d\u016fle\u017eit\u00e9 pracovat s komunitou? Na tyto i dal\u0161\u00ed ot\u00e1zky odpov\u011bd\u011bla student\u016fm oboru Design interi\u00e9ru \u010desk\u00e1 architektka, vizu\u00e1ln\u00ed um\u011blkyn\u011b a sc\u00e9nografka Michaela Solnick\u00e1, kter\u00e1 p\u0159ijala na\u0161e pozv\u00e1n\u00ed k workshopu a p\u0159edn\u00e1\u0161ce. Architektka mezi Prahou a Burkina Faso Od roku 2012 st\u0159\u00edd\u00e1 Michaela Solnick\u00e1 dva [&hellip;]<\/p>\n","protected":false},"author":19,"featured_media":22615,"comment_status":"closed","ping_status":"open","sticky":false,"template":"","format":"standard","meta":{"_acf_changed":false,"footnotes":""},"categories":[3],"tags":[],"class_list":["post-22624","post","type-post","status-publish","format-standard","has-post-thumbnail","hentry","category-aktualne"],"acf":[],"yoast_head":"<!-- This site is optimized with the Yoast SEO plugin v27.4 - https:\/\/yoast.com\/product\/yoast-seo-wordpress\/ -->\n<title>\u010cesk\u00e1 architektka Michaela Solnick\u00e1 p\u0159ivezla do \u0160koly Michael inspiraci z Afriky i Prahy | MICHAEL<\/title>\n<meta name=\"robots\" content=\"index, follow, max-snippet:-1, max-image-preview:large, max-video-preview:-1\" \/>\n<link rel=\"canonical\" href=\"https:\/\/www.skolamichael.cz\/cs\/aktualne\/ceska-architektka-michaela-solnicka-privezla-do-skoly-michael-inspiraci-z-afriky-i-prahy\/\" \/>\n<meta property=\"og:locale\" content=\"cs_CZ\" \/>\n<meta property=\"og:type\" content=\"article\" \/>\n<meta property=\"og:title\" content=\"\u010cesk\u00e1 architektka Michaela Solnick\u00e1 p\u0159ivezla do \u0160koly Michael inspiraci z Afriky i Prahy | MICHAEL\" \/>\n<meta property=\"og:description\" content=\"Jak\u00e9 materi\u00e1ly budou v interi\u00e9rech budoucnosti, kde hledat udr\u017eitelnost a pro\u010d je d\u016fle\u017eit\u00e9 pracovat s komunitou? Na tyto i dal\u0161\u00ed ot\u00e1zky odpov\u011bd\u011bla student\u016fm oboru Design interi\u00e9ru \u010desk\u00e1 architektka, vizu\u00e1ln\u00ed um\u011blkyn\u011b a sc\u00e9nografka Michaela Solnick\u00e1, kter\u00e1 p\u0159ijala na\u0161e pozv\u00e1n\u00ed k workshopu a p\u0159edn\u00e1\u0161ce. Architektka mezi Prahou a Burkina Faso Od roku 2012 st\u0159\u00edd\u00e1 Michaela Solnick\u00e1 dva [&hellip;]\" \/>\n<meta property=\"og:url\" content=\"https:\/\/www.skolamichael.cz\/cs\/aktualne\/ceska-architektka-michaela-solnicka-privezla-do-skoly-michael-inspiraci-z-afriky-i-prahy\/\" \/>\n<meta property=\"og:site_name\" content=\"MICHAEL\" \/>\n<meta property=\"article:publisher\" content=\"http:\/\/www.facebook.com\/skolamichael\" \/>\n<meta property=\"article:published_time\" content=\"2025-06-18T13:06:58+00:00\" \/>\n<meta property=\"og:image\" content=\"https:\/\/www.skolamichael.cz\/wp-content\/uploads\/2025\/06\/dalsi-navrh-komunitniho-centra-v-Burkina-Faso-kopie.jpg\" \/>\n\t<meta property=\"og:image:width\" content=\"1080\" \/>\n\t<meta property=\"og:image:height\" content=\"1080\" \/>\n\t<meta property=\"og:image:type\" content=\"image\/jpeg\" \/>\n<meta name=\"author\" content=\"Isabel Magdic\" \/>\n<meta name=\"twitter:card\" content=\"summary_large_image\" \/>\n<meta name=\"twitter:label1\" content=\"Napsal(a)\" \/>\n\t<meta name=\"twitter:data1\" content=\"Isabel Magdic\" \/>\n\t<meta name=\"twitter:label2\" content=\"Odhadovan\u00e1 doba \u010dten\u00ed\" \/>\n\t<meta name=\"twitter:data2\" content=\"1 minuta\" \/>\n<script type=\"application\/ld+json\" class=\"yoast-schema-graph\">{\"@context\":\"https:\\\/\\\/schema.org\",\"@graph\":[{\"@type\":\"Article\",\"@id\":\"https:\\\/\\\/www.skolamichael.cz\\\/cs\\\/aktualne\\\/ceska-architektka-michaela-solnicka-privezla-do-skoly-michael-inspiraci-z-afriky-i-prahy\\\/#article\",\"isPartOf\":{\"@id\":\"https:\\\/\\\/www.skolamichael.cz\\\/cs\\\/aktualne\\\/ceska-architektka-michaela-solnicka-privezla-do-skoly-michael-inspiraci-z-afriky-i-prahy\\\/\"},\"author\":{\"name\":\"Isabel Magdic\",\"@id\":\"https:\\\/\\\/www.skolamichael.cz\\\/cs\\\/#\\\/schema\\\/person\\\/558cacac09baabcf878965ff60722247\"},\"headline\":\"\u010cesk\u00e1 architektka Michaela Solnick\u00e1 p\u0159ivezla do \u0160koly Michael inspiraci z Afriky i Prahy\",\"datePublished\":\"2025-06-18T13:06:58+00:00\",\"mainEntityOfPage\":{\"@id\":\"https:\\\/\\\/www.skolamichael.cz\\\/cs\\\/aktualne\\\/ceska-architektka-michaela-solnicka-privezla-do-skoly-michael-inspiraci-z-afriky-i-prahy\\\/\"},\"wordCount\":287,\"publisher\":{\"@id\":\"https:\\\/\\\/www.skolamichael.cz\\\/cs\\\/#organization\"},\"image\":{\"@id\":\"https:\\\/\\\/www.skolamichael.cz\\\/cs\\\/aktualne\\\/ceska-architektka-michaela-solnicka-privezla-do-skoly-michael-inspiraci-z-afriky-i-prahy\\\/#primaryimage\"},\"thumbnailUrl\":\"https:\\\/\\\/www.skolamichael.cz\\\/wp-content\\\/uploads\\\/2025\\\/06\\\/dalsi-navrh-komunitniho-centra-v-Burkina-Faso-kopie.jpg\",\"articleSection\":[\"Aktuality\"],\"inLanguage\":\"cs\"},{\"@type\":\"WebPage\",\"@id\":\"https:\\\/\\\/www.skolamichael.cz\\\/cs\\\/aktualne\\\/ceska-architektka-michaela-solnicka-privezla-do-skoly-michael-inspiraci-z-afriky-i-prahy\\\/\",\"url\":\"https:\\\/\\\/www.skolamichael.cz\\\/cs\\\/aktualne\\\/ceska-architektka-michaela-solnicka-privezla-do-skoly-michael-inspiraci-z-afriky-i-prahy\\\/\",\"name\":\"\u010cesk\u00e1 architektka Michaela Solnick\u00e1 p\u0159ivezla do \u0160koly Michael inspiraci z Afriky i Prahy | MICHAEL\",\"isPartOf\":{\"@id\":\"https:\\\/\\\/www.skolamichael.cz\\\/cs\\\/#website\"},\"primaryImageOfPage\":{\"@id\":\"https:\\\/\\\/www.skolamichael.cz\\\/cs\\\/aktualne\\\/ceska-architektka-michaela-solnicka-privezla-do-skoly-michael-inspiraci-z-afriky-i-prahy\\\/#primaryimage\"},\"image\":{\"@id\":\"https:\\\/\\\/www.skolamichael.cz\\\/cs\\\/aktualne\\\/ceska-architektka-michaela-solnicka-privezla-do-skoly-michael-inspiraci-z-afriky-i-prahy\\\/#primaryimage\"},\"thumbnailUrl\":\"https:\\\/\\\/www.skolamichael.cz\\\/wp-content\\\/uploads\\\/2025\\\/06\\\/dalsi-navrh-komunitniho-centra-v-Burkina-Faso-kopie.jpg\",\"datePublished\":\"2025-06-18T13:06:58+00:00\",\"breadcrumb\":{\"@id\":\"https:\\\/\\\/www.skolamichael.cz\\\/cs\\\/aktualne\\\/ceska-architektka-michaela-solnicka-privezla-do-skoly-michael-inspiraci-z-afriky-i-prahy\\\/#breadcrumb\"},\"inLanguage\":\"cs\",\"potentialAction\":[{\"@type\":\"ReadAction\",\"target\":[\"https:\\\/\\\/www.skolamichael.cz\\\/cs\\\/aktualne\\\/ceska-architektka-michaela-solnicka-privezla-do-skoly-michael-inspiraci-z-afriky-i-prahy\\\/\"]}]},{\"@type\":\"ImageObject\",\"inLanguage\":\"cs\",\"@id\":\"https:\\\/\\\/www.skolamichael.cz\\\/cs\\\/aktualne\\\/ceska-architektka-michaela-solnicka-privezla-do-skoly-michael-inspiraci-z-afriky-i-prahy\\\/#primaryimage\",\"url\":\"https:\\\/\\\/www.skolamichael.cz\\\/wp-content\\\/uploads\\\/2025\\\/06\\\/dalsi-navrh-komunitniho-centra-v-Burkina-Faso-kopie.jpg\",\"contentUrl\":\"https:\\\/\\\/www.skolamichael.cz\\\/wp-content\\\/uploads\\\/2025\\\/06\\\/dalsi-navrh-komunitniho-centra-v-Burkina-Faso-kopie.jpg\",\"width\":1080,\"height\":1080},{\"@type\":\"BreadcrumbList\",\"@id\":\"https:\\\/\\\/www.skolamichael.cz\\\/cs\\\/aktualne\\\/ceska-architektka-michaela-solnicka-privezla-do-skoly-michael-inspiraci-z-afriky-i-prahy\\\/#breadcrumb\",\"itemListElement\":[{\"@type\":\"ListItem\",\"position\":1,\"name\":\"Dom\u016f\",\"item\":\"https:\\\/\\\/www.skolamichael.cz\\\/cs\\\/\"},{\"@type\":\"ListItem\",\"position\":2,\"name\":\"\u010cesk\u00e1 architektka Michaela Solnick\u00e1 p\u0159ivezla do \u0160koly Michael inspiraci z Afriky i Prahy\"}]},{\"@type\":\"WebSite\",\"@id\":\"https:\\\/\\\/www.skolamichael.cz\\\/cs\\\/#website\",\"url\":\"https:\\\/\\\/www.skolamichael.cz\\\/cs\\\/\",\"name\":\"MICHAEL\",\"description\":\"St\u0159edn\u00ed \u0161kola, Gymn\u00e1zium a Vy\u0161\u0161\u00ed odborn\u00e1 \u0161kola\",\"publisher\":{\"@id\":\"https:\\\/\\\/www.skolamichael.cz\\\/cs\\\/#organization\"},\"alternateName\":\"St\u0159edn\u00ed \u0161kola, Gymn\u00e1zium a Vy\u0161\u0161\u00ed odborn\u00e1 \u0161kola\",\"potentialAction\":[{\"@type\":\"SearchAction\",\"target\":{\"@type\":\"EntryPoint\",\"urlTemplate\":\"https:\\\/\\\/www.skolamichael.cz\\\/cs\\\/?s={search_term_string}\"},\"query-input\":{\"@type\":\"PropertyValueSpecification\",\"valueRequired\":true,\"valueName\":\"search_term_string\"}}],\"inLanguage\":\"cs\"},{\"@type\":\"Organization\",\"@id\":\"https:\\\/\\\/www.skolamichael.cz\\\/cs\\\/#organization\",\"name\":\"Michael \u2013 St\u0159edn\u00ed \u0161kola, Gymn\u00e1zium a Vy\u0161\u0161\u00ed odborn\u00e1 \u0161kola, s.r.o.\",\"url\":\"https:\\\/\\\/www.skolamichael.cz\\\/cs\\\/\",\"logo\":{\"@type\":\"ImageObject\",\"inLanguage\":\"cs\",\"@id\":\"https:\\\/\\\/www.skolamichael.cz\\\/cs\\\/#\\\/schema\\\/logo\\\/image\\\/\",\"url\":\"https:\\\/\\\/www.skolamichael.cz\\\/wp-content\\\/uploads\\\/2019\\\/03\\\/logo_michael_final_ctverec1-1.jpg\",\"contentUrl\":\"https:\\\/\\\/www.skolamichael.cz\\\/wp-content\\\/uploads\\\/2019\\\/03\\\/logo_michael_final_ctverec1-1.jpg\",\"width\":400,\"height\":400,\"caption\":\"Michael \u2013 St\u0159edn\u00ed \u0161kola, Gymn\u00e1zium a Vy\u0161\u0161\u00ed odborn\u00e1 \u0161kola, s.r.o.\"},\"image\":{\"@id\":\"https:\\\/\\\/www.skolamichael.cz\\\/cs\\\/#\\\/schema\\\/logo\\\/image\\\/\"},\"sameAs\":[\"http:\\\/\\\/www.facebook.com\\\/skolamichael\",\"https:\\\/\\\/www.instagram.com\\\/skola_michael\\\/\"]},{\"@type\":\"Person\",\"@id\":\"https:\\\/\\\/www.skolamichael.cz\\\/cs\\\/#\\\/schema\\\/person\\\/558cacac09baabcf878965ff60722247\",\"name\":\"Isabel Magdic\",\"image\":{\"@type\":\"ImageObject\",\"inLanguage\":\"cs\",\"@id\":\"https:\\\/\\\/secure.gravatar.com\\\/avatar\\\/ec7f59705dc51a1ab5a45963ebbb1c80bd7f0d7654cacdc50c2bc953d397331d?s=96&d=mm&r=g\",\"url\":\"https:\\\/\\\/secure.gravatar.com\\\/avatar\\\/ec7f59705dc51a1ab5a45963ebbb1c80bd7f0d7654cacdc50c2bc953d397331d?s=96&d=mm&r=g\",\"contentUrl\":\"https:\\\/\\\/secure.gravatar.com\\\/avatar\\\/ec7f59705dc51a1ab5a45963ebbb1c80bd7f0d7654cacdc50c2bc953d397331d?s=96&d=mm&r=g\",\"caption\":\"Isabel Magdic\"},\"url\":\"https:\\\/\\\/www.skolamichael.cz\\\/cs\\\/author\\\/imagdic\\\/\"}]}<\/script>\n<!-- \/ Yoast SEO plugin. -->","yoast_head_json":{"title":"\u010cesk\u00e1 architektka Michaela Solnick\u00e1 p\u0159ivezla do \u0160koly Michael inspiraci z Afriky i Prahy | MICHAEL","robots":{"index":"index","follow":"follow","max-snippet":"max-snippet:-1","max-image-preview":"max-image-preview:large","max-video-preview":"max-video-preview:-1"},"canonical":"https:\/\/www.skolamichael.cz\/cs\/aktualne\/ceska-architektka-michaela-solnicka-privezla-do-skoly-michael-inspiraci-z-afriky-i-prahy\/","og_locale":"cs_CZ","og_type":"article","og_title":"\u010cesk\u00e1 architektka Michaela Solnick\u00e1 p\u0159ivezla do \u0160koly Michael inspiraci z Afriky i Prahy | MICHAEL","og_description":"Jak\u00e9 materi\u00e1ly budou v interi\u00e9rech budoucnosti, kde hledat udr\u017eitelnost a pro\u010d je d\u016fle\u017eit\u00e9 pracovat s komunitou? Na tyto i dal\u0161\u00ed ot\u00e1zky odpov\u011bd\u011bla student\u016fm oboru Design interi\u00e9ru \u010desk\u00e1 architektka, vizu\u00e1ln\u00ed um\u011blkyn\u011b a sc\u00e9nografka Michaela Solnick\u00e1, kter\u00e1 p\u0159ijala na\u0161e pozv\u00e1n\u00ed k workshopu a p\u0159edn\u00e1\u0161ce. Architektka mezi Prahou a Burkina Faso Od roku 2012 st\u0159\u00edd\u00e1 Michaela Solnick\u00e1 dva [&hellip;]","og_url":"https:\/\/www.skolamichael.cz\/cs\/aktualne\/ceska-architektka-michaela-solnicka-privezla-do-skoly-michael-inspiraci-z-afriky-i-prahy\/","og_site_name":"MICHAEL","article_publisher":"http:\/\/www.facebook.com\/skolamichael","article_published_time":"2025-06-18T13:06:58+00:00","og_image":[{"width":1080,"height":1080,"url":"https:\/\/www.skolamichael.cz\/wp-content\/uploads\/2025\/06\/dalsi-navrh-komunitniho-centra-v-Burkina-Faso-kopie.jpg","type":"image\/jpeg"}],"author":"Isabel Magdic","twitter_card":"summary_large_image","twitter_misc":{"Napsal(a)":"Isabel Magdic","Odhadovan\u00e1 doba \u010dten\u00ed":"1 minuta"},"schema":{"@context":"https:\/\/schema.org","@graph":[{"@type":"Article","@id":"https:\/\/www.skolamichael.cz\/cs\/aktualne\/ceska-architektka-michaela-solnicka-privezla-do-skoly-michael-inspiraci-z-afriky-i-prahy\/#article","isPartOf":{"@id":"https:\/\/www.skolamichael.cz\/cs\/aktualne\/ceska-architektka-michaela-solnicka-privezla-do-skoly-michael-inspiraci-z-afriky-i-prahy\/"},"author":{"name":"Isabel Magdic","@id":"https:\/\/www.skolamichael.cz\/cs\/#\/schema\/person\/558cacac09baabcf878965ff60722247"},"headline":"\u010cesk\u00e1 architektka Michaela Solnick\u00e1 p\u0159ivezla do \u0160koly Michael inspiraci z Afriky i Prahy","datePublished":"2025-06-18T13:06:58+00:00","mainEntityOfPage":{"@id":"https:\/\/www.skolamichael.cz\/cs\/aktualne\/ceska-architektka-michaela-solnicka-privezla-do-skoly-michael-inspiraci-z-afriky-i-prahy\/"},"wordCount":287,"publisher":{"@id":"https:\/\/www.skolamichael.cz\/cs\/#organization"},"image":{"@id":"https:\/\/www.skolamichael.cz\/cs\/aktualne\/ceska-architektka-michaela-solnicka-privezla-do-skoly-michael-inspiraci-z-afriky-i-prahy\/#primaryimage"},"thumbnailUrl":"https:\/\/www.skolamichael.cz\/wp-content\/uploads\/2025\/06\/dalsi-navrh-komunitniho-centra-v-Burkina-Faso-kopie.jpg","articleSection":["Aktuality"],"inLanguage":"cs"},{"@type":"WebPage","@id":"https:\/\/www.skolamichael.cz\/cs\/aktualne\/ceska-architektka-michaela-solnicka-privezla-do-skoly-michael-inspiraci-z-afriky-i-prahy\/","url":"https:\/\/www.skolamichael.cz\/cs\/aktualne\/ceska-architektka-michaela-solnicka-privezla-do-skoly-michael-inspiraci-z-afriky-i-prahy\/","name":"\u010cesk\u00e1 architektka Michaela Solnick\u00e1 p\u0159ivezla do \u0160koly Michael inspiraci z Afriky i Prahy | MICHAEL","isPartOf":{"@id":"https:\/\/www.skolamichael.cz\/cs\/#website"},"primaryImageOfPage":{"@id":"https:\/\/www.skolamichael.cz\/cs\/aktualne\/ceska-architektka-michaela-solnicka-privezla-do-skoly-michael-inspiraci-z-afriky-i-prahy\/#primaryimage"},"image":{"@id":"https:\/\/www.skolamichael.cz\/cs\/aktualne\/ceska-architektka-michaela-solnicka-privezla-do-skoly-michael-inspiraci-z-afriky-i-prahy\/#primaryimage"},"thumbnailUrl":"https:\/\/www.skolamichael.cz\/wp-content\/uploads\/2025\/06\/dalsi-navrh-komunitniho-centra-v-Burkina-Faso-kopie.jpg","datePublished":"2025-06-18T13:06:58+00:00","breadcrumb":{"@id":"https:\/\/www.skolamichael.cz\/cs\/aktualne\/ceska-architektka-michaela-solnicka-privezla-do-skoly-michael-inspiraci-z-afriky-i-prahy\/#breadcrumb"},"inLanguage":"cs","potentialAction":[{"@type":"ReadAction","target":["https:\/\/www.skolamichael.cz\/cs\/aktualne\/ceska-architektka-michaela-solnicka-privezla-do-skoly-michael-inspiraci-z-afriky-i-prahy\/"]}]},{"@type":"ImageObject","inLanguage":"cs","@id":"https:\/\/www.skolamichael.cz\/cs\/aktualne\/ceska-architektka-michaela-solnicka-privezla-do-skoly-michael-inspiraci-z-afriky-i-prahy\/#primaryimage","url":"https:\/\/www.skolamichael.cz\/wp-content\/uploads\/2025\/06\/dalsi-navrh-komunitniho-centra-v-Burkina-Faso-kopie.jpg","contentUrl":"https:\/\/www.skolamichael.cz\/wp-content\/uploads\/2025\/06\/dalsi-navrh-komunitniho-centra-v-Burkina-Faso-kopie.jpg","width":1080,"height":1080},{"@type":"BreadcrumbList","@id":"https:\/\/www.skolamichael.cz\/cs\/aktualne\/ceska-architektka-michaela-solnicka-privezla-do-skoly-michael-inspiraci-z-afriky-i-prahy\/#breadcrumb","itemListElement":[{"@type":"ListItem","position":1,"name":"Dom\u016f","item":"https:\/\/www.skolamichael.cz\/cs\/"},{"@type":"ListItem","position":2,"name":"\u010cesk\u00e1 architektka Michaela Solnick\u00e1 p\u0159ivezla do \u0160koly Michael inspiraci z Afriky i Prahy"}]},{"@type":"WebSite","@id":"https:\/\/www.skolamichael.cz\/cs\/#website","url":"https:\/\/www.skolamichael.cz\/cs\/","name":"MICHAEL","description":"St\u0159edn\u00ed \u0161kola, Gymn\u00e1zium a Vy\u0161\u0161\u00ed odborn\u00e1 \u0161kola","publisher":{"@id":"https:\/\/www.skolamichael.cz\/cs\/#organization"},"alternateName":"St\u0159edn\u00ed \u0161kola, Gymn\u00e1zium a Vy\u0161\u0161\u00ed odborn\u00e1 \u0161kola","potentialAction":[{"@type":"SearchAction","target":{"@type":"EntryPoint","urlTemplate":"https:\/\/www.skolamichael.cz\/cs\/?s={search_term_string}"},"query-input":{"@type":"PropertyValueSpecification","valueRequired":true,"valueName":"search_term_string"}}],"inLanguage":"cs"},{"@type":"Organization","@id":"https:\/\/www.skolamichael.cz\/cs\/#organization","name":"Michael \u2013 St\u0159edn\u00ed \u0161kola, Gymn\u00e1zium a Vy\u0161\u0161\u00ed odborn\u00e1 \u0161kola, s.r.o.","url":"https:\/\/www.skolamichael.cz\/cs\/","logo":{"@type":"ImageObject","inLanguage":"cs","@id":"https:\/\/www.skolamichael.cz\/cs\/#\/schema\/logo\/image\/","url":"https:\/\/www.skolamichael.cz\/wp-content\/uploads\/2019\/03\/logo_michael_final_ctverec1-1.jpg","contentUrl":"https:\/\/www.skolamichael.cz\/wp-content\/uploads\/2019\/03\/logo_michael_final_ctverec1-1.jpg","width":400,"height":400,"caption":"Michael \u2013 St\u0159edn\u00ed \u0161kola, Gymn\u00e1zium a Vy\u0161\u0161\u00ed odborn\u00e1 \u0161kola, s.r.o."},"image":{"@id":"https:\/\/www.skolamichael.cz\/cs\/#\/schema\/logo\/image\/"},"sameAs":["http:\/\/www.facebook.com\/skolamichael","https:\/\/www.instagram.com\/skola_michael\/"]},{"@type":"Person","@id":"https:\/\/www.skolamichael.cz\/cs\/#\/schema\/person\/558cacac09baabcf878965ff60722247","name":"Isabel Magdic","image":{"@type":"ImageObject","inLanguage":"cs","@id":"https:\/\/secure.gravatar.com\/avatar\/ec7f59705dc51a1ab5a45963ebbb1c80bd7f0d7654cacdc50c2bc953d397331d?s=96&d=mm&r=g","url":"https:\/\/secure.gravatar.com\/avatar\/ec7f59705dc51a1ab5a45963ebbb1c80bd7f0d7654cacdc50c2bc953d397331d?s=96&d=mm&r=g","contentUrl":"https:\/\/secure.gravatar.com\/avatar\/ec7f59705dc51a1ab5a45963ebbb1c80bd7f0d7654cacdc50c2bc953d397331d?s=96&d=mm&r=g","caption":"Isabel Magdic"},"url":"https:\/\/www.skolamichael.cz\/cs\/author\/imagdic\/"}]}},"_links":{"self":[{"href":"https:\/\/www.skolamichael.cz\/cs\/wp-json\/wp\/v2\/posts\/22624","targetHints":{"allow":["GET"]}}],"collection":[{"href":"https:\/\/www.skolamichael.cz\/cs\/wp-json\/wp\/v2\/posts"}],"about":[{"href":"https:\/\/www.skolamichael.cz\/cs\/wp-json\/wp\/v2\/types\/post"}],"author":[{"embeddable":true,"href":"https:\/\/www.skolamichael.cz\/cs\/wp-json\/wp\/v2\/users\/19"}],"replies":[{"embeddable":true,"href":"https:\/\/www.skolamichael.cz\/cs\/wp-json\/wp\/v2\/comments?post=22624"}],"version-history":[{"count":1,"href":"https:\/\/www.skolamichael.cz\/cs\/wp-json\/wp\/v2\/posts\/22624\/revisions"}],"predecessor-version":[{"id":22625,"href":"https:\/\/www.skolamichael.cz\/cs\/wp-json\/wp\/v2\/posts\/22624\/revisions\/22625"}],"wp:featuredmedia":[{"embeddable":true,"href":"https:\/\/www.skolamichael.cz\/cs\/wp-json\/wp\/v2\/media\/22615"}],"wp:attachment":[{"href":"https:\/\/www.skolamichael.cz\/cs\/wp-json\/wp\/v2\/media?parent=22624"}],"wp:term":[{"taxonomy":"category","embeddable":true,"href":"https:\/\/www.skolamichael.cz\/cs\/wp-json\/wp\/v2\/categories?post=22624"},{"taxonomy":"post_tag","embeddable":true,"href":"https:\/\/www.skolamichael.cz\/cs\/wp-json\/wp\/v2\/tags?post=22624"}],"curies":[{"name":"wp","href":"https:\/\/api.w.org\/{rel}","templated":true}]}}