{"id":2908,"date":"2019-11-29T12:18:07","date_gmt":"2019-11-29T11:18:07","guid":{"rendered":"https:\/\/www.skolamichael.cz\/?p=2908"},"modified":"2019-12-04T17:38:39","modified_gmt":"2019-12-04T16:38:39","slug":"skola-michael-na-schole-pragensis","status":"publish","type":"post","link":"https:\/\/www.skolamichael.cz\/cs\/aktualne\/skola-michael-na-schole-pragensis\/","title":{"rendered":"\u0160kola Michael na Schole Pragensis!"},"content":{"rendered":"<p>Za velk\u00e9ho z\u00e1jmu n\u00e1v\u0161t\u011bvn\u00edk\u016f, jich\u017e letos dorazilo rekordn\u00ed mno\u017estv\u00ed, se \u0161kola MICHAEL p\u0159edstavila na tradi\u010dn\u00ed p\u0159ehl\u00eddce st\u0159edn\u00edch \u0161kol <a href=\"http:\/\/www.scholapragensis.cz\/jnp\/cz\/index.html\" target=\"_blank\" rel=\"noopener\">Schola Pragensis<\/a>. Zaslou\u017eenou pozornost a pozitivn\u00ed reakce z\u00e1jemc\u016f o studium si z\u00edskal n\u00e1\u0161 n\u00e1padit\u011b \u0159e\u0161en\u00fd st\u00e1nek ve 2. pat\u0159e, mil\u00ed a komunikativn\u00ed studenti i expozice prac\u00ed absolvent\u016f. Ta je k vid\u011bn\u00ed na presti\u017en\u00edm m\u00edst\u011b &#8211; p\u0159\u00edmo u vstupu do Kongresov\u00e9ho centra, kde se cel\u00e1 akce kon\u00e1 do soboty 30. 11. 2019<\/p>\n<p><strong>P\u0159ij\u010fte, najdete n\u00e1s ve 2. pat\u0159e, st\u00e1nek \u010d\u00edslo 237.<\/strong><\/p>\n<p>T\u011b\u0161\u00edme se na V\u00e1s!<\/p>\n<div id='gallery-1' class='gallery galleryid-2908 gallery-columns-3 gallery-size-thumbnail'><figure class='gallery-item'>\n\t\t\t<div class='gallery-icon portrait'>\n\t\t\t\t<a href='https:\/\/www.skolamichael.cz\/wp-content\/uploads\/2019\/11\/11-1.jpg'><img loading=\"lazy\" decoding=\"async\" width=\"150\" height=\"150\" src=\"https:\/\/www.skolamichael.cz\/wp-content\/uploads\/2019\/11\/11-1-150x150.jpg\" class=\"attachment-thumbnail size-thumbnail\" alt=\"\" \/><\/a>\n\t\t\t<\/div><\/figure><figure class='gallery-item'>\n\t\t\t<div class='gallery-icon portrait'>\n\t\t\t\t<a href='https:\/\/www.skolamichael.cz\/wp-content\/uploads\/2019\/11\/13-1.jpg'><img loading=\"lazy\" decoding=\"async\" width=\"150\" height=\"150\" src=\"https:\/\/www.skolamichael.cz\/wp-content\/uploads\/2019\/11\/13-1-150x150.jpg\" class=\"attachment-thumbnail size-thumbnail\" alt=\"\" \/><\/a>\n\t\t\t<\/div><\/figure><figure class='gallery-item'>\n\t\t\t<div class='gallery-icon portrait'>\n\t\t\t\t<a href='https:\/\/www.skolamichael.cz\/wp-content\/uploads\/2019\/11\/1-2.jpg'><img loading=\"lazy\" decoding=\"async\" width=\"150\" height=\"150\" src=\"https:\/\/www.skolamichael.cz\/wp-content\/uploads\/2019\/11\/1-2-150x150.jpg\" class=\"attachment-thumbnail size-thumbnail\" alt=\"\" \/><\/a>\n\t\t\t<\/div><\/figure><figure class='gallery-item'>\n\t\t\t<div class='gallery-icon landscape'>\n\t\t\t\t<a href='https:\/\/www.skolamichael.cz\/wp-content\/uploads\/2019\/11\/tit_CT_schola.jpg'><img loading=\"lazy\" decoding=\"async\" width=\"150\" height=\"150\" src=\"https:\/\/www.skolamichael.cz\/wp-content\/uploads\/2019\/11\/tit_CT_schola-150x150.jpg\" class=\"attachment-thumbnail size-thumbnail\" alt=\"\" srcset=\"https:\/\/www.skolamichael.cz\/wp-content\/uploads\/2019\/11\/tit_CT_schola-150x150.jpg 150w, https:\/\/www.skolamichael.cz\/wp-content\/uploads\/2019\/11\/tit_CT_schola-300x300.jpg 300w, https:\/\/www.skolamichael.cz\/wp-content\/uploads\/2019\/11\/tit_CT_schola.jpg 500w\" sizes=\"auto, (max-width: 150px) 100vw, 150px\" \/><\/a>\n\t\t\t<\/div><\/figure>\n\t\t<\/div>\n\n","protected":false},"excerpt":{"rendered":"<p>Za velk\u00e9ho z\u00e1jmu n\u00e1v\u0161t\u011bvn\u00edk\u016f, jich\u017e letos dorazilo rekordn\u00ed mno\u017estv\u00ed, se \u0161kola MICHAEL p\u0159edstavila na tradi\u010dn\u00ed p\u0159ehl\u00eddce st\u0159edn\u00edch \u0161kol Schola Pragensis. Zaslou\u017eenou pozornost a pozitivn\u00ed reakce z\u00e1jemc\u016f o studium si z\u00edskal n\u00e1\u0161 n\u00e1padit\u011b \u0159e\u0161en\u00fd st\u00e1nek ve 2. pat\u0159e, mil\u00ed a komunikativn\u00ed studenti i expozice prac\u00ed absolvent\u016f. Ta je k vid\u011bn\u00ed na presti\u017en\u00edm m\u00edst\u011b &#8211; p\u0159\u00edmo u [&hellip;]<\/p>\n","protected":false},"author":4,"featured_media":2917,"comment_status":"closed","ping_status":"open","sticky":false,"template":"","format":"standard","meta":{"_acf_changed":false,"footnotes":""},"categories":[3],"tags":[],"class_list":["post-2908","post","type-post","status-publish","format-standard","has-post-thumbnail","hentry","category-aktualne"],"acf":[],"yoast_head":"<!-- This site is optimized with the Yoast SEO plugin v27.4 - https:\/\/yoast.com\/product\/yoast-seo-wordpress\/ -->\n<title>\u0160kola Michael na Schole Pragensis! | MICHAEL<\/title>\n<meta name=\"robots\" content=\"index, follow, max-snippet:-1, max-image-preview:large, max-video-preview:-1\" \/>\n<link rel=\"canonical\" href=\"https:\/\/www.skolamichael.cz\/cs\/aktualne\/skola-michael-na-schole-pragensis\/\" \/>\n<meta property=\"og:locale\" content=\"cs_CZ\" \/>\n<meta property=\"og:type\" content=\"article\" \/>\n<meta property=\"og:title\" content=\"\u0160kola Michael na Schole Pragensis! | MICHAEL\" \/>\n<meta property=\"og:description\" content=\"Za velk\u00e9ho z\u00e1jmu n\u00e1v\u0161t\u011bvn\u00edk\u016f, jich\u017e letos dorazilo rekordn\u00ed mno\u017estv\u00ed, se \u0161kola MICHAEL p\u0159edstavila na tradi\u010dn\u00ed p\u0159ehl\u00eddce st\u0159edn\u00edch \u0161kol Schola Pragensis. Zaslou\u017eenou pozornost a pozitivn\u00ed reakce z\u00e1jemc\u016f o studium si z\u00edskal n\u00e1\u0161 n\u00e1padit\u011b \u0159e\u0161en\u00fd st\u00e1nek ve 2. pat\u0159e, mil\u00ed a komunikativn\u00ed studenti i expozice prac\u00ed absolvent\u016f. Ta je k vid\u011bn\u00ed na presti\u017en\u00edm m\u00edst\u011b &#8211; p\u0159\u00edmo u [&hellip;]\" \/>\n<meta property=\"og:url\" content=\"https:\/\/www.skolamichael.cz\/cs\/aktualne\/skola-michael-na-schole-pragensis\/\" \/>\n<meta property=\"og:site_name\" content=\"MICHAEL\" \/>\n<meta property=\"article:publisher\" content=\"http:\/\/www.facebook.com\/skolamichael\" \/>\n<meta property=\"article:published_time\" content=\"2019-11-29T11:18:07+00:00\" \/>\n<meta property=\"article:modified_time\" content=\"2019-12-04T16:38:39+00:00\" \/>\n<meta property=\"og:image\" content=\"https:\/\/www.skolamichael.cz\/wp-content\/uploads\/2019\/11\/tit_CT_schola.jpg\" \/>\n\t<meta property=\"og:image:width\" content=\"500\" \/>\n\t<meta property=\"og:image:height\" content=\"500\" \/>\n\t<meta property=\"og:image:type\" content=\"image\/jpeg\" \/>\n<meta name=\"author\" content=\"Lucie\" \/>\n<meta name=\"twitter:card\" content=\"summary_large_image\" \/>\n<meta name=\"twitter:label1\" content=\"Napsal(a)\" \/>\n\t<meta name=\"twitter:data1\" content=\"Lucie\" \/>\n\t<meta name=\"twitter:label2\" content=\"Odhadovan\u00e1 doba \u010dten\u00ed\" \/>\n\t<meta name=\"twitter:data2\" content=\"1 minuta\" \/>\n<script type=\"application\/ld+json\" class=\"yoast-schema-graph\">{\"@context\":\"https:\\\/\\\/schema.org\",\"@graph\":[{\"@type\":\"Article\",\"@id\":\"https:\\\/\\\/www.skolamichael.cz\\\/cs\\\/aktualne\\\/skola-michael-na-schole-pragensis\\\/#article\",\"isPartOf\":{\"@id\":\"https:\\\/\\\/www.skolamichael.cz\\\/cs\\\/aktualne\\\/skola-michael-na-schole-pragensis\\\/\"},\"author\":{\"name\":\"Lucie\",\"@id\":\"https:\\\/\\\/www.skolamichael.cz\\\/cs\\\/#\\\/schema\\\/person\\\/953e68e7bc920aa4a47c50c0f25c9eea\"},\"headline\":\"\u0160kola Michael na Schole Pragensis!\",\"datePublished\":\"2019-11-29T11:18:07+00:00\",\"dateModified\":\"2019-12-04T16:38:39+00:00\",\"mainEntityOfPage\":{\"@id\":\"https:\\\/\\\/www.skolamichael.cz\\\/cs\\\/aktualne\\\/skola-michael-na-schole-pragensis\\\/\"},\"wordCount\":118,\"publisher\":{\"@id\":\"https:\\\/\\\/www.skolamichael.cz\\\/cs\\\/#organization\"},\"image\":{\"@id\":\"https:\\\/\\\/www.skolamichael.cz\\\/cs\\\/aktualne\\\/skola-michael-na-schole-pragensis\\\/#primaryimage\"},\"thumbnailUrl\":\"https:\\\/\\\/www.skolamichael.cz\\\/wp-content\\\/uploads\\\/2019\\\/11\\\/tit_CT_schola.jpg\",\"articleSection\":[\"Aktuality\"],\"inLanguage\":\"cs\"},{\"@type\":\"WebPage\",\"@id\":\"https:\\\/\\\/www.skolamichael.cz\\\/cs\\\/aktualne\\\/skola-michael-na-schole-pragensis\\\/\",\"url\":\"https:\\\/\\\/www.skolamichael.cz\\\/cs\\\/aktualne\\\/skola-michael-na-schole-pragensis\\\/\",\"name\":\"\u0160kola Michael na Schole Pragensis! | MICHAEL\",\"isPartOf\":{\"@id\":\"https:\\\/\\\/www.skolamichael.cz\\\/cs\\\/#website\"},\"primaryImageOfPage\":{\"@id\":\"https:\\\/\\\/www.skolamichael.cz\\\/cs\\\/aktualne\\\/skola-michael-na-schole-pragensis\\\/#primaryimage\"},\"image\":{\"@id\":\"https:\\\/\\\/www.skolamichael.cz\\\/cs\\\/aktualne\\\/skola-michael-na-schole-pragensis\\\/#primaryimage\"},\"thumbnailUrl\":\"https:\\\/\\\/www.skolamichael.cz\\\/wp-content\\\/uploads\\\/2019\\\/11\\\/tit_CT_schola.jpg\",\"datePublished\":\"2019-11-29T11:18:07+00:00\",\"dateModified\":\"2019-12-04T16:38:39+00:00\",\"breadcrumb\":{\"@id\":\"https:\\\/\\\/www.skolamichael.cz\\\/cs\\\/aktualne\\\/skola-michael-na-schole-pragensis\\\/#breadcrumb\"},\"inLanguage\":\"cs\",\"potentialAction\":[{\"@type\":\"ReadAction\",\"target\":[\"https:\\\/\\\/www.skolamichael.cz\\\/cs\\\/aktualne\\\/skola-michael-na-schole-pragensis\\\/\"]}]},{\"@type\":\"ImageObject\",\"inLanguage\":\"cs\",\"@id\":\"https:\\\/\\\/www.skolamichael.cz\\\/cs\\\/aktualne\\\/skola-michael-na-schole-pragensis\\\/#primaryimage\",\"url\":\"https:\\\/\\\/www.skolamichael.cz\\\/wp-content\\\/uploads\\\/2019\\\/11\\\/tit_CT_schola.jpg\",\"contentUrl\":\"https:\\\/\\\/www.skolamichael.cz\\\/wp-content\\\/uploads\\\/2019\\\/11\\\/tit_CT_schola.jpg\",\"width\":500,\"height\":500},{\"@type\":\"BreadcrumbList\",\"@id\":\"https:\\\/\\\/www.skolamichael.cz\\\/cs\\\/aktualne\\\/skola-michael-na-schole-pragensis\\\/#breadcrumb\",\"itemListElement\":[{\"@type\":\"ListItem\",\"position\":1,\"name\":\"Dom\u016f\",\"item\":\"https:\\\/\\\/www.skolamichael.cz\\\/cs\\\/\"},{\"@type\":\"ListItem\",\"position\":2,\"name\":\"\u0160kola Michael na Schole Pragensis!\"}]},{\"@type\":\"WebSite\",\"@id\":\"https:\\\/\\\/www.skolamichael.cz\\\/cs\\\/#website\",\"url\":\"https:\\\/\\\/www.skolamichael.cz\\\/cs\\\/\",\"name\":\"MICHAEL\",\"description\":\"St\u0159edn\u00ed \u0161kola, Gymn\u00e1zium a Vy\u0161\u0161\u00ed odborn\u00e1 \u0161kola\",\"publisher\":{\"@id\":\"https:\\\/\\\/www.skolamichael.cz\\\/cs\\\/#organization\"},\"alternateName\":\"St\u0159edn\u00ed \u0161kola, Gymn\u00e1zium a Vy\u0161\u0161\u00ed odborn\u00e1 \u0161kola\",\"potentialAction\":[{\"@type\":\"SearchAction\",\"target\":{\"@type\":\"EntryPoint\",\"urlTemplate\":\"https:\\\/\\\/www.skolamichael.cz\\\/cs\\\/?s={search_term_string}\"},\"query-input\":{\"@type\":\"PropertyValueSpecification\",\"valueRequired\":true,\"valueName\":\"search_term_string\"}}],\"inLanguage\":\"cs\"},{\"@type\":\"Organization\",\"@id\":\"https:\\\/\\\/www.skolamichael.cz\\\/cs\\\/#organization\",\"name\":\"Michael \u2013 St\u0159edn\u00ed \u0161kola, Gymn\u00e1zium a Vy\u0161\u0161\u00ed odborn\u00e1 \u0161kola, s.r.o.\",\"url\":\"https:\\\/\\\/www.skolamichael.cz\\\/cs\\\/\",\"logo\":{\"@type\":\"ImageObject\",\"inLanguage\":\"cs\",\"@id\":\"https:\\\/\\\/www.skolamichael.cz\\\/cs\\\/#\\\/schema\\\/logo\\\/image\\\/\",\"url\":\"https:\\\/\\\/www.skolamichael.cz\\\/wp-content\\\/uploads\\\/2019\\\/03\\\/logo_michael_final_ctverec1-1.jpg\",\"contentUrl\":\"https:\\\/\\\/www.skolamichael.cz\\\/wp-content\\\/uploads\\\/2019\\\/03\\\/logo_michael_final_ctverec1-1.jpg\",\"width\":400,\"height\":400,\"caption\":\"Michael \u2013 St\u0159edn\u00ed \u0161kola, Gymn\u00e1zium a Vy\u0161\u0161\u00ed odborn\u00e1 \u0161kola, s.r.o.\"},\"image\":{\"@id\":\"https:\\\/\\\/www.skolamichael.cz\\\/cs\\\/#\\\/schema\\\/logo\\\/image\\\/\"},\"sameAs\":[\"http:\\\/\\\/www.facebook.com\\\/skolamichael\",\"https:\\\/\\\/www.instagram.com\\\/skola_michael\\\/\"]},{\"@type\":\"Person\",\"@id\":\"https:\\\/\\\/www.skolamichael.cz\\\/cs\\\/#\\\/schema\\\/person\\\/953e68e7bc920aa4a47c50c0f25c9eea\",\"name\":\"Lucie\",\"image\":{\"@type\":\"ImageObject\",\"inLanguage\":\"cs\",\"@id\":\"https:\\\/\\\/secure.gravatar.com\\\/avatar\\\/f624d747a971b7586c02ff20e5a7e85b649ac7b9acfd2d27716345b4f825b776?s=96&d=mm&r=g\",\"url\":\"https:\\\/\\\/secure.gravatar.com\\\/avatar\\\/f624d747a971b7586c02ff20e5a7e85b649ac7b9acfd2d27716345b4f825b776?s=96&d=mm&r=g\",\"contentUrl\":\"https:\\\/\\\/secure.gravatar.com\\\/avatar\\\/f624d747a971b7586c02ff20e5a7e85b649ac7b9acfd2d27716345b4f825b776?s=96&d=mm&r=g\",\"caption\":\"Lucie\"},\"url\":\"https:\\\/\\\/www.skolamichael.cz\\\/cs\\\/author\\\/lucie\\\/\"}]}<\/script>\n<!-- \/ Yoast SEO plugin. -->","yoast_head_json":{"title":"\u0160kola Michael na Schole Pragensis! | MICHAEL","robots":{"index":"index","follow":"follow","max-snippet":"max-snippet:-1","max-image-preview":"max-image-preview:large","max-video-preview":"max-video-preview:-1"},"canonical":"https:\/\/www.skolamichael.cz\/cs\/aktualne\/skola-michael-na-schole-pragensis\/","og_locale":"cs_CZ","og_type":"article","og_title":"\u0160kola Michael na Schole Pragensis! | MICHAEL","og_description":"Za velk\u00e9ho z\u00e1jmu n\u00e1v\u0161t\u011bvn\u00edk\u016f, jich\u017e letos dorazilo rekordn\u00ed mno\u017estv\u00ed, se \u0161kola MICHAEL p\u0159edstavila na tradi\u010dn\u00ed p\u0159ehl\u00eddce st\u0159edn\u00edch \u0161kol Schola Pragensis. Zaslou\u017eenou pozornost a pozitivn\u00ed reakce z\u00e1jemc\u016f o studium si z\u00edskal n\u00e1\u0161 n\u00e1padit\u011b \u0159e\u0161en\u00fd st\u00e1nek ve 2. pat\u0159e, mil\u00ed a komunikativn\u00ed studenti i expozice prac\u00ed absolvent\u016f. Ta je k vid\u011bn\u00ed na presti\u017en\u00edm m\u00edst\u011b &#8211; p\u0159\u00edmo u [&hellip;]","og_url":"https:\/\/www.skolamichael.cz\/cs\/aktualne\/skola-michael-na-schole-pragensis\/","og_site_name":"MICHAEL","article_publisher":"http:\/\/www.facebook.com\/skolamichael","article_published_time":"2019-11-29T11:18:07+00:00","article_modified_time":"2019-12-04T16:38:39+00:00","og_image":[{"width":500,"height":500,"url":"https:\/\/www.skolamichael.cz\/wp-content\/uploads\/2019\/11\/tit_CT_schola.jpg","type":"image\/jpeg"}],"author":"Lucie","twitter_card":"summary_large_image","twitter_misc":{"Napsal(a)":"Lucie","Odhadovan\u00e1 doba \u010dten\u00ed":"1 minuta"},"schema":{"@context":"https:\/\/schema.org","@graph":[{"@type":"Article","@id":"https:\/\/www.skolamichael.cz\/cs\/aktualne\/skola-michael-na-schole-pragensis\/#article","isPartOf":{"@id":"https:\/\/www.skolamichael.cz\/cs\/aktualne\/skola-michael-na-schole-pragensis\/"},"author":{"name":"Lucie","@id":"https:\/\/www.skolamichael.cz\/cs\/#\/schema\/person\/953e68e7bc920aa4a47c50c0f25c9eea"},"headline":"\u0160kola Michael na Schole Pragensis!","datePublished":"2019-11-29T11:18:07+00:00","dateModified":"2019-12-04T16:38:39+00:00","mainEntityOfPage":{"@id":"https:\/\/www.skolamichael.cz\/cs\/aktualne\/skola-michael-na-schole-pragensis\/"},"wordCount":118,"publisher":{"@id":"https:\/\/www.skolamichael.cz\/cs\/#organization"},"image":{"@id":"https:\/\/www.skolamichael.cz\/cs\/aktualne\/skola-michael-na-schole-pragensis\/#primaryimage"},"thumbnailUrl":"https:\/\/www.skolamichael.cz\/wp-content\/uploads\/2019\/11\/tit_CT_schola.jpg","articleSection":["Aktuality"],"inLanguage":"cs"},{"@type":"WebPage","@id":"https:\/\/www.skolamichael.cz\/cs\/aktualne\/skola-michael-na-schole-pragensis\/","url":"https:\/\/www.skolamichael.cz\/cs\/aktualne\/skola-michael-na-schole-pragensis\/","name":"\u0160kola Michael na Schole Pragensis! | MICHAEL","isPartOf":{"@id":"https:\/\/www.skolamichael.cz\/cs\/#website"},"primaryImageOfPage":{"@id":"https:\/\/www.skolamichael.cz\/cs\/aktualne\/skola-michael-na-schole-pragensis\/#primaryimage"},"image":{"@id":"https:\/\/www.skolamichael.cz\/cs\/aktualne\/skola-michael-na-schole-pragensis\/#primaryimage"},"thumbnailUrl":"https:\/\/www.skolamichael.cz\/wp-content\/uploads\/2019\/11\/tit_CT_schola.jpg","datePublished":"2019-11-29T11:18:07+00:00","dateModified":"2019-12-04T16:38:39+00:00","breadcrumb":{"@id":"https:\/\/www.skolamichael.cz\/cs\/aktualne\/skola-michael-na-schole-pragensis\/#breadcrumb"},"inLanguage":"cs","potentialAction":[{"@type":"ReadAction","target":["https:\/\/www.skolamichael.cz\/cs\/aktualne\/skola-michael-na-schole-pragensis\/"]}]},{"@type":"ImageObject","inLanguage":"cs","@id":"https:\/\/www.skolamichael.cz\/cs\/aktualne\/skola-michael-na-schole-pragensis\/#primaryimage","url":"https:\/\/www.skolamichael.cz\/wp-content\/uploads\/2019\/11\/tit_CT_schola.jpg","contentUrl":"https:\/\/www.skolamichael.cz\/wp-content\/uploads\/2019\/11\/tit_CT_schola.jpg","width":500,"height":500},{"@type":"BreadcrumbList","@id":"https:\/\/www.skolamichael.cz\/cs\/aktualne\/skola-michael-na-schole-pragensis\/#breadcrumb","itemListElement":[{"@type":"ListItem","position":1,"name":"Dom\u016f","item":"https:\/\/www.skolamichael.cz\/cs\/"},{"@type":"ListItem","position":2,"name":"\u0160kola Michael na Schole Pragensis!"}]},{"@type":"WebSite","@id":"https:\/\/www.skolamichael.cz\/cs\/#website","url":"https:\/\/www.skolamichael.cz\/cs\/","name":"MICHAEL","description":"St\u0159edn\u00ed \u0161kola, Gymn\u00e1zium a Vy\u0161\u0161\u00ed odborn\u00e1 \u0161kola","publisher":{"@id":"https:\/\/www.skolamichael.cz\/cs\/#organization"},"alternateName":"St\u0159edn\u00ed \u0161kola, Gymn\u00e1zium a Vy\u0161\u0161\u00ed odborn\u00e1 \u0161kola","potentialAction":[{"@type":"SearchAction","target":{"@type":"EntryPoint","urlTemplate":"https:\/\/www.skolamichael.cz\/cs\/?s={search_term_string}"},"query-input":{"@type":"PropertyValueSpecification","valueRequired":true,"valueName":"search_term_string"}}],"inLanguage":"cs"},{"@type":"Organization","@id":"https:\/\/www.skolamichael.cz\/cs\/#organization","name":"Michael \u2013 St\u0159edn\u00ed \u0161kola, Gymn\u00e1zium a Vy\u0161\u0161\u00ed odborn\u00e1 \u0161kola, s.r.o.","url":"https:\/\/www.skolamichael.cz\/cs\/","logo":{"@type":"ImageObject","inLanguage":"cs","@id":"https:\/\/www.skolamichael.cz\/cs\/#\/schema\/logo\/image\/","url":"https:\/\/www.skolamichael.cz\/wp-content\/uploads\/2019\/03\/logo_michael_final_ctverec1-1.jpg","contentUrl":"https:\/\/www.skolamichael.cz\/wp-content\/uploads\/2019\/03\/logo_michael_final_ctverec1-1.jpg","width":400,"height":400,"caption":"Michael \u2013 St\u0159edn\u00ed \u0161kola, Gymn\u00e1zium a Vy\u0161\u0161\u00ed odborn\u00e1 \u0161kola, s.r.o."},"image":{"@id":"https:\/\/www.skolamichael.cz\/cs\/#\/schema\/logo\/image\/"},"sameAs":["http:\/\/www.facebook.com\/skolamichael","https:\/\/www.instagram.com\/skola_michael\/"]},{"@type":"Person","@id":"https:\/\/www.skolamichael.cz\/cs\/#\/schema\/person\/953e68e7bc920aa4a47c50c0f25c9eea","name":"Lucie","image":{"@type":"ImageObject","inLanguage":"cs","@id":"https:\/\/secure.gravatar.com\/avatar\/f624d747a971b7586c02ff20e5a7e85b649ac7b9acfd2d27716345b4f825b776?s=96&d=mm&r=g","url":"https:\/\/secure.gravatar.com\/avatar\/f624d747a971b7586c02ff20e5a7e85b649ac7b9acfd2d27716345b4f825b776?s=96&d=mm&r=g","contentUrl":"https:\/\/secure.gravatar.com\/avatar\/f624d747a971b7586c02ff20e5a7e85b649ac7b9acfd2d27716345b4f825b776?s=96&d=mm&r=g","caption":"Lucie"},"url":"https:\/\/www.skolamichael.cz\/cs\/author\/lucie\/"}]}},"_links":{"self":[{"href":"https:\/\/www.skolamichael.cz\/cs\/wp-json\/wp\/v2\/posts\/2908","targetHints":{"allow":["GET"]}}],"collection":[{"href":"https:\/\/www.skolamichael.cz\/cs\/wp-json\/wp\/v2\/posts"}],"about":[{"href":"https:\/\/www.skolamichael.cz\/cs\/wp-json\/wp\/v2\/types\/post"}],"author":[{"embeddable":true,"href":"https:\/\/www.skolamichael.cz\/cs\/wp-json\/wp\/v2\/users\/4"}],"replies":[{"embeddable":true,"href":"https:\/\/www.skolamichael.cz\/cs\/wp-json\/wp\/v2\/comments?post=2908"}],"version-history":[{"count":3,"href":"https:\/\/www.skolamichael.cz\/cs\/wp-json\/wp\/v2\/posts\/2908\/revisions"}],"predecessor-version":[{"id":3002,"href":"https:\/\/www.skolamichael.cz\/cs\/wp-json\/wp\/v2\/posts\/2908\/revisions\/3002"}],"wp:featuredmedia":[{"embeddable":true,"href":"https:\/\/www.skolamichael.cz\/cs\/wp-json\/wp\/v2\/media\/2917"}],"wp:attachment":[{"href":"https:\/\/www.skolamichael.cz\/cs\/wp-json\/wp\/v2\/media?parent=2908"}],"wp:term":[{"taxonomy":"category","embeddable":true,"href":"https:\/\/www.skolamichael.cz\/cs\/wp-json\/wp\/v2\/categories?post=2908"},{"taxonomy":"post_tag","embeddable":true,"href":"https:\/\/www.skolamichael.cz\/cs\/wp-json\/wp\/v2\/tags?post=2908"}],"curies":[{"name":"wp","href":"https:\/\/api.w.org\/{rel}","templated":true}]}}