{"id":11478,"date":"2023-06-15T19:33:33","date_gmt":"2023-06-15T17:33:33","guid":{"rendered":"https:\/\/www.skolamichael.cz\/aktualne\/festmichael-2023-namesti-miru\/"},"modified":"2023-06-22T18:25:46","modified_gmt":"2023-06-22T16:25:46","slug":"festmichael-2023-namesti-miru","status":"publish","type":"post","link":"https:\/\/www.skolamichael.cz\/en\/aktualne\/zivot-skoly\/festmichael-2023-namesti-miru\/","title":{"rendered":"FESTMICHAEL 2023 \u2013 n\u00e1m\u011bst\u00ed M\u00edru"},"content":{"rendered":"<p>Po sout\u011b\u017en\u00ed p\u0159ehl\u00eddce studentsk\u00fdch film\u016f v pra\u017esk\u00e9m kin\u011b Lucerna se studenti i se sv\u00fdmi vyu\u010duj\u00edc\u00edmi p\u0159esunuli na n\u00e1m\u011bst\u00ed M\u00edru. Tam v 16.45 hod. za\u010dala vernis\u00e1\u017e prac\u00ed student\u016f ostatn\u00edch um\u011bleck\u00fdch obor\u016f, kter\u00e1 p\u0159il\u00e1kala i spoustu kolemjdouc\u00edch. Pod \u0161ir\u00fdm nebem, za kr\u00e1sn\u00e9ho po\u010das\u00ed, zde p\u0159edstavili svoji tvorbu absolventi obor\u016f Fotografick\u00e1 tvorba, Grafick\u00fd design a Design interi\u00e9ru. Studenti, vybran\u00ed na z\u00e1klad\u011b hodnocen\u00ed odborn\u00fdch pedagog\u016f, tak\u00e9 p\u0159evzali ocen\u011bn\u00ed a sponzorsk\u00e9 dary. V\u00edt\u011bzov\u00e9 si odnesli Airpody a p\u0159\u00edslu\u0161enstv\u00ed od iStylu, spoustu voucher\u016f na slu\u017eby od PFX, Reproteam, Biofilms, Dafilms, Beep Studia a dal\u0161\u00edch a ti nejlep\u0161\u00ed trofej v podob\u011b sklen\u011bn\u00e9 \u017e\u00e1rovky. Prvn\u00ed kapky de\u0161t\u011b za\u010daly padat a\u017e na z\u00e1v\u011br, kdy\u017e zazn\u011blo jm\u00e9no re\u017eis\u00e9ra sn\u00edmku, kter\u00fd z\u00edskal v\u00a0Lucern\u011b cenu div\u00e1k\u016f. I po\u010das\u00ed m\u00e1 r\u00e1do FESTMICHAEL\ud83d\ude0a.<\/p>\n<p>Vystaven\u00e9 pr\u00e1ce je mo\u017en\u00e9 si na prostranstv\u00ed p\u0159ed kostelem sv. Ludmily prohl\u00e9dnout do 13. \u010dervence 2023.<\/p>\n<p>Ceny obdr\u017eeli:<\/p>\n<p><strong><u>St\u0159edn\u00ed \u0161kola<\/u><\/strong><\/p>\n<p>Grafick\u00fd design<\/p>\n<p><strong>1. m\u00edsto<\/strong>: <strong><em>Petr Proch\u00e1zka<\/em><\/strong> \u2013 hlavn\u00ed cena za tv\u016fr\u010d\u00ed a aktivn\u00ed p\u0159\u00edstup p\u0159i realizaci maturitn\u00ed pr\u00e1ce<br \/>\n<strong>2. m\u00edsto<\/strong>: <strong><em>Eli\u0161ka Milfajtov\u00e1<\/em><\/strong> \u2013 ocen\u011bn\u00ed za autentick\u00fd v\u00fdtvarn\u00fd p\u0159\u00edstup p\u0159i realizaci maturitn\u00ed pr\u00e1ce<br \/>\n<strong>3. m\u00edsto: <em>Filip Kudl\u00e1\u010dek<\/em><\/strong> \u2013 ocen\u011bn\u00ed za vytrvalost a konceptu\u00e1ln\u00ed \u0159e\u0161en\u00ed p\u0159i realizaci maturitn\u00ed pr\u00e1ce<br \/>\n<strong>\u010cestn\u00e9 uzn\u00e1n\u00ed: <em>Chenlin Sun<\/em><\/strong> \u2013 ocen\u011bn\u00ed za autentick\u00e9 v\u00fdtvarn\u00e9 \u0159e\u0161en\u00ed maturitn\u00ed pr\u00e1ce<br \/>\n<strong>\u010cestn\u00e9 uzn\u00e1n\u00ed: <em>Marie Charlotta Piska\u010dov\u00e1<\/em><\/strong> \u2013 ocen\u011bn\u00ed za autentick\u00e9 v\u00fdtvarn\u00e9 \u0159e\u0161en\u00ed maturitn\u00ed pr\u00e1ce<\/p>\n<p>Fotografick\u00e1 tvorba<\/p>\n<p><strong>1. m\u00edsto: <em>Barbora<\/em><\/strong><strong><em> Kuklov\u00e1<\/em><\/strong> \u2013 ocen\u011bn\u00ed za vynikaj\u00edc\u00ed maturitn\u00ed soubor a tvorbu z\u00a0posledn\u00edho ro\u010dn\u00edku<br \/>\n<strong>2. m\u00edsto: <em>Maty\u00e1\u0161 P\u00e1len\u00ed\u010dek<\/em><\/strong> \u2013 ocen\u011bn\u00ed za dlouhodob\u00e9 vynikaj\u00edc\u00ed v\u00fdsledky<br \/>\n<strong>3. m\u00edsto: <em>Marc Christian Schackwitz<\/em><\/strong> \u2013 ocen\u011bn\u00ed za originalitu a posedlost tvorbou<\/p>\n<p>Design interi\u00e9ru<\/p>\n<p><strong>1. m\u00edsto: <em>Anastasia Adabashyan<\/em> \u2013 <\/strong>Tiny House<br \/>\n<strong>2. m\u00edsto:\u00a0<em>Ema Alexandra Warren<\/em> \u2013 <\/strong>Tiny House<br \/>\n<strong>3. m\u00edsto: <em>Tran Lan Anh<\/em> \u2013 <\/strong>Tiny House<\/p>\n<p><strong><u>Akademie Michael \u2013 Vy\u0161\u0161\u00ed odborn\u00e1 \u0161kola<\/u><\/strong><\/p>\n<p>Grafick\u00fd design<\/p>\n<p><strong>1. m\u00edsto: <em>Michal Plech\u00e1\u010d<\/em><\/strong> \u2013 ocen\u011bn\u00ed za vynikaj\u00edc\u00ed absolventskou pr\u00e1ci a neutuchaj\u00edc\u00ed entusiasmus v pr\u016fb\u011bhu cel\u00e9ho studia<br \/>\n<strong>2. m\u00edsto: <em>Jakub \u0160enk\u00fd\u0159<\/em><\/strong> \u2013 ocen\u011bn\u00ed za dlouhodob\u00e9 skv\u011bl\u00e9 v\u00fdsledky, zodpov\u011bdn\u00fd a trp\u011bliv\u00fd p\u0159\u00edstup k zadan\u00fdm \u00fakol\u016fm<br \/>\n<strong>3. m\u00edsto: <em>Alina Prokhorov\u00e1<\/em><\/strong> \u2013 ocen\u011bn\u00ed za perfektn\u00ed zpracov\u00e1n\u00ed t\u00e9matu FestMichael a vn\u00edm\u00e1me ji jako jednu z vych\u00e1zej\u00edc\u00edch hv\u011bzd Ateli\u00e9ru grafick\u00e9ho designu<\/p>\n<p>Fotografick\u00e1 tvorba<\/p>\n<p><strong>1. m\u00edsto <em>Marek Knittl<\/em><\/strong> \u2013 za p\u0159\u00edkladnou soustavnou, pilnou a poctivou pr\u00e1ci nejenom v r\u00e1mci studia a za vytv\u00e1\u0159en\u00ed dobr\u00e9 atmosf\u00e9ry v kolektivu atelieru fotografie.<br \/>\n<strong>2. m\u00edsto:\u00a0<em>David Urban<\/em><\/strong> \u2013 za neobvykle kreativn\u00ed p\u0159\u00edstup k pr\u00e1ci v pr\u016fb\u011bhu cel\u00e9ho studia a iniciativn\u00ed vztah k fotografii jako oboru.<br \/>\n<strong>3. m\u00edsto: <em>Milan Smol\u00edk, Petr Hu\u0148at<\/em><\/strong> \u2013 za p\u0159\u00edkladn\u00e9 zvl\u00e1dnut\u00ed konkr\u00e9tn\u00edho slo\u017eit\u00e9ho klientsk\u00e9ho zad\u00e1n\u00ed, za perfektn\u00ed a odpov\u011bdn\u00fd p\u0159\u00edstup k projektu a profesion\u00e1ln\u00ed odveden\u00ed pr\u00e1ce; Milan Smol\u00edk z\u00e1rove\u0148 za aktivn\u00ed zapojen\u00ed do \u0161koln\u00edch aktivit nad r\u00e1mec povinn\u00e9 v\u00fduky<\/p>\n<p>Design interi\u00e9ru<\/p>\n<p><strong>1. m\u00edsto:\u00a0<em>My Dung Tylov\u00e1<\/em><\/strong>, 3. VO\u0160 \u2013 La Lucerne \u2013 Za p\u0159\u00edstup k pr\u00e1ci interi\u00e9rov\u00e9ho design\u00e9ra Tiny House<br \/>\n<strong>2. m\u00edsto: <em>Veronika \u010cernohorsk\u00e1<\/em><\/strong> \u2013 Za p\u0159\u00edstup k pr\u00e1ci interi\u00e9rov\u00e9ho design\u00e9ra Flow<br \/>\n<strong>3. m\u00edsto: <em>Denis Ferenc<\/em><\/strong> \u2013 Za p\u0159\u00edstup k pr\u00e1ci interi\u00e9rov\u00e9ho design\u00e9ra Mansory Bauwerk<\/p>\n<p>Velk\u00e9 pod\u011bkov\u00e1n\u00ed pat\u0159\u00ed pedagog\u016fm, kte\u0159\u00ed byli student\u016fm n\u00e1pomocni p\u0159i jejich pr\u00e1ci. Vedouc\u00edmu oboru Filmov\u00e1 tvorba S\u0160 Viktoru Pavlovi\u010dovi, vedouc\u00edmu oboru Filmov\u00e1 tvorba VO\u0160 Vladim\u00edru Mich\u00e1lkovi, vedouc\u00edmu oboru Fotografie a nov\u00e1 m\u00e9dia S\u0160 Jaroslavu Fi\u0161erovi, vedouc\u00edmu oboru Fotografick\u00e1 tvorba na VO\u0160 Tom\u00e1\u0161ovi T\u0159e\u0161t\u00edkovi, vedouc\u00edmu oboru Grafick\u00fd design S\u0160 Jakubu \u0160t\u011bp\u00e1nkovi, vedouc\u00edmu oboru Grafick\u00fd design VO\u0160 Miroslavu Roub\u00ed\u010dkovi a Andree Vok\u0159\u00e1lov\u00e9, vedouc\u00ed oboru Design interi\u00e9ru S\u0160 a VO\u0160.<\/p>\n<p>Text: Petra Hus\u00e1kov\u00e1<br \/>\nFoto: Filip Bezd\u011bk<\/p>\n<div id='gallery-1' class='gallery galleryid-11478 gallery-columns-1 gallery-size-full'><figure class='gallery-item'>\n\t\t\t<div class='gallery-icon landscape'>\n\t\t\t\t<a href='https:\/\/www.skolamichael.cz\/wp-content\/uploads\/2023\/06\/Photo-15062023-16-18-47-1_u-compress.jpg'><img loading=\"lazy\" decoding=\"async\" width=\"1000\" height=\"667\" src=\"https:\/\/www.skolamichael.cz\/wp-content\/uploads\/2023\/06\/Photo-15062023-16-18-47-1_u-compress.jpg\" class=\"attachment-full size-full\" alt=\"\" \/><\/a>\n\t\t\t<\/div><\/figure><figure class='gallery-item'>\n\t\t\t<div class='gallery-icon landscape'>\n\t\t\t\t<a href='https:\/\/www.skolamichael.cz\/wp-content\/uploads\/2023\/06\/Photo-15062023-16-29-10_u-compress.jpg'><img loading=\"lazy\" decoding=\"async\" width=\"1000\" height=\"667\" src=\"https:\/\/www.skolamichael.cz\/wp-content\/uploads\/2023\/06\/Photo-15062023-16-29-10_u-compress.jpg\" class=\"attachment-full size-full\" alt=\"\" \/><\/a>\n\t\t\t<\/div><\/figure><figure class='gallery-item'>\n\t\t\t<div class='gallery-icon landscape'>\n\t\t\t\t<a href='https:\/\/www.skolamichael.cz\/wp-content\/uploads\/2023\/06\/Photo-15062023-16-37-43_u-compress.jpg'><img loading=\"lazy\" decoding=\"async\" width=\"1000\" height=\"667\" src=\"https:\/\/www.skolamichael.cz\/wp-content\/uploads\/2023\/06\/Photo-15062023-16-37-43_u-compress.jpg\" class=\"attachment-full size-full\" alt=\"\" \/><\/a>\n\t\t\t<\/div><\/figure><figure class='gallery-item'>\n\t\t\t<div class='gallery-icon landscape'>\n\t\t\t\t<a href='https:\/\/www.skolamichael.cz\/wp-content\/uploads\/2023\/06\/Photo-15062023-16-38-14_u-compress.jpg'><img loading=\"lazy\" decoding=\"async\" width=\"1000\" height=\"667\" src=\"https:\/\/www.skolamichael.cz\/wp-content\/uploads\/2023\/06\/Photo-15062023-16-38-14_u-compress.jpg\" class=\"attachment-full size-full\" alt=\"\" \/><\/a>\n\t\t\t<\/div><\/figure><figure class='gallery-item'>\n\t\t\t<div class='gallery-icon landscape'>\n\t\t\t\t<a href='https:\/\/www.skolamichael.cz\/wp-content\/uploads\/2023\/06\/Photo-15062023-17-03-03_u-compress.jpg'><img loading=\"lazy\" decoding=\"async\" width=\"1000\" height=\"667\" src=\"https:\/\/www.skolamichael.cz\/wp-content\/uploads\/2023\/06\/Photo-15062023-17-03-03_u-compress.jpg\" class=\"attachment-full size-full\" alt=\"\" \/><\/a>\n\t\t\t<\/div><\/figure>\n\t\t<\/div>\n\n","protected":false},"excerpt":{"rendered":"<p>Po sout\u011b\u017en\u00ed p\u0159ehl\u00eddce studentsk\u00fdch film\u016f v pra\u017esk\u00e9m kin\u011b Lucerna se studenti i se sv\u00fdmi vyu\u010duj\u00edc\u00edmi p\u0159esunuli na n\u00e1m\u011bst\u00ed M\u00edru. Tam v 16.45 hod. za\u010dala vernis\u00e1\u017e prac\u00ed student\u016f ostatn\u00edch um\u011bleck\u00fdch obor\u016f, kter\u00e1 p\u0159il\u00e1kala i spoustu kolemjdouc\u00edch. Pod \u0161ir\u00fdm nebem, za kr\u00e1sn\u00e9ho po\u010das\u00ed, zde p\u0159edstavili svoji tvorbu absolventi obor\u016f Fotografick\u00e1 tvorba, Grafick\u00fd design a Design interi\u00e9ru. Studenti, [&hellip;]<\/p>\n","protected":false},"author":16,"featured_media":11498,"comment_status":"closed","ping_status":"open","sticky":false,"template":"","format":"standard","meta":{"_acf_changed":false,"footnotes":""},"categories":[16],"tags":[],"class_list":["post-11478","post","type-post","status-publish","format-standard","has-post-thumbnail","hentry","category-zivot-skoly"],"acf":[],"yoast_head":"<!-- This site is optimized with the Yoast SEO plugin v27.4 - https:\/\/yoast.com\/product\/yoast-seo-wordpress\/ -->\n<title>FESTMICHAEL 2023 \u2013 n\u00e1m\u011bst\u00ed M\u00edru | MICHAEL<\/title>\n<meta name=\"robots\" content=\"index, follow, max-snippet:-1, max-image-preview:large, max-video-preview:-1\" \/>\n<link rel=\"canonical\" href=\"https:\/\/www.skolamichael.cz\/en\/aktualne\/zivot-skoly\/festmichael-2023-namesti-miru\/\" \/>\n<meta property=\"og:locale\" content=\"en_US\" \/>\n<meta property=\"og:type\" content=\"article\" \/>\n<meta property=\"og:title\" content=\"FESTMICHAEL 2023 \u2013 n\u00e1m\u011bst\u00ed M\u00edru | MICHAEL\" \/>\n<meta property=\"og:description\" content=\"Po sout\u011b\u017en\u00ed p\u0159ehl\u00eddce studentsk\u00fdch film\u016f v pra\u017esk\u00e9m kin\u011b Lucerna se studenti i se sv\u00fdmi vyu\u010duj\u00edc\u00edmi p\u0159esunuli na n\u00e1m\u011bst\u00ed M\u00edru. Tam v 16.45 hod. za\u010dala vernis\u00e1\u017e prac\u00ed student\u016f ostatn\u00edch um\u011bleck\u00fdch obor\u016f, kter\u00e1 p\u0159il\u00e1kala i spoustu kolemjdouc\u00edch. Pod \u0161ir\u00fdm nebem, za kr\u00e1sn\u00e9ho po\u010das\u00ed, zde p\u0159edstavili svoji tvorbu absolventi obor\u016f Fotografick\u00e1 tvorba, Grafick\u00fd design a Design interi\u00e9ru. Studenti, [&hellip;]\" \/>\n<meta property=\"og:url\" content=\"https:\/\/www.skolamichael.cz\/en\/aktualne\/zivot-skoly\/festmichael-2023-namesti-miru\/\" \/>\n<meta property=\"og:site_name\" content=\"MICHAEL\" \/>\n<meta property=\"article:publisher\" content=\"http:\/\/www.facebook.com\/skolamichael\" \/>\n<meta property=\"article:published_time\" content=\"2023-06-15T17:33:33+00:00\" \/>\n<meta property=\"article:modified_time\" content=\"2023-06-22T16:25:46+00:00\" \/>\n<meta property=\"og:image\" content=\"https:\/\/www.skolamichael.cz\/wp-content\/uploads\/2023\/06\/Photo_Mirak_CT-1-compress.jpg\" \/>\n\t<meta property=\"og:image:width\" content=\"500\" \/>\n\t<meta property=\"og:image:height\" content=\"500\" \/>\n\t<meta property=\"og:image:type\" content=\"image\/jpeg\" \/>\n<meta name=\"author\" content=\"Ond\u0159ej Hlav\u00edn\" \/>\n<meta name=\"twitter:card\" content=\"summary_large_image\" \/>\n<meta name=\"twitter:label1\" content=\"Written by\" \/>\n\t<meta name=\"twitter:data1\" content=\"Ond\u0159ej Hlav\u00edn\" \/>\n\t<meta name=\"twitter:label2\" content=\"Est. reading time\" \/>\n\t<meta name=\"twitter:data2\" content=\"4 minutes\" \/>\n<script type=\"application\/ld+json\" class=\"yoast-schema-graph\">{\"@context\":\"https:\\\/\\\/schema.org\",\"@graph\":[{\"@type\":\"Article\",\"@id\":\"https:\\\/\\\/www.skolamichael.cz\\\/en\\\/aktualne\\\/zivot-skoly\\\/festmichael-2023-namesti-miru\\\/#article\",\"isPartOf\":{\"@id\":\"https:\\\/\\\/www.skolamichael.cz\\\/en\\\/aktualne\\\/zivot-skoly\\\/festmichael-2023-namesti-miru\\\/\"},\"author\":{\"name\":\"Ond\u0159ej Hlav\u00edn\",\"@id\":\"https:\\\/\\\/www.skolamichael.cz\\\/en\\\/#\\\/schema\\\/person\\\/7ba278e8e026d8d790652fce2c39a20f\"},\"headline\":\"FESTMICHAEL 2023 \u2013 n\u00e1m\u011bst\u00ed M\u00edru\",\"datePublished\":\"2023-06-15T17:33:33+00:00\",\"dateModified\":\"2023-06-22T16:25:46+00:00\",\"mainEntityOfPage\":{\"@id\":\"https:\\\/\\\/www.skolamichael.cz\\\/en\\\/aktualne\\\/zivot-skoly\\\/festmichael-2023-namesti-miru\\\/\"},\"wordCount\":729,\"publisher\":{\"@id\":\"https:\\\/\\\/www.skolamichael.cz\\\/en\\\/#organization\"},\"image\":{\"@id\":\"https:\\\/\\\/www.skolamichael.cz\\\/en\\\/aktualne\\\/zivot-skoly\\\/festmichael-2023-namesti-miru\\\/#primaryimage\"},\"thumbnailUrl\":\"https:\\\/\\\/www.skolamichael.cz\\\/wp-content\\\/uploads\\\/2023\\\/06\\\/Photo_Mirak_CT-1-compress.jpg\",\"articleSection\":[\"\u017divot \u0161koly\"],\"inLanguage\":\"en-US\"},{\"@type\":\"WebPage\",\"@id\":\"https:\\\/\\\/www.skolamichael.cz\\\/en\\\/aktualne\\\/zivot-skoly\\\/festmichael-2023-namesti-miru\\\/\",\"url\":\"https:\\\/\\\/www.skolamichael.cz\\\/en\\\/aktualne\\\/zivot-skoly\\\/festmichael-2023-namesti-miru\\\/\",\"name\":\"FESTMICHAEL 2023 \u2013 n\u00e1m\u011bst\u00ed M\u00edru | MICHAEL\",\"isPartOf\":{\"@id\":\"https:\\\/\\\/www.skolamichael.cz\\\/en\\\/#website\"},\"primaryImageOfPage\":{\"@id\":\"https:\\\/\\\/www.skolamichael.cz\\\/en\\\/aktualne\\\/zivot-skoly\\\/festmichael-2023-namesti-miru\\\/#primaryimage\"},\"image\":{\"@id\":\"https:\\\/\\\/www.skolamichael.cz\\\/en\\\/aktualne\\\/zivot-skoly\\\/festmichael-2023-namesti-miru\\\/#primaryimage\"},\"thumbnailUrl\":\"https:\\\/\\\/www.skolamichael.cz\\\/wp-content\\\/uploads\\\/2023\\\/06\\\/Photo_Mirak_CT-1-compress.jpg\",\"datePublished\":\"2023-06-15T17:33:33+00:00\",\"dateModified\":\"2023-06-22T16:25:46+00:00\",\"breadcrumb\":{\"@id\":\"https:\\\/\\\/www.skolamichael.cz\\\/en\\\/aktualne\\\/zivot-skoly\\\/festmichael-2023-namesti-miru\\\/#breadcrumb\"},\"inLanguage\":\"en-US\",\"potentialAction\":[{\"@type\":\"ReadAction\",\"target\":[\"https:\\\/\\\/www.skolamichael.cz\\\/en\\\/aktualne\\\/zivot-skoly\\\/festmichael-2023-namesti-miru\\\/\"]}]},{\"@type\":\"ImageObject\",\"inLanguage\":\"en-US\",\"@id\":\"https:\\\/\\\/www.skolamichael.cz\\\/en\\\/aktualne\\\/zivot-skoly\\\/festmichael-2023-namesti-miru\\\/#primaryimage\",\"url\":\"https:\\\/\\\/www.skolamichael.cz\\\/wp-content\\\/uploads\\\/2023\\\/06\\\/Photo_Mirak_CT-1-compress.jpg\",\"contentUrl\":\"https:\\\/\\\/www.skolamichael.cz\\\/wp-content\\\/uploads\\\/2023\\\/06\\\/Photo_Mirak_CT-1-compress.jpg\",\"width\":500,\"height\":500},{\"@type\":\"BreadcrumbList\",\"@id\":\"https:\\\/\\\/www.skolamichael.cz\\\/en\\\/aktualne\\\/zivot-skoly\\\/festmichael-2023-namesti-miru\\\/#breadcrumb\",\"itemListElement\":[{\"@type\":\"ListItem\",\"position\":1,\"name\":\"Dom\u016f\",\"item\":\"https:\\\/\\\/www.skolamichael.cz\\\/en\\\/\"},{\"@type\":\"ListItem\",\"position\":2,\"name\":\"FESTMICHAEL 2023 \u2013 n\u00e1m\u011bst\u00ed M\u00edru\"}]},{\"@type\":\"WebSite\",\"@id\":\"https:\\\/\\\/www.skolamichael.cz\\\/en\\\/#website\",\"url\":\"https:\\\/\\\/www.skolamichael.cz\\\/en\\\/\",\"name\":\"MICHAEL\",\"description\":\"St\u0159edn\u00ed \u0161kola, Gymn\u00e1zium a Vy\u0161\u0161\u00ed odborn\u00e1 \u0161kola\",\"publisher\":{\"@id\":\"https:\\\/\\\/www.skolamichael.cz\\\/en\\\/#organization\"},\"alternateName\":\"St\u0159edn\u00ed \u0161kola, Gymn\u00e1zium a Vy\u0161\u0161\u00ed odborn\u00e1 \u0161kola\",\"potentialAction\":[{\"@type\":\"SearchAction\",\"target\":{\"@type\":\"EntryPoint\",\"urlTemplate\":\"https:\\\/\\\/www.skolamichael.cz\\\/en\\\/?s={search_term_string}\"},\"query-input\":{\"@type\":\"PropertyValueSpecification\",\"valueRequired\":true,\"valueName\":\"search_term_string\"}}],\"inLanguage\":\"en-US\"},{\"@type\":\"Organization\",\"@id\":\"https:\\\/\\\/www.skolamichael.cz\\\/en\\\/#organization\",\"name\":\"Michael \u2013 St\u0159edn\u00ed \u0161kola, Gymn\u00e1zium a Vy\u0161\u0161\u00ed odborn\u00e1 \u0161kola, s.r.o.\",\"url\":\"https:\\\/\\\/www.skolamichael.cz\\\/en\\\/\",\"logo\":{\"@type\":\"ImageObject\",\"inLanguage\":\"en-US\",\"@id\":\"https:\\\/\\\/www.skolamichael.cz\\\/en\\\/#\\\/schema\\\/logo\\\/image\\\/\",\"url\":\"https:\\\/\\\/www.skolamichael.cz\\\/wp-content\\\/uploads\\\/2019\\\/03\\\/logo_michael_final_ctverec1-1.jpg\",\"contentUrl\":\"https:\\\/\\\/www.skolamichael.cz\\\/wp-content\\\/uploads\\\/2019\\\/03\\\/logo_michael_final_ctverec1-1.jpg\",\"width\":400,\"height\":400,\"caption\":\"Michael \u2013 St\u0159edn\u00ed \u0161kola, Gymn\u00e1zium a Vy\u0161\u0161\u00ed odborn\u00e1 \u0161kola, s.r.o.\"},\"image\":{\"@id\":\"https:\\\/\\\/www.skolamichael.cz\\\/en\\\/#\\\/schema\\\/logo\\\/image\\\/\"},\"sameAs\":[\"http:\\\/\\\/www.facebook.com\\\/skolamichael\",\"https:\\\/\\\/www.instagram.com\\\/skola_michael\\\/\"]},{\"@type\":\"Person\",\"@id\":\"https:\\\/\\\/www.skolamichael.cz\\\/en\\\/#\\\/schema\\\/person\\\/7ba278e8e026d8d790652fce2c39a20f\",\"name\":\"Ond\u0159ej Hlav\u00edn\",\"image\":{\"@type\":\"ImageObject\",\"inLanguage\":\"en-US\",\"@id\":\"https:\\\/\\\/secure.gravatar.com\\\/avatar\\\/36d7c40ce1345da10ab6ce4853f983ecdd893e7ace168e7bb764e1cbbb836a30?s=96&d=mm&r=g\",\"url\":\"https:\\\/\\\/secure.gravatar.com\\\/avatar\\\/36d7c40ce1345da10ab6ce4853f983ecdd893e7ace168e7bb764e1cbbb836a30?s=96&d=mm&r=g\",\"contentUrl\":\"https:\\\/\\\/secure.gravatar.com\\\/avatar\\\/36d7c40ce1345da10ab6ce4853f983ecdd893e7ace168e7bb764e1cbbb836a30?s=96&d=mm&r=g\",\"caption\":\"Ond\u0159ej Hlav\u00edn\"},\"url\":\"https:\\\/\\\/www.skolamichael.cz\\\/en\\\/author\\\/ohlavin\\\/\"}]}<\/script>\n<!-- \/ Yoast SEO plugin. -->","yoast_head_json":{"title":"FESTMICHAEL 2023 \u2013 n\u00e1m\u011bst\u00ed M\u00edru | MICHAEL","robots":{"index":"index","follow":"follow","max-snippet":"max-snippet:-1","max-image-preview":"max-image-preview:large","max-video-preview":"max-video-preview:-1"},"canonical":"https:\/\/www.skolamichael.cz\/en\/aktualne\/zivot-skoly\/festmichael-2023-namesti-miru\/","og_locale":"en_US","og_type":"article","og_title":"FESTMICHAEL 2023 \u2013 n\u00e1m\u011bst\u00ed M\u00edru | MICHAEL","og_description":"Po sout\u011b\u017en\u00ed p\u0159ehl\u00eddce studentsk\u00fdch film\u016f v pra\u017esk\u00e9m kin\u011b Lucerna se studenti i se sv\u00fdmi vyu\u010duj\u00edc\u00edmi p\u0159esunuli na n\u00e1m\u011bst\u00ed M\u00edru. Tam v 16.45 hod. za\u010dala vernis\u00e1\u017e prac\u00ed student\u016f ostatn\u00edch um\u011bleck\u00fdch obor\u016f, kter\u00e1 p\u0159il\u00e1kala i spoustu kolemjdouc\u00edch. Pod \u0161ir\u00fdm nebem, za kr\u00e1sn\u00e9ho po\u010das\u00ed, zde p\u0159edstavili svoji tvorbu absolventi obor\u016f Fotografick\u00e1 tvorba, Grafick\u00fd design a Design interi\u00e9ru. Studenti, [&hellip;]","og_url":"https:\/\/www.skolamichael.cz\/en\/aktualne\/zivot-skoly\/festmichael-2023-namesti-miru\/","og_site_name":"MICHAEL","article_publisher":"http:\/\/www.facebook.com\/skolamichael","article_published_time":"2023-06-15T17:33:33+00:00","article_modified_time":"2023-06-22T16:25:46+00:00","og_image":[{"width":500,"height":500,"url":"https:\/\/www.skolamichael.cz\/wp-content\/uploads\/2023\/06\/Photo_Mirak_CT-1-compress.jpg","type":"image\/jpeg"}],"author":"Ond\u0159ej Hlav\u00edn","twitter_card":"summary_large_image","twitter_misc":{"Written by":"Ond\u0159ej Hlav\u00edn","Est. reading time":"4 minutes"},"schema":{"@context":"https:\/\/schema.org","@graph":[{"@type":"Article","@id":"https:\/\/www.skolamichael.cz\/en\/aktualne\/zivot-skoly\/festmichael-2023-namesti-miru\/#article","isPartOf":{"@id":"https:\/\/www.skolamichael.cz\/en\/aktualne\/zivot-skoly\/festmichael-2023-namesti-miru\/"},"author":{"name":"Ond\u0159ej Hlav\u00edn","@id":"https:\/\/www.skolamichael.cz\/en\/#\/schema\/person\/7ba278e8e026d8d790652fce2c39a20f"},"headline":"FESTMICHAEL 2023 \u2013 n\u00e1m\u011bst\u00ed M\u00edru","datePublished":"2023-06-15T17:33:33+00:00","dateModified":"2023-06-22T16:25:46+00:00","mainEntityOfPage":{"@id":"https:\/\/www.skolamichael.cz\/en\/aktualne\/zivot-skoly\/festmichael-2023-namesti-miru\/"},"wordCount":729,"publisher":{"@id":"https:\/\/www.skolamichael.cz\/en\/#organization"},"image":{"@id":"https:\/\/www.skolamichael.cz\/en\/aktualne\/zivot-skoly\/festmichael-2023-namesti-miru\/#primaryimage"},"thumbnailUrl":"https:\/\/www.skolamichael.cz\/wp-content\/uploads\/2023\/06\/Photo_Mirak_CT-1-compress.jpg","articleSection":["\u017divot \u0161koly"],"inLanguage":"en-US"},{"@type":"WebPage","@id":"https:\/\/www.skolamichael.cz\/en\/aktualne\/zivot-skoly\/festmichael-2023-namesti-miru\/","url":"https:\/\/www.skolamichael.cz\/en\/aktualne\/zivot-skoly\/festmichael-2023-namesti-miru\/","name":"FESTMICHAEL 2023 \u2013 n\u00e1m\u011bst\u00ed M\u00edru | MICHAEL","isPartOf":{"@id":"https:\/\/www.skolamichael.cz\/en\/#website"},"primaryImageOfPage":{"@id":"https:\/\/www.skolamichael.cz\/en\/aktualne\/zivot-skoly\/festmichael-2023-namesti-miru\/#primaryimage"},"image":{"@id":"https:\/\/www.skolamichael.cz\/en\/aktualne\/zivot-skoly\/festmichael-2023-namesti-miru\/#primaryimage"},"thumbnailUrl":"https:\/\/www.skolamichael.cz\/wp-content\/uploads\/2023\/06\/Photo_Mirak_CT-1-compress.jpg","datePublished":"2023-06-15T17:33:33+00:00","dateModified":"2023-06-22T16:25:46+00:00","breadcrumb":{"@id":"https:\/\/www.skolamichael.cz\/en\/aktualne\/zivot-skoly\/festmichael-2023-namesti-miru\/#breadcrumb"},"inLanguage":"en-US","potentialAction":[{"@type":"ReadAction","target":["https:\/\/www.skolamichael.cz\/en\/aktualne\/zivot-skoly\/festmichael-2023-namesti-miru\/"]}]},{"@type":"ImageObject","inLanguage":"en-US","@id":"https:\/\/www.skolamichael.cz\/en\/aktualne\/zivot-skoly\/festmichael-2023-namesti-miru\/#primaryimage","url":"https:\/\/www.skolamichael.cz\/wp-content\/uploads\/2023\/06\/Photo_Mirak_CT-1-compress.jpg","contentUrl":"https:\/\/www.skolamichael.cz\/wp-content\/uploads\/2023\/06\/Photo_Mirak_CT-1-compress.jpg","width":500,"height":500},{"@type":"BreadcrumbList","@id":"https:\/\/www.skolamichael.cz\/en\/aktualne\/zivot-skoly\/festmichael-2023-namesti-miru\/#breadcrumb","itemListElement":[{"@type":"ListItem","position":1,"name":"Dom\u016f","item":"https:\/\/www.skolamichael.cz\/en\/"},{"@type":"ListItem","position":2,"name":"FESTMICHAEL 2023 \u2013 n\u00e1m\u011bst\u00ed M\u00edru"}]},{"@type":"WebSite","@id":"https:\/\/www.skolamichael.cz\/en\/#website","url":"https:\/\/www.skolamichael.cz\/en\/","name":"MICHAEL","description":"St\u0159edn\u00ed \u0161kola, Gymn\u00e1zium a Vy\u0161\u0161\u00ed odborn\u00e1 \u0161kola","publisher":{"@id":"https:\/\/www.skolamichael.cz\/en\/#organization"},"alternateName":"St\u0159edn\u00ed \u0161kola, Gymn\u00e1zium a Vy\u0161\u0161\u00ed odborn\u00e1 \u0161kola","potentialAction":[{"@type":"SearchAction","target":{"@type":"EntryPoint","urlTemplate":"https:\/\/www.skolamichael.cz\/en\/?s={search_term_string}"},"query-input":{"@type":"PropertyValueSpecification","valueRequired":true,"valueName":"search_term_string"}}],"inLanguage":"en-US"},{"@type":"Organization","@id":"https:\/\/www.skolamichael.cz\/en\/#organization","name":"Michael \u2013 St\u0159edn\u00ed \u0161kola, Gymn\u00e1zium a Vy\u0161\u0161\u00ed odborn\u00e1 \u0161kola, s.r.o.","url":"https:\/\/www.skolamichael.cz\/en\/","logo":{"@type":"ImageObject","inLanguage":"en-US","@id":"https:\/\/www.skolamichael.cz\/en\/#\/schema\/logo\/image\/","url":"https:\/\/www.skolamichael.cz\/wp-content\/uploads\/2019\/03\/logo_michael_final_ctverec1-1.jpg","contentUrl":"https:\/\/www.skolamichael.cz\/wp-content\/uploads\/2019\/03\/logo_michael_final_ctverec1-1.jpg","width":400,"height":400,"caption":"Michael \u2013 St\u0159edn\u00ed \u0161kola, Gymn\u00e1zium a Vy\u0161\u0161\u00ed odborn\u00e1 \u0161kola, s.r.o."},"image":{"@id":"https:\/\/www.skolamichael.cz\/en\/#\/schema\/logo\/image\/"},"sameAs":["http:\/\/www.facebook.com\/skolamichael","https:\/\/www.instagram.com\/skola_michael\/"]},{"@type":"Person","@id":"https:\/\/www.skolamichael.cz\/en\/#\/schema\/person\/7ba278e8e026d8d790652fce2c39a20f","name":"Ond\u0159ej Hlav\u00edn","image":{"@type":"ImageObject","inLanguage":"en-US","@id":"https:\/\/secure.gravatar.com\/avatar\/36d7c40ce1345da10ab6ce4853f983ecdd893e7ace168e7bb764e1cbbb836a30?s=96&d=mm&r=g","url":"https:\/\/secure.gravatar.com\/avatar\/36d7c40ce1345da10ab6ce4853f983ecdd893e7ace168e7bb764e1cbbb836a30?s=96&d=mm&r=g","contentUrl":"https:\/\/secure.gravatar.com\/avatar\/36d7c40ce1345da10ab6ce4853f983ecdd893e7ace168e7bb764e1cbbb836a30?s=96&d=mm&r=g","caption":"Ond\u0159ej Hlav\u00edn"},"url":"https:\/\/www.skolamichael.cz\/en\/author\/ohlavin\/"}]}},"_links":{"self":[{"href":"https:\/\/www.skolamichael.cz\/en\/wp-json\/wp\/v2\/posts\/11478","targetHints":{"allow":["GET"]}}],"collection":[{"href":"https:\/\/www.skolamichael.cz\/en\/wp-json\/wp\/v2\/posts"}],"about":[{"href":"https:\/\/www.skolamichael.cz\/en\/wp-json\/wp\/v2\/types\/post"}],"author":[{"embeddable":true,"href":"https:\/\/www.skolamichael.cz\/en\/wp-json\/wp\/v2\/users\/16"}],"replies":[{"embeddable":true,"href":"https:\/\/www.skolamichael.cz\/en\/wp-json\/wp\/v2\/comments?post=11478"}],"version-history":[{"count":2,"href":"https:\/\/www.skolamichael.cz\/en\/wp-json\/wp\/v2\/posts\/11478\/revisions"}],"predecessor-version":[{"id":11626,"href":"https:\/\/www.skolamichael.cz\/en\/wp-json\/wp\/v2\/posts\/11478\/revisions\/11626"}],"wp:featuredmedia":[{"embeddable":true,"href":"https:\/\/www.skolamichael.cz\/en\/wp-json\/wp\/v2\/media\/11498"}],"wp:attachment":[{"href":"https:\/\/www.skolamichael.cz\/en\/wp-json\/wp\/v2\/media?parent=11478"}],"wp:term":[{"taxonomy":"category","embeddable":true,"href":"https:\/\/www.skolamichael.cz\/en\/wp-json\/wp\/v2\/categories?post=11478"},{"taxonomy":"post_tag","embeddable":true,"href":"https:\/\/www.skolamichael.cz\/en\/wp-json\/wp\/v2\/tags?post=11478"}],"curies":[{"name":"wp","href":"https:\/\/api.w.org\/{rel}","templated":true}]}}