{"id":1152,"date":"2018-12-12T16:50:05","date_gmt":"2018-12-12T15:50:05","guid":{"rendered":"https:\/\/www.skolamichael.cz\/?p=1152"},"modified":"2019-12-02T15:09:58","modified_gmt":"2019-12-02T14:09:58","slug":"uspechy-studentu-fotografie","status":"publish","type":"post","link":"https:\/\/www.skolamichael.cz\/en\/aktualne\/uspechy\/uspechy-studentu-fotografie\/","title":{"rendered":"\u00dasp\u011bchy student\u016f fotografie"},"content":{"rendered":"<p>Je n\u00e1m velkou ct\u00ed pod\u011blit se s\u00a0V\u00e1mi o \u00fasp\u011bchy na\u0161ich student\u016f. Lo\u0148skou nominaci na presti\u017en\u00ed p\u0159ehl\u00eddce novin\u00e1\u0159sk\u00e9 fotografie \u201eCzech Press Photo\u201c z\u00faro\u010dil Oliver Bene\u0161 leto\u0161n\u00ed cenou za nejlep\u0161\u00ed juniorskou fotografii. Sv\u016fj \u00fasp\u011bch zpe\u010detil o t\u00fdden pozd\u011bji druh\u00fdm m\u00edstem v\u00a0sout\u011b\u017ei vypsan\u00e9 Ministerstvem dopravy pod n\u00e1zvem \u201eNajdi projekt OPD\u201c.<\/p>\n<p><a class=\"fancybox\" href=\"https:\/\/www.skolamichael.cz\/wp-content\/uploads\/2018\/12\/Oliver-Zatm\u011bn\u00ed.png\"><img loading=\"lazy\" decoding=\"async\" class=\"alignnone wp-image-1153 size-full\" src=\"https:\/\/www.skolamichael.cz\/wp-content\/uploads\/2018\/12\/Oliver-Zatm\u011bn\u00ed.png\" alt=\"\" width=\"773\" height=\"622\" \/><\/a><\/p>\n<p>&nbsp;<\/p>\n<p>Jeho spolu\u017e\u00e1k Adam \u0160\u0165astn\u00fd doplnil sadu medail\u00ed druh\u00fdm m\u00edstem v\u00a0sout\u011b\u017ei \u201eFot\u00edm v\u00a0ZOO Praha\u201c reprezentuj\u00edc\u00ed v\u00fdb\u011br fotografi\u00ed z\u00a0pra\u017esk\u00e9 ZOO za minul\u00fd rok. Fotografie m\u016f\u017eete zhl\u00e9dnout na Starom\u011bstsk\u00e9 radnici (Czech Press Photo, do 30. 1. 2019), na hlavn\u00edm n\u00e1dra\u017e\u00ed (Najdi projekt OPD, do 17. 12. 2019) a v\u00a0sou\u010dasnosti v pra\u017esk\u00e9 ZOO.<\/p>\n<p><img loading=\"lazy\" decoding=\"async\" class=\"alignnone size-large wp-image-1155\" src=\"https:\/\/www.skolamichael.cz\/wp-content\/uploads\/2018\/12\/Adam.jpg\" alt=\"\" width=\"640\" height=\"452\" srcset=\"https:\/\/www.skolamichael.cz\/wp-content\/uploads\/2018\/12\/Adam.jpg 960w, https:\/\/www.skolamichael.cz\/wp-content\/uploads\/2018\/12\/Adam-768x542.jpg 768w\" sizes=\"auto, (max-width: 640px) 100vw, 640px\" \/><\/p>\n","protected":false},"excerpt":{"rendered":"<p>Je n\u00e1m velkou ct\u00ed pod\u011blit se s\u00a0V\u00e1mi o \u00fasp\u011bchy na\u0161ich student\u016f. Lo\u0148skou nominaci na presti\u017en\u00ed p\u0159ehl\u00eddce novin\u00e1\u0159sk\u00e9 fotografie \u201eCzech Press Photo\u201c z\u00faro\u010dil Oliver Bene\u0161 leto\u0161n\u00ed cenou za nejlep\u0161\u00ed juniorskou fotografii. Sv\u016fj \u00fasp\u011bch zpe\u010detil o t\u00fdden pozd\u011bji druh\u00fdm m\u00edstem v\u00a0sout\u011b\u017ei vypsan\u00e9 Ministerstvem dopravy pod n\u00e1zvem \u201eNajdi projekt OPD\u201c. &nbsp; Jeho spolu\u017e\u00e1k Adam \u0160\u0165astn\u00fd doplnil sadu medail\u00ed [&hellip;]<\/p>\n","protected":false},"author":3,"featured_media":1155,"comment_status":"closed","ping_status":"open","sticky":false,"template":"","format":"standard","meta":{"_acf_changed":false,"footnotes":""},"categories":[15],"tags":[],"class_list":["post-1152","post","type-post","status-publish","format-standard","has-post-thumbnail","hentry","category-uspechy"],"acf":[],"yoast_head":"<!-- This site is optimized with the Yoast SEO plugin v27.4 - https:\/\/yoast.com\/product\/yoast-seo-wordpress\/ -->\n<title>\u00dasp\u011bchy student\u016f fotografie | MICHAEL<\/title>\n<meta name=\"robots\" content=\"index, follow, max-snippet:-1, max-image-preview:large, max-video-preview:-1\" \/>\n<link rel=\"canonical\" href=\"https:\/\/www.skolamichael.cz\/en\/aktualne\/uspechy\/uspechy-studentu-fotografie\/\" \/>\n<meta property=\"og:locale\" content=\"en_US\" \/>\n<meta property=\"og:type\" content=\"article\" \/>\n<meta property=\"og:title\" content=\"\u00dasp\u011bchy student\u016f fotografie | MICHAEL\" \/>\n<meta property=\"og:description\" content=\"Je n\u00e1m velkou ct\u00ed pod\u011blit se s\u00a0V\u00e1mi o \u00fasp\u011bchy na\u0161ich student\u016f. Lo\u0148skou nominaci na presti\u017en\u00ed p\u0159ehl\u00eddce novin\u00e1\u0159sk\u00e9 fotografie \u201eCzech Press Photo\u201c z\u00faro\u010dil Oliver Bene\u0161 leto\u0161n\u00ed cenou za nejlep\u0161\u00ed juniorskou fotografii. Sv\u016fj \u00fasp\u011bch zpe\u010detil o t\u00fdden pozd\u011bji druh\u00fdm m\u00edstem v\u00a0sout\u011b\u017ei vypsan\u00e9 Ministerstvem dopravy pod n\u00e1zvem \u201eNajdi projekt OPD\u201c. &nbsp; Jeho spolu\u017e\u00e1k Adam \u0160\u0165astn\u00fd doplnil sadu medail\u00ed [&hellip;]\" \/>\n<meta property=\"og:url\" content=\"https:\/\/www.skolamichael.cz\/en\/aktualne\/uspechy\/uspechy-studentu-fotografie\/\" \/>\n<meta property=\"og:site_name\" content=\"MICHAEL\" \/>\n<meta property=\"article:publisher\" content=\"http:\/\/www.facebook.com\/skolamichael\" \/>\n<meta property=\"article:published_time\" content=\"2018-12-12T15:50:05+00:00\" \/>\n<meta property=\"article:modified_time\" content=\"2019-12-02T14:09:58+00:00\" \/>\n<meta property=\"og:image\" content=\"https:\/\/www.skolamichael.cz\/wp-content\/uploads\/2018\/12\/Adam.jpg\" \/>\n\t<meta property=\"og:image:width\" content=\"960\" \/>\n\t<meta property=\"og:image:height\" content=\"678\" \/>\n\t<meta property=\"og:image:type\" content=\"image\/jpeg\" \/>\n<meta name=\"author\" content=\"David Urban\" \/>\n<meta name=\"twitter:card\" content=\"summary_large_image\" \/>\n<meta name=\"twitter:label1\" content=\"Written by\" \/>\n\t<meta name=\"twitter:data1\" content=\"David Urban\" \/>\n\t<meta name=\"twitter:label2\" content=\"Est. reading time\" \/>\n\t<meta name=\"twitter:data2\" content=\"1 minute\" \/>\n<script type=\"application\/ld+json\" class=\"yoast-schema-graph\">{\"@context\":\"https:\\\/\\\/schema.org\",\"@graph\":[{\"@type\":\"Article\",\"@id\":\"https:\\\/\\\/www.skolamichael.cz\\\/en\\\/aktualne\\\/uspechy\\\/uspechy-studentu-fotografie\\\/#article\",\"isPartOf\":{\"@id\":\"https:\\\/\\\/www.skolamichael.cz\\\/en\\\/aktualne\\\/uspechy\\\/uspechy-studentu-fotografie\\\/\"},\"author\":{\"name\":\"David Urban\",\"@id\":\"https:\\\/\\\/www.skolamichael.cz\\\/en\\\/#\\\/schema\\\/person\\\/ca719191372e7426a7ba9f3b9661bd7d\"},\"headline\":\"\u00dasp\u011bchy student\u016f fotografie\",\"datePublished\":\"2018-12-12T15:50:05+00:00\",\"dateModified\":\"2019-12-02T14:09:58+00:00\",\"mainEntityOfPage\":{\"@id\":\"https:\\\/\\\/www.skolamichael.cz\\\/en\\\/aktualne\\\/uspechy\\\/uspechy-studentu-fotografie\\\/\"},\"wordCount\":139,\"publisher\":{\"@id\":\"https:\\\/\\\/www.skolamichael.cz\\\/en\\\/#organization\"},\"image\":{\"@id\":\"https:\\\/\\\/www.skolamichael.cz\\\/en\\\/aktualne\\\/uspechy\\\/uspechy-studentu-fotografie\\\/#primaryimage\"},\"thumbnailUrl\":\"https:\\\/\\\/www.skolamichael.cz\\\/wp-content\\\/uploads\\\/2018\\\/12\\\/Adam.jpg\",\"articleSection\":[\"\u00dasp\u011bchy\"],\"inLanguage\":\"en-US\"},{\"@type\":\"WebPage\",\"@id\":\"https:\\\/\\\/www.skolamichael.cz\\\/en\\\/aktualne\\\/uspechy\\\/uspechy-studentu-fotografie\\\/\",\"url\":\"https:\\\/\\\/www.skolamichael.cz\\\/en\\\/aktualne\\\/uspechy\\\/uspechy-studentu-fotografie\\\/\",\"name\":\"\u00dasp\u011bchy student\u016f fotografie | MICHAEL\",\"isPartOf\":{\"@id\":\"https:\\\/\\\/www.skolamichael.cz\\\/en\\\/#website\"},\"primaryImageOfPage\":{\"@id\":\"https:\\\/\\\/www.skolamichael.cz\\\/en\\\/aktualne\\\/uspechy\\\/uspechy-studentu-fotografie\\\/#primaryimage\"},\"image\":{\"@id\":\"https:\\\/\\\/www.skolamichael.cz\\\/en\\\/aktualne\\\/uspechy\\\/uspechy-studentu-fotografie\\\/#primaryimage\"},\"thumbnailUrl\":\"https:\\\/\\\/www.skolamichael.cz\\\/wp-content\\\/uploads\\\/2018\\\/12\\\/Adam.jpg\",\"datePublished\":\"2018-12-12T15:50:05+00:00\",\"dateModified\":\"2019-12-02T14:09:58+00:00\",\"breadcrumb\":{\"@id\":\"https:\\\/\\\/www.skolamichael.cz\\\/en\\\/aktualne\\\/uspechy\\\/uspechy-studentu-fotografie\\\/#breadcrumb\"},\"inLanguage\":\"en-US\",\"potentialAction\":[{\"@type\":\"ReadAction\",\"target\":[\"https:\\\/\\\/www.skolamichael.cz\\\/en\\\/aktualne\\\/uspechy\\\/uspechy-studentu-fotografie\\\/\"]}]},{\"@type\":\"ImageObject\",\"inLanguage\":\"en-US\",\"@id\":\"https:\\\/\\\/www.skolamichael.cz\\\/en\\\/aktualne\\\/uspechy\\\/uspechy-studentu-fotografie\\\/#primaryimage\",\"url\":\"https:\\\/\\\/www.skolamichael.cz\\\/wp-content\\\/uploads\\\/2018\\\/12\\\/Adam.jpg\",\"contentUrl\":\"https:\\\/\\\/www.skolamichael.cz\\\/wp-content\\\/uploads\\\/2018\\\/12\\\/Adam.jpg\",\"width\":960,\"height\":678},{\"@type\":\"BreadcrumbList\",\"@id\":\"https:\\\/\\\/www.skolamichael.cz\\\/en\\\/aktualne\\\/uspechy\\\/uspechy-studentu-fotografie\\\/#breadcrumb\",\"itemListElement\":[{\"@type\":\"ListItem\",\"position\":1,\"name\":\"Dom\u016f\",\"item\":\"https:\\\/\\\/www.skolamichael.cz\\\/en\\\/\"},{\"@type\":\"ListItem\",\"position\":2,\"name\":\"\u00dasp\u011bchy student\u016f fotografie\"}]},{\"@type\":\"WebSite\",\"@id\":\"https:\\\/\\\/www.skolamichael.cz\\\/en\\\/#website\",\"url\":\"https:\\\/\\\/www.skolamichael.cz\\\/en\\\/\",\"name\":\"MICHAEL\",\"description\":\"St\u0159edn\u00ed \u0161kola, Gymn\u00e1zium a Vy\u0161\u0161\u00ed odborn\u00e1 \u0161kola\",\"publisher\":{\"@id\":\"https:\\\/\\\/www.skolamichael.cz\\\/en\\\/#organization\"},\"alternateName\":\"St\u0159edn\u00ed \u0161kola, Gymn\u00e1zium a Vy\u0161\u0161\u00ed odborn\u00e1 \u0161kola\",\"potentialAction\":[{\"@type\":\"SearchAction\",\"target\":{\"@type\":\"EntryPoint\",\"urlTemplate\":\"https:\\\/\\\/www.skolamichael.cz\\\/en\\\/?s={search_term_string}\"},\"query-input\":{\"@type\":\"PropertyValueSpecification\",\"valueRequired\":true,\"valueName\":\"search_term_string\"}}],\"inLanguage\":\"en-US\"},{\"@type\":\"Organization\",\"@id\":\"https:\\\/\\\/www.skolamichael.cz\\\/en\\\/#organization\",\"name\":\"Michael \u2013 St\u0159edn\u00ed \u0161kola, Gymn\u00e1zium a Vy\u0161\u0161\u00ed odborn\u00e1 \u0161kola, s.r.o.\",\"url\":\"https:\\\/\\\/www.skolamichael.cz\\\/en\\\/\",\"logo\":{\"@type\":\"ImageObject\",\"inLanguage\":\"en-US\",\"@id\":\"https:\\\/\\\/www.skolamichael.cz\\\/en\\\/#\\\/schema\\\/logo\\\/image\\\/\",\"url\":\"https:\\\/\\\/www.skolamichael.cz\\\/wp-content\\\/uploads\\\/2019\\\/03\\\/logo_michael_final_ctverec1-1.jpg\",\"contentUrl\":\"https:\\\/\\\/www.skolamichael.cz\\\/wp-content\\\/uploads\\\/2019\\\/03\\\/logo_michael_final_ctverec1-1.jpg\",\"width\":400,\"height\":400,\"caption\":\"Michael \u2013 St\u0159edn\u00ed \u0161kola, Gymn\u00e1zium a Vy\u0161\u0161\u00ed odborn\u00e1 \u0161kola, s.r.o.\"},\"image\":{\"@id\":\"https:\\\/\\\/www.skolamichael.cz\\\/en\\\/#\\\/schema\\\/logo\\\/image\\\/\"},\"sameAs\":[\"http:\\\/\\\/www.facebook.com\\\/skolamichael\",\"https:\\\/\\\/www.instagram.com\\\/skola_michael\\\/\"]},{\"@type\":\"Person\",\"@id\":\"https:\\\/\\\/www.skolamichael.cz\\\/en\\\/#\\\/schema\\\/person\\\/ca719191372e7426a7ba9f3b9661bd7d\",\"name\":\"David Urban\",\"image\":{\"@type\":\"ImageObject\",\"inLanguage\":\"en-US\",\"@id\":\"https:\\\/\\\/secure.gravatar.com\\\/avatar\\\/7c387ebee1555a4c18956a2214b20663f391d856e837ea88655ef2c67f73937e?s=96&d=mm&r=g\",\"url\":\"https:\\\/\\\/secure.gravatar.com\\\/avatar\\\/7c387ebee1555a4c18956a2214b20663f391d856e837ea88655ef2c67f73937e?s=96&d=mm&r=g\",\"contentUrl\":\"https:\\\/\\\/secure.gravatar.com\\\/avatar\\\/7c387ebee1555a4c18956a2214b20663f391d856e837ea88655ef2c67f73937e?s=96&d=mm&r=g\",\"caption\":\"David Urban\"},\"url\":\"https:\\\/\\\/www.skolamichael.cz\\\/en\\\/author\\\/nabru\\\/\"}]}<\/script>\n<!-- \/ Yoast SEO plugin. -->","yoast_head_json":{"title":"\u00dasp\u011bchy student\u016f fotografie | MICHAEL","robots":{"index":"index","follow":"follow","max-snippet":"max-snippet:-1","max-image-preview":"max-image-preview:large","max-video-preview":"max-video-preview:-1"},"canonical":"https:\/\/www.skolamichael.cz\/en\/aktualne\/uspechy\/uspechy-studentu-fotografie\/","og_locale":"en_US","og_type":"article","og_title":"\u00dasp\u011bchy student\u016f fotografie | MICHAEL","og_description":"Je n\u00e1m velkou ct\u00ed pod\u011blit se s\u00a0V\u00e1mi o \u00fasp\u011bchy na\u0161ich student\u016f. Lo\u0148skou nominaci na presti\u017en\u00ed p\u0159ehl\u00eddce novin\u00e1\u0159sk\u00e9 fotografie \u201eCzech Press Photo\u201c z\u00faro\u010dil Oliver Bene\u0161 leto\u0161n\u00ed cenou za nejlep\u0161\u00ed juniorskou fotografii. Sv\u016fj \u00fasp\u011bch zpe\u010detil o t\u00fdden pozd\u011bji druh\u00fdm m\u00edstem v\u00a0sout\u011b\u017ei vypsan\u00e9 Ministerstvem dopravy pod n\u00e1zvem \u201eNajdi projekt OPD\u201c. &nbsp; Jeho spolu\u017e\u00e1k Adam \u0160\u0165astn\u00fd doplnil sadu medail\u00ed [&hellip;]","og_url":"https:\/\/www.skolamichael.cz\/en\/aktualne\/uspechy\/uspechy-studentu-fotografie\/","og_site_name":"MICHAEL","article_publisher":"http:\/\/www.facebook.com\/skolamichael","article_published_time":"2018-12-12T15:50:05+00:00","article_modified_time":"2019-12-02T14:09:58+00:00","og_image":[{"width":960,"height":678,"url":"https:\/\/www.skolamichael.cz\/wp-content\/uploads\/2018\/12\/Adam.jpg","type":"image\/jpeg"}],"author":"David Urban","twitter_card":"summary_large_image","twitter_misc":{"Written by":"David Urban","Est. reading time":"1 minute"},"schema":{"@context":"https:\/\/schema.org","@graph":[{"@type":"Article","@id":"https:\/\/www.skolamichael.cz\/en\/aktualne\/uspechy\/uspechy-studentu-fotografie\/#article","isPartOf":{"@id":"https:\/\/www.skolamichael.cz\/en\/aktualne\/uspechy\/uspechy-studentu-fotografie\/"},"author":{"name":"David Urban","@id":"https:\/\/www.skolamichael.cz\/en\/#\/schema\/person\/ca719191372e7426a7ba9f3b9661bd7d"},"headline":"\u00dasp\u011bchy student\u016f fotografie","datePublished":"2018-12-12T15:50:05+00:00","dateModified":"2019-12-02T14:09:58+00:00","mainEntityOfPage":{"@id":"https:\/\/www.skolamichael.cz\/en\/aktualne\/uspechy\/uspechy-studentu-fotografie\/"},"wordCount":139,"publisher":{"@id":"https:\/\/www.skolamichael.cz\/en\/#organization"},"image":{"@id":"https:\/\/www.skolamichael.cz\/en\/aktualne\/uspechy\/uspechy-studentu-fotografie\/#primaryimage"},"thumbnailUrl":"https:\/\/www.skolamichael.cz\/wp-content\/uploads\/2018\/12\/Adam.jpg","articleSection":["\u00dasp\u011bchy"],"inLanguage":"en-US"},{"@type":"WebPage","@id":"https:\/\/www.skolamichael.cz\/en\/aktualne\/uspechy\/uspechy-studentu-fotografie\/","url":"https:\/\/www.skolamichael.cz\/en\/aktualne\/uspechy\/uspechy-studentu-fotografie\/","name":"\u00dasp\u011bchy student\u016f fotografie | MICHAEL","isPartOf":{"@id":"https:\/\/www.skolamichael.cz\/en\/#website"},"primaryImageOfPage":{"@id":"https:\/\/www.skolamichael.cz\/en\/aktualne\/uspechy\/uspechy-studentu-fotografie\/#primaryimage"},"image":{"@id":"https:\/\/www.skolamichael.cz\/en\/aktualne\/uspechy\/uspechy-studentu-fotografie\/#primaryimage"},"thumbnailUrl":"https:\/\/www.skolamichael.cz\/wp-content\/uploads\/2018\/12\/Adam.jpg","datePublished":"2018-12-12T15:50:05+00:00","dateModified":"2019-12-02T14:09:58+00:00","breadcrumb":{"@id":"https:\/\/www.skolamichael.cz\/en\/aktualne\/uspechy\/uspechy-studentu-fotografie\/#breadcrumb"},"inLanguage":"en-US","potentialAction":[{"@type":"ReadAction","target":["https:\/\/www.skolamichael.cz\/en\/aktualne\/uspechy\/uspechy-studentu-fotografie\/"]}]},{"@type":"ImageObject","inLanguage":"en-US","@id":"https:\/\/www.skolamichael.cz\/en\/aktualne\/uspechy\/uspechy-studentu-fotografie\/#primaryimage","url":"https:\/\/www.skolamichael.cz\/wp-content\/uploads\/2018\/12\/Adam.jpg","contentUrl":"https:\/\/www.skolamichael.cz\/wp-content\/uploads\/2018\/12\/Adam.jpg","width":960,"height":678},{"@type":"BreadcrumbList","@id":"https:\/\/www.skolamichael.cz\/en\/aktualne\/uspechy\/uspechy-studentu-fotografie\/#breadcrumb","itemListElement":[{"@type":"ListItem","position":1,"name":"Dom\u016f","item":"https:\/\/www.skolamichael.cz\/en\/"},{"@type":"ListItem","position":2,"name":"\u00dasp\u011bchy student\u016f fotografie"}]},{"@type":"WebSite","@id":"https:\/\/www.skolamichael.cz\/en\/#website","url":"https:\/\/www.skolamichael.cz\/en\/","name":"MICHAEL","description":"St\u0159edn\u00ed \u0161kola, Gymn\u00e1zium a Vy\u0161\u0161\u00ed odborn\u00e1 \u0161kola","publisher":{"@id":"https:\/\/www.skolamichael.cz\/en\/#organization"},"alternateName":"St\u0159edn\u00ed \u0161kola, Gymn\u00e1zium a Vy\u0161\u0161\u00ed odborn\u00e1 \u0161kola","potentialAction":[{"@type":"SearchAction","target":{"@type":"EntryPoint","urlTemplate":"https:\/\/www.skolamichael.cz\/en\/?s={search_term_string}"},"query-input":{"@type":"PropertyValueSpecification","valueRequired":true,"valueName":"search_term_string"}}],"inLanguage":"en-US"},{"@type":"Organization","@id":"https:\/\/www.skolamichael.cz\/en\/#organization","name":"Michael \u2013 St\u0159edn\u00ed \u0161kola, Gymn\u00e1zium a Vy\u0161\u0161\u00ed odborn\u00e1 \u0161kola, s.r.o.","url":"https:\/\/www.skolamichael.cz\/en\/","logo":{"@type":"ImageObject","inLanguage":"en-US","@id":"https:\/\/www.skolamichael.cz\/en\/#\/schema\/logo\/image\/","url":"https:\/\/www.skolamichael.cz\/wp-content\/uploads\/2019\/03\/logo_michael_final_ctverec1-1.jpg","contentUrl":"https:\/\/www.skolamichael.cz\/wp-content\/uploads\/2019\/03\/logo_michael_final_ctverec1-1.jpg","width":400,"height":400,"caption":"Michael \u2013 St\u0159edn\u00ed \u0161kola, Gymn\u00e1zium a Vy\u0161\u0161\u00ed odborn\u00e1 \u0161kola, s.r.o."},"image":{"@id":"https:\/\/www.skolamichael.cz\/en\/#\/schema\/logo\/image\/"},"sameAs":["http:\/\/www.facebook.com\/skolamichael","https:\/\/www.instagram.com\/skola_michael\/"]},{"@type":"Person","@id":"https:\/\/www.skolamichael.cz\/en\/#\/schema\/person\/ca719191372e7426a7ba9f3b9661bd7d","name":"David Urban","image":{"@type":"ImageObject","inLanguage":"en-US","@id":"https:\/\/secure.gravatar.com\/avatar\/7c387ebee1555a4c18956a2214b20663f391d856e837ea88655ef2c67f73937e?s=96&d=mm&r=g","url":"https:\/\/secure.gravatar.com\/avatar\/7c387ebee1555a4c18956a2214b20663f391d856e837ea88655ef2c67f73937e?s=96&d=mm&r=g","contentUrl":"https:\/\/secure.gravatar.com\/avatar\/7c387ebee1555a4c18956a2214b20663f391d856e837ea88655ef2c67f73937e?s=96&d=mm&r=g","caption":"David Urban"},"url":"https:\/\/www.skolamichael.cz\/en\/author\/nabru\/"}]}},"_links":{"self":[{"href":"https:\/\/www.skolamichael.cz\/en\/wp-json\/wp\/v2\/posts\/1152","targetHints":{"allow":["GET"]}}],"collection":[{"href":"https:\/\/www.skolamichael.cz\/en\/wp-json\/wp\/v2\/posts"}],"about":[{"href":"https:\/\/www.skolamichael.cz\/en\/wp-json\/wp\/v2\/types\/post"}],"author":[{"embeddable":true,"href":"https:\/\/www.skolamichael.cz\/en\/wp-json\/wp\/v2\/users\/3"}],"replies":[{"embeddable":true,"href":"https:\/\/www.skolamichael.cz\/en\/wp-json\/wp\/v2\/comments?post=1152"}],"version-history":[{"count":3,"href":"https:\/\/www.skolamichael.cz\/en\/wp-json\/wp\/v2\/posts\/1152\/revisions"}],"predecessor-version":[{"id":6084,"href":"https:\/\/www.skolamichael.cz\/en\/wp-json\/wp\/v2\/posts\/1152\/revisions\/6084"}],"wp:featuredmedia":[{"embeddable":true,"href":"https:\/\/www.skolamichael.cz\/en\/wp-json\/wp\/v2\/media\/1155"}],"wp:attachment":[{"href":"https:\/\/www.skolamichael.cz\/en\/wp-json\/wp\/v2\/media?parent=1152"}],"wp:term":[{"taxonomy":"category","embeddable":true,"href":"https:\/\/www.skolamichael.cz\/en\/wp-json\/wp\/v2\/categories?post=1152"},{"taxonomy":"post_tag","embeddable":true,"href":"https:\/\/www.skolamichael.cz\/en\/wp-json\/wp\/v2\/tags?post=1152"}],"curies":[{"name":"wp","href":"https:\/\/api.w.org\/{rel}","templated":true}]}}