{"id":12195,"date":"2023-10-08T11:27:37","date_gmt":"2023-10-08T09:27:37","guid":{"rendered":"https:\/\/www.skolamichael.cz\/?p=12195"},"modified":"2023-10-20T15:47:17","modified_gmt":"2023-10-20T13:47:17","slug":"vystava-doc-vladimira-kozlika","status":"publish","type":"post","link":"https:\/\/www.skolamichael.cz\/en\/aktualne\/akce\/vystava-doc-vladimira-kozlika\/","title":{"rendered":"V\u00fdstava Doc. Vladim\u00edra Kozl\u00edka \u2013 PER UNIVERSUM"},"content":{"rendered":"<p>Srde\u010dn\u011b V\u00e1s zveme na v\u00fdstavu <strong>Vladim\u00edra Kozl\u00edka\u00a0 -PER UNIVERSUM<\/strong>, kter\u00e1 se bude konat od 5. 10. a\u017e do 13. 12. 2023 v Galerii opera v divadle Ji\u0159\u00edho Myrona v Ostrav\u011b.<\/p>\n<div id='gallery-1' class='gallery galleryid-12195 gallery-columns-1 gallery-size-full'><figure class='gallery-item'>\n\t\t\t<div class='gallery-icon landscape'>\n\t\t\t\t<a href='https:\/\/www.skolamichael.cz\/wp-content\/uploads\/2023\/10\/Pozvanka_Vladimir-Kozlik-.galerie-Opera-v-Ostrave-1-compress.jpg'><img loading=\"lazy\" decoding=\"async\" width=\"1240\" height=\"585\" src=\"https:\/\/www.skolamichael.cz\/wp-content\/uploads\/2023\/10\/Pozvanka_Vladimir-Kozlik-.galerie-Opera-v-Ostrave-1-compress.jpg\" class=\"attachment-full size-full\" alt=\"\" \/><\/a>\n\t\t\t<\/div><\/figure>\n\t\t<\/div>\n\n<p>&nbsp;<\/p>\n","protected":false},"excerpt":{"rendered":"<p>Srde\u010dn\u011b V\u00e1s zveme na v\u00fdstavu Vladim\u00edra Kozl\u00edka\u00a0 -PER UNIVERSUM, kter\u00e1 se bude konat od 5. 10. a\u017e do 13. 12. 2023 v Galerii opera v divadle Ji\u0159\u00edho Myrona v Ostrav\u011b. &nbsp;<\/p>\n","protected":false},"author":14,"featured_media":12198,"comment_status":"closed","ping_status":"open","sticky":false,"template":"","format":"standard","meta":{"_acf_changed":false,"footnotes":""},"categories":[14],"tags":[],"class_list":["post-12195","post","type-post","status-publish","format-standard","has-post-thumbnail","hentry","category-akce"],"acf":[],"yoast_head":"<!-- This site is optimized with the Yoast SEO plugin v27.4 - https:\/\/yoast.com\/product\/yoast-seo-wordpress\/ -->\n<title>V\u00fdstava Doc. Vladim\u00edra Kozl\u00edka \u2013 PER UNIVERSUM | MICHAEL<\/title>\n<meta name=\"robots\" content=\"index, follow, max-snippet:-1, max-image-preview:large, max-video-preview:-1\" \/>\n<link rel=\"canonical\" href=\"https:\/\/www.skolamichael.cz\/en\/aktualne\/akce\/vystava-doc-vladimira-kozlika\/\" \/>\n<meta property=\"og:locale\" content=\"en_US\" \/>\n<meta property=\"og:type\" content=\"article\" \/>\n<meta property=\"og:title\" content=\"V\u00fdstava Doc. Vladim\u00edra Kozl\u00edka \u2013 PER UNIVERSUM | MICHAEL\" \/>\n<meta property=\"og:description\" content=\"Srde\u010dn\u011b V\u00e1s zveme na v\u00fdstavu Vladim\u00edra Kozl\u00edka\u00a0 -PER UNIVERSUM, kter\u00e1 se bude konat od 5. 10. a\u017e do 13. 12. 2023 v Galerii opera v divadle Ji\u0159\u00edho Myrona v Ostrav\u011b. &nbsp;\" \/>\n<meta property=\"og:url\" content=\"https:\/\/www.skolamichael.cz\/en\/aktualne\/akce\/vystava-doc-vladimira-kozlika\/\" \/>\n<meta property=\"og:site_name\" content=\"MICHAEL\" \/>\n<meta property=\"article:publisher\" content=\"http:\/\/www.facebook.com\/skolamichael\" \/>\n<meta property=\"article:published_time\" content=\"2023-10-08T09:27:37+00:00\" \/>\n<meta property=\"article:modified_time\" content=\"2023-10-20T13:47:17+00:00\" \/>\n<meta property=\"og:image\" content=\"https:\/\/www.skolamichael.cz\/wp-content\/uploads\/2023\/10\/galerie4-vladimir-kozlik-jiny-svet-2017-compress.jpg\" \/>\n\t<meta property=\"og:image:width\" content=\"407\" \/>\n\t<meta property=\"og:image:height\" content=\"407\" \/>\n\t<meta property=\"og:image:type\" content=\"image\/jpeg\" \/>\n<meta name=\"author\" content=\"kupcovag\" \/>\n<meta name=\"twitter:card\" content=\"summary_large_image\" \/>\n<meta name=\"twitter:label1\" content=\"Written by\" \/>\n\t<meta name=\"twitter:data1\" content=\"kupcovag\" \/>\n<script type=\"application\/ld+json\" class=\"yoast-schema-graph\">{\"@context\":\"https:\\\/\\\/schema.org\",\"@graph\":[{\"@type\":\"Article\",\"@id\":\"https:\\\/\\\/www.skolamichael.cz\\\/en\\\/aktualne\\\/akce\\\/vystava-doc-vladimira-kozlika\\\/#article\",\"isPartOf\":{\"@id\":\"https:\\\/\\\/www.skolamichael.cz\\\/en\\\/aktualne\\\/akce\\\/vystava-doc-vladimira-kozlika\\\/\"},\"author\":{\"name\":\"kupcovag\",\"@id\":\"https:\\\/\\\/www.skolamichael.cz\\\/en\\\/#\\\/schema\\\/person\\\/acb2963423a0c9f9b71a4506a3efef86\"},\"headline\":\"V\u00fdstava Doc. Vladim\u00edra Kozl\u00edka \u2013 PER UNIVERSUM\",\"datePublished\":\"2023-10-08T09:27:37+00:00\",\"dateModified\":\"2023-10-20T13:47:17+00:00\",\"mainEntityOfPage\":{\"@id\":\"https:\\\/\\\/www.skolamichael.cz\\\/en\\\/aktualne\\\/akce\\\/vystava-doc-vladimira-kozlika\\\/\"},\"wordCount\":48,\"publisher\":{\"@id\":\"https:\\\/\\\/www.skolamichael.cz\\\/en\\\/#organization\"},\"image\":{\"@id\":\"https:\\\/\\\/www.skolamichael.cz\\\/en\\\/aktualne\\\/akce\\\/vystava-doc-vladimira-kozlika\\\/#primaryimage\"},\"thumbnailUrl\":\"https:\\\/\\\/www.skolamichael.cz\\\/wp-content\\\/uploads\\\/2023\\\/10\\\/galerie4-vladimir-kozlik-jiny-svet-2017-compress.jpg\",\"articleSection\":[\"Akce\"],\"inLanguage\":\"en-US\"},{\"@type\":\"WebPage\",\"@id\":\"https:\\\/\\\/www.skolamichael.cz\\\/en\\\/aktualne\\\/akce\\\/vystava-doc-vladimira-kozlika\\\/\",\"url\":\"https:\\\/\\\/www.skolamichael.cz\\\/en\\\/aktualne\\\/akce\\\/vystava-doc-vladimira-kozlika\\\/\",\"name\":\"V\u00fdstava Doc. Vladim\u00edra Kozl\u00edka \u2013 PER UNIVERSUM | MICHAEL\",\"isPartOf\":{\"@id\":\"https:\\\/\\\/www.skolamichael.cz\\\/en\\\/#website\"},\"primaryImageOfPage\":{\"@id\":\"https:\\\/\\\/www.skolamichael.cz\\\/en\\\/aktualne\\\/akce\\\/vystava-doc-vladimira-kozlika\\\/#primaryimage\"},\"image\":{\"@id\":\"https:\\\/\\\/www.skolamichael.cz\\\/en\\\/aktualne\\\/akce\\\/vystava-doc-vladimira-kozlika\\\/#primaryimage\"},\"thumbnailUrl\":\"https:\\\/\\\/www.skolamichael.cz\\\/wp-content\\\/uploads\\\/2023\\\/10\\\/galerie4-vladimir-kozlik-jiny-svet-2017-compress.jpg\",\"datePublished\":\"2023-10-08T09:27:37+00:00\",\"dateModified\":\"2023-10-20T13:47:17+00:00\",\"breadcrumb\":{\"@id\":\"https:\\\/\\\/www.skolamichael.cz\\\/en\\\/aktualne\\\/akce\\\/vystava-doc-vladimira-kozlika\\\/#breadcrumb\"},\"inLanguage\":\"en-US\",\"potentialAction\":[{\"@type\":\"ReadAction\",\"target\":[\"https:\\\/\\\/www.skolamichael.cz\\\/en\\\/aktualne\\\/akce\\\/vystava-doc-vladimira-kozlika\\\/\"]}]},{\"@type\":\"ImageObject\",\"inLanguage\":\"en-US\",\"@id\":\"https:\\\/\\\/www.skolamichael.cz\\\/en\\\/aktualne\\\/akce\\\/vystava-doc-vladimira-kozlika\\\/#primaryimage\",\"url\":\"https:\\\/\\\/www.skolamichael.cz\\\/wp-content\\\/uploads\\\/2023\\\/10\\\/galerie4-vladimir-kozlik-jiny-svet-2017-compress.jpg\",\"contentUrl\":\"https:\\\/\\\/www.skolamichael.cz\\\/wp-content\\\/uploads\\\/2023\\\/10\\\/galerie4-vladimir-kozlik-jiny-svet-2017-compress.jpg\",\"width\":407,\"height\":407},{\"@type\":\"BreadcrumbList\",\"@id\":\"https:\\\/\\\/www.skolamichael.cz\\\/en\\\/aktualne\\\/akce\\\/vystava-doc-vladimira-kozlika\\\/#breadcrumb\",\"itemListElement\":[{\"@type\":\"ListItem\",\"position\":1,\"name\":\"Dom\u016f\",\"item\":\"https:\\\/\\\/www.skolamichael.cz\\\/en\\\/\"},{\"@type\":\"ListItem\",\"position\":2,\"name\":\"V\u00fdstava Doc. Vladim\u00edra Kozl\u00edka \u2013 PER UNIVERSUM\"}]},{\"@type\":\"WebSite\",\"@id\":\"https:\\\/\\\/www.skolamichael.cz\\\/en\\\/#website\",\"url\":\"https:\\\/\\\/www.skolamichael.cz\\\/en\\\/\",\"name\":\"MICHAEL\",\"description\":\"St\u0159edn\u00ed \u0161kola, Gymn\u00e1zium a Vy\u0161\u0161\u00ed odborn\u00e1 \u0161kola\",\"publisher\":{\"@id\":\"https:\\\/\\\/www.skolamichael.cz\\\/en\\\/#organization\"},\"alternateName\":\"St\u0159edn\u00ed \u0161kola, Gymn\u00e1zium a Vy\u0161\u0161\u00ed odborn\u00e1 \u0161kola\",\"potentialAction\":[{\"@type\":\"SearchAction\",\"target\":{\"@type\":\"EntryPoint\",\"urlTemplate\":\"https:\\\/\\\/www.skolamichael.cz\\\/en\\\/?s={search_term_string}\"},\"query-input\":{\"@type\":\"PropertyValueSpecification\",\"valueRequired\":true,\"valueName\":\"search_term_string\"}}],\"inLanguage\":\"en-US\"},{\"@type\":\"Organization\",\"@id\":\"https:\\\/\\\/www.skolamichael.cz\\\/en\\\/#organization\",\"name\":\"Michael \u2013 St\u0159edn\u00ed \u0161kola, Gymn\u00e1zium a Vy\u0161\u0161\u00ed odborn\u00e1 \u0161kola, s.r.o.\",\"url\":\"https:\\\/\\\/www.skolamichael.cz\\\/en\\\/\",\"logo\":{\"@type\":\"ImageObject\",\"inLanguage\":\"en-US\",\"@id\":\"https:\\\/\\\/www.skolamichael.cz\\\/en\\\/#\\\/schema\\\/logo\\\/image\\\/\",\"url\":\"https:\\\/\\\/www.skolamichael.cz\\\/wp-content\\\/uploads\\\/2019\\\/03\\\/logo_michael_final_ctverec1-1.jpg\",\"contentUrl\":\"https:\\\/\\\/www.skolamichael.cz\\\/wp-content\\\/uploads\\\/2019\\\/03\\\/logo_michael_final_ctverec1-1.jpg\",\"width\":400,\"height\":400,\"caption\":\"Michael \u2013 St\u0159edn\u00ed \u0161kola, Gymn\u00e1zium a Vy\u0161\u0161\u00ed odborn\u00e1 \u0161kola, s.r.o.\"},\"image\":{\"@id\":\"https:\\\/\\\/www.skolamichael.cz\\\/en\\\/#\\\/schema\\\/logo\\\/image\\\/\"},\"sameAs\":[\"http:\\\/\\\/www.facebook.com\\\/skolamichael\",\"https:\\\/\\\/www.instagram.com\\\/skola_michael\\\/\"]},{\"@type\":\"Person\",\"@id\":\"https:\\\/\\\/www.skolamichael.cz\\\/en\\\/#\\\/schema\\\/person\\\/acb2963423a0c9f9b71a4506a3efef86\",\"name\":\"kupcovag\",\"image\":{\"@type\":\"ImageObject\",\"inLanguage\":\"en-US\",\"@id\":\"https:\\\/\\\/secure.gravatar.com\\\/avatar\\\/e8871ba9f250c74c99b6b76542472c0eb713772447510357521f43d497c6bc1e?s=96&d=mm&r=g\",\"url\":\"https:\\\/\\\/secure.gravatar.com\\\/avatar\\\/e8871ba9f250c74c99b6b76542472c0eb713772447510357521f43d497c6bc1e?s=96&d=mm&r=g\",\"contentUrl\":\"https:\\\/\\\/secure.gravatar.com\\\/avatar\\\/e8871ba9f250c74c99b6b76542472c0eb713772447510357521f43d497c6bc1e?s=96&d=mm&r=g\",\"caption\":\"kupcovag\"},\"url\":\"https:\\\/\\\/www.skolamichael.cz\\\/en\\\/author\\\/kupcovag\\\/\"}]}<\/script>\n<!-- \/ Yoast SEO plugin. -->","yoast_head_json":{"title":"V\u00fdstava Doc. Vladim\u00edra Kozl\u00edka \u2013 PER UNIVERSUM | MICHAEL","robots":{"index":"index","follow":"follow","max-snippet":"max-snippet:-1","max-image-preview":"max-image-preview:large","max-video-preview":"max-video-preview:-1"},"canonical":"https:\/\/www.skolamichael.cz\/en\/aktualne\/akce\/vystava-doc-vladimira-kozlika\/","og_locale":"en_US","og_type":"article","og_title":"V\u00fdstava Doc. Vladim\u00edra Kozl\u00edka \u2013 PER UNIVERSUM | MICHAEL","og_description":"Srde\u010dn\u011b V\u00e1s zveme na v\u00fdstavu Vladim\u00edra Kozl\u00edka\u00a0 -PER UNIVERSUM, kter\u00e1 se bude konat od 5. 10. a\u017e do 13. 12. 2023 v Galerii opera v divadle Ji\u0159\u00edho Myrona v Ostrav\u011b. &nbsp;","og_url":"https:\/\/www.skolamichael.cz\/en\/aktualne\/akce\/vystava-doc-vladimira-kozlika\/","og_site_name":"MICHAEL","article_publisher":"http:\/\/www.facebook.com\/skolamichael","article_published_time":"2023-10-08T09:27:37+00:00","article_modified_time":"2023-10-20T13:47:17+00:00","og_image":[{"width":407,"height":407,"url":"https:\/\/www.skolamichael.cz\/wp-content\/uploads\/2023\/10\/galerie4-vladimir-kozlik-jiny-svet-2017-compress.jpg","type":"image\/jpeg"}],"author":"kupcovag","twitter_card":"summary_large_image","twitter_misc":{"Written by":"kupcovag"},"schema":{"@context":"https:\/\/schema.org","@graph":[{"@type":"Article","@id":"https:\/\/www.skolamichael.cz\/en\/aktualne\/akce\/vystava-doc-vladimira-kozlika\/#article","isPartOf":{"@id":"https:\/\/www.skolamichael.cz\/en\/aktualne\/akce\/vystava-doc-vladimira-kozlika\/"},"author":{"name":"kupcovag","@id":"https:\/\/www.skolamichael.cz\/en\/#\/schema\/person\/acb2963423a0c9f9b71a4506a3efef86"},"headline":"V\u00fdstava Doc. Vladim\u00edra Kozl\u00edka \u2013 PER UNIVERSUM","datePublished":"2023-10-08T09:27:37+00:00","dateModified":"2023-10-20T13:47:17+00:00","mainEntityOfPage":{"@id":"https:\/\/www.skolamichael.cz\/en\/aktualne\/akce\/vystava-doc-vladimira-kozlika\/"},"wordCount":48,"publisher":{"@id":"https:\/\/www.skolamichael.cz\/en\/#organization"},"image":{"@id":"https:\/\/www.skolamichael.cz\/en\/aktualne\/akce\/vystava-doc-vladimira-kozlika\/#primaryimage"},"thumbnailUrl":"https:\/\/www.skolamichael.cz\/wp-content\/uploads\/2023\/10\/galerie4-vladimir-kozlik-jiny-svet-2017-compress.jpg","articleSection":["Akce"],"inLanguage":"en-US"},{"@type":"WebPage","@id":"https:\/\/www.skolamichael.cz\/en\/aktualne\/akce\/vystava-doc-vladimira-kozlika\/","url":"https:\/\/www.skolamichael.cz\/en\/aktualne\/akce\/vystava-doc-vladimira-kozlika\/","name":"V\u00fdstava Doc. Vladim\u00edra Kozl\u00edka \u2013 PER UNIVERSUM | MICHAEL","isPartOf":{"@id":"https:\/\/www.skolamichael.cz\/en\/#website"},"primaryImageOfPage":{"@id":"https:\/\/www.skolamichael.cz\/en\/aktualne\/akce\/vystava-doc-vladimira-kozlika\/#primaryimage"},"image":{"@id":"https:\/\/www.skolamichael.cz\/en\/aktualne\/akce\/vystava-doc-vladimira-kozlika\/#primaryimage"},"thumbnailUrl":"https:\/\/www.skolamichael.cz\/wp-content\/uploads\/2023\/10\/galerie4-vladimir-kozlik-jiny-svet-2017-compress.jpg","datePublished":"2023-10-08T09:27:37+00:00","dateModified":"2023-10-20T13:47:17+00:00","breadcrumb":{"@id":"https:\/\/www.skolamichael.cz\/en\/aktualne\/akce\/vystava-doc-vladimira-kozlika\/#breadcrumb"},"inLanguage":"en-US","potentialAction":[{"@type":"ReadAction","target":["https:\/\/www.skolamichael.cz\/en\/aktualne\/akce\/vystava-doc-vladimira-kozlika\/"]}]},{"@type":"ImageObject","inLanguage":"en-US","@id":"https:\/\/www.skolamichael.cz\/en\/aktualne\/akce\/vystava-doc-vladimira-kozlika\/#primaryimage","url":"https:\/\/www.skolamichael.cz\/wp-content\/uploads\/2023\/10\/galerie4-vladimir-kozlik-jiny-svet-2017-compress.jpg","contentUrl":"https:\/\/www.skolamichael.cz\/wp-content\/uploads\/2023\/10\/galerie4-vladimir-kozlik-jiny-svet-2017-compress.jpg","width":407,"height":407},{"@type":"BreadcrumbList","@id":"https:\/\/www.skolamichael.cz\/en\/aktualne\/akce\/vystava-doc-vladimira-kozlika\/#breadcrumb","itemListElement":[{"@type":"ListItem","position":1,"name":"Dom\u016f","item":"https:\/\/www.skolamichael.cz\/en\/"},{"@type":"ListItem","position":2,"name":"V\u00fdstava Doc. Vladim\u00edra Kozl\u00edka \u2013 PER UNIVERSUM"}]},{"@type":"WebSite","@id":"https:\/\/www.skolamichael.cz\/en\/#website","url":"https:\/\/www.skolamichael.cz\/en\/","name":"MICHAEL","description":"St\u0159edn\u00ed \u0161kola, Gymn\u00e1zium a Vy\u0161\u0161\u00ed odborn\u00e1 \u0161kola","publisher":{"@id":"https:\/\/www.skolamichael.cz\/en\/#organization"},"alternateName":"St\u0159edn\u00ed \u0161kola, Gymn\u00e1zium a Vy\u0161\u0161\u00ed odborn\u00e1 \u0161kola","potentialAction":[{"@type":"SearchAction","target":{"@type":"EntryPoint","urlTemplate":"https:\/\/www.skolamichael.cz\/en\/?s={search_term_string}"},"query-input":{"@type":"PropertyValueSpecification","valueRequired":true,"valueName":"search_term_string"}}],"inLanguage":"en-US"},{"@type":"Organization","@id":"https:\/\/www.skolamichael.cz\/en\/#organization","name":"Michael \u2013 St\u0159edn\u00ed \u0161kola, Gymn\u00e1zium a Vy\u0161\u0161\u00ed odborn\u00e1 \u0161kola, s.r.o.","url":"https:\/\/www.skolamichael.cz\/en\/","logo":{"@type":"ImageObject","inLanguage":"en-US","@id":"https:\/\/www.skolamichael.cz\/en\/#\/schema\/logo\/image\/","url":"https:\/\/www.skolamichael.cz\/wp-content\/uploads\/2019\/03\/logo_michael_final_ctverec1-1.jpg","contentUrl":"https:\/\/www.skolamichael.cz\/wp-content\/uploads\/2019\/03\/logo_michael_final_ctverec1-1.jpg","width":400,"height":400,"caption":"Michael \u2013 St\u0159edn\u00ed \u0161kola, Gymn\u00e1zium a Vy\u0161\u0161\u00ed odborn\u00e1 \u0161kola, s.r.o."},"image":{"@id":"https:\/\/www.skolamichael.cz\/en\/#\/schema\/logo\/image\/"},"sameAs":["http:\/\/www.facebook.com\/skolamichael","https:\/\/www.instagram.com\/skola_michael\/"]},{"@type":"Person","@id":"https:\/\/www.skolamichael.cz\/en\/#\/schema\/person\/acb2963423a0c9f9b71a4506a3efef86","name":"kupcovag","image":{"@type":"ImageObject","inLanguage":"en-US","@id":"https:\/\/secure.gravatar.com\/avatar\/e8871ba9f250c74c99b6b76542472c0eb713772447510357521f43d497c6bc1e?s=96&d=mm&r=g","url":"https:\/\/secure.gravatar.com\/avatar\/e8871ba9f250c74c99b6b76542472c0eb713772447510357521f43d497c6bc1e?s=96&d=mm&r=g","contentUrl":"https:\/\/secure.gravatar.com\/avatar\/e8871ba9f250c74c99b6b76542472c0eb713772447510357521f43d497c6bc1e?s=96&d=mm&r=g","caption":"kupcovag"},"url":"https:\/\/www.skolamichael.cz\/en\/author\/kupcovag\/"}]}},"_links":{"self":[{"href":"https:\/\/www.skolamichael.cz\/en\/wp-json\/wp\/v2\/posts\/12195","targetHints":{"allow":["GET"]}}],"collection":[{"href":"https:\/\/www.skolamichael.cz\/en\/wp-json\/wp\/v2\/posts"}],"about":[{"href":"https:\/\/www.skolamichael.cz\/en\/wp-json\/wp\/v2\/types\/post"}],"author":[{"embeddable":true,"href":"https:\/\/www.skolamichael.cz\/en\/wp-json\/wp\/v2\/users\/14"}],"replies":[{"embeddable":true,"href":"https:\/\/www.skolamichael.cz\/en\/wp-json\/wp\/v2\/comments?post=12195"}],"version-history":[{"count":3,"href":"https:\/\/www.skolamichael.cz\/en\/wp-json\/wp\/v2\/posts\/12195\/revisions"}],"predecessor-version":[{"id":12387,"href":"https:\/\/www.skolamichael.cz\/en\/wp-json\/wp\/v2\/posts\/12195\/revisions\/12387"}],"wp:featuredmedia":[{"embeddable":true,"href":"https:\/\/www.skolamichael.cz\/en\/wp-json\/wp\/v2\/media\/12198"}],"wp:attachment":[{"href":"https:\/\/www.skolamichael.cz\/en\/wp-json\/wp\/v2\/media?parent=12195"}],"wp:term":[{"taxonomy":"category","embeddable":true,"href":"https:\/\/www.skolamichael.cz\/en\/wp-json\/wp\/v2\/categories?post=12195"},{"taxonomy":"post_tag","embeddable":true,"href":"https:\/\/www.skolamichael.cz\/en\/wp-json\/wp\/v2\/tags?post=12195"}],"curies":[{"name":"wp","href":"https:\/\/api.w.org\/{rel}","templated":true}]}}