{"id":12291,"date":"2023-10-08T19:57:11","date_gmt":"2023-10-08T17:57:11","guid":{"rendered":"https:\/\/www.skolamichael.cz\/?p=12291"},"modified":"2023-10-13T17:12:34","modified_gmt":"2023-10-13T15:12:34","slug":"studenti-designu-interieru-navstivili-vitra-design-museum-v-basileji","status":"publish","type":"post","link":"https:\/\/www.skolamichael.cz\/en\/aktualne\/zivot-skoly\/studenti-designu-interieru-navstivili-vitra-design-museum-v-basileji\/","title":{"rendered":"Studenti Designu interi\u00e9ru nav\u0161t\u00edvili Vitra Design Museum v Basileji"},"content":{"rendered":"<p>V mal\u00e9m m\u011bste\u010dku Weil am Rhein, kter\u00e9 je sou\u010d\u00e1st\u00ed \u0161v\u00fdcarsk\u00e9 Basileje, se nach\u00e1z\u00ed Campus zna\u010dky VITRA. D\u00edky z\u00edskan\u00e9 dotaci z nada\u010dn\u00edho fondu Cesta ke vzd\u011bl\u00e1n\u00ed na\u0161i studenti S\u0160 a VO\u0160 oboru Design interi\u00e9ru z\u00edskali p\u0159\u00edle\u017eitost nav\u0161t\u00edvit jednu z architektonick\u00fdch dominant, kter\u00e1 ukr\u00fdv\u00e1 designov\u00e9 poklady. Campus se d\u011bl\u00ed na n\u011bkolik \u010d\u00e1st\u00ed: uzav\u0159en\u00fd prostor samostatn\u00fdch v\u00fdrobn\u00edch fabrik a logistiky, samostatn\u00e9 v\u00fdstavn\u00ed budovy a voln\u011b dostupn\u00e9 zahrady a VITRA house. Na\u0161i studenti m\u011bli mo\u017enost se b\u011bhem v\u00fdkladu dostat dovnit\u0159 campusu i do konkr\u00e9tn\u00edch budov. Japonsk\u00fd pr\u016fvodce Tod\u00f3 design\u00e9r\u016fm vysv\u011btlil, jak se cel\u00fd projekt stav\u011bl, kdo za kter\u00fdm domem stoj\u00ed architektonicky a jak\u00e9 materi\u00e1ly a pro\u010d byly pou\u017eity. Po okraj\u00edch nep\u0159\u00edstupn\u00e9ho campusu potom stoj\u00ed budovy sv\u011btov\u011b proslul\u00fdch architekt\u016f. Studenti nav\u0161t\u00edvili tak\u00e9 stanici Zahy Hadid nebo Vitra Design Museum Franka O. Gehryho. Nejv\u011bt\u0161\u00edm p\u0159ekvapen\u00edm byla n\u00e1v\u0161t\u011bva VITRA house. Ve\u0161ker\u00fd n\u00e1bytek je zde v mnoha variac\u00edch vystaven a lze jej pou\u017e\u00edvat. VITRA je ikonou, ale dostat se do takov\u00e9ho m\u00edsta, jako je Campus, kde jsou k vid\u011bn\u00ed historick\u00e9 kancel\u00e1\u0159e design\u00e9r\u016f z 50. let i moodboardy jednotliv\u00fdch druh\u016f materi\u00e1l\u016f, bylo pro studenty neskute\u010dn\u011b inspirativn\u00ed.<\/p>\n<div id='gallery-1' class='gallery galleryid-12291 gallery-columns-1 gallery-size-full'><figure class='gallery-item'>\n\t\t\t<div class='gallery-icon portrait'>\n\t\t\t\t<a href='https:\/\/www.skolamichael.cz\/wp-content\/uploads\/2023\/10\/basilej_4-compress.jpg'><img loading=\"lazy\" decoding=\"async\" width=\"480\" height=\"640\" src=\"https:\/\/www.skolamichael.cz\/wp-content\/uploads\/2023\/10\/basilej_4-compress.jpg\" class=\"attachment-full size-full\" alt=\"\" \/><\/a>\n\t\t\t<\/div><\/figure><figure class='gallery-item'>\n\t\t\t<div class='gallery-icon portrait'>\n\t\t\t\t<a href='https:\/\/www.skolamichael.cz\/wp-content\/uploads\/2023\/10\/basilej_1-compress.jpg'><img loading=\"lazy\" decoding=\"async\" width=\"480\" height=\"640\" src=\"https:\/\/www.skolamichael.cz\/wp-content\/uploads\/2023\/10\/basilej_1-compress.jpg\" class=\"attachment-full size-full\" alt=\"\" \/><\/a>\n\t\t\t<\/div><\/figure><figure class='gallery-item'>\n\t\t\t<div class='gallery-icon portrait'>\n\t\t\t\t<a href='https:\/\/www.skolamichael.cz\/wp-content\/uploads\/2023\/10\/basilej_2-compress.jpg'><img loading=\"lazy\" decoding=\"async\" width=\"480\" height=\"640\" src=\"https:\/\/www.skolamichael.cz\/wp-content\/uploads\/2023\/10\/basilej_2-compress.jpg\" class=\"attachment-full size-full\" alt=\"\" \/><\/a>\n\t\t\t<\/div><\/figure><figure class='gallery-item'>\n\t\t\t<div class='gallery-icon portrait'>\n\t\t\t\t<a href='https:\/\/www.skolamichael.cz\/wp-content\/uploads\/2023\/10\/basilej_6-compress.jpg'><img loading=\"lazy\" decoding=\"async\" width=\"480\" height=\"640\" src=\"https:\/\/www.skolamichael.cz\/wp-content\/uploads\/2023\/10\/basilej_6-compress.jpg\" class=\"attachment-full size-full\" alt=\"\" \/><\/a>\n\t\t\t<\/div><\/figure><figure class='gallery-item'>\n\t\t\t<div class='gallery-icon landscape'>\n\t\t\t\t<a href='https:\/\/www.skolamichael.cz\/wp-content\/uploads\/2023\/10\/IMG_2833_u-compress.jpg'><img loading=\"lazy\" decoding=\"async\" width=\"640\" height=\"479\" src=\"https:\/\/www.skolamichael.cz\/wp-content\/uploads\/2023\/10\/IMG_2833_u-compress.jpg\" class=\"attachment-full size-full\" alt=\"\" \/><\/a>\n\t\t\t<\/div><\/figure><figure class='gallery-item'>\n\t\t\t<div class='gallery-icon landscape'>\n\t\t\t\t<a href='https:\/\/www.skolamichael.cz\/wp-content\/uploads\/2023\/10\/basilej_3-compress.jpg'><img loading=\"lazy\" decoding=\"async\" width=\"640\" height=\"282\" src=\"https:\/\/www.skolamichael.cz\/wp-content\/uploads\/2023\/10\/basilej_3-compress.jpg\" class=\"attachment-full size-full\" alt=\"\" \/><\/a>\n\t\t\t<\/div><\/figure>\n\t\t<\/div>\n\n<figure id=\"attachment_12311\" aria-describedby=\"caption-attachment-12311\" style=\"width: 521px\" class=\"wp-caption aligncenter\"><a href=\"https:\/\/www.skolamichael.cz\/wp-content\/uploads\/2023\/10\/IMG_2866.mov\"><img loading=\"lazy\" decoding=\"async\" class=\"wp-image-12311 size-full\" src=\"https:\/\/www.skolamichael.cz\/wp-content\/uploads\/2023\/10\/basilej_video-compress.jpg\" alt=\"\" width=\"521\" height=\"637\" \/><\/a><figcaption id=\"caption-attachment-12311\" class=\"wp-caption-text\">kr\u00e1tk\u00e9 video jednoho z artefakt\u016f<\/figcaption><\/figure>\n","protected":false},"excerpt":{"rendered":"<p>V mal\u00e9m m\u011bste\u010dku Weil am Rhein, kter\u00e9 je sou\u010d\u00e1st\u00ed \u0161v\u00fdcarsk\u00e9 Basileje, se nach\u00e1z\u00ed Campus zna\u010dky VITRA. D\u00edky z\u00edskan\u00e9 dotaci z nada\u010dn\u00edho fondu Cesta ke vzd\u011bl\u00e1n\u00ed na\u0161i studenti S\u0160 a VO\u0160 oboru Design interi\u00e9ru z\u00edskali p\u0159\u00edle\u017eitost nav\u0161t\u00edvit jednu z architektonick\u00fdch dominant, kter\u00e1 ukr\u00fdv\u00e1 designov\u00e9 poklady. Campus se d\u011bl\u00ed na n\u011bkolik \u010d\u00e1st\u00ed: uzav\u0159en\u00fd prostor samostatn\u00fdch v\u00fdrobn\u00edch fabrik [&hellip;]<\/p>\n","protected":false},"author":4,"featured_media":12304,"comment_status":"closed","ping_status":"open","sticky":false,"template":"","format":"standard","meta":{"_acf_changed":false,"footnotes":""},"categories":[16],"tags":[],"class_list":["post-12291","post","type-post","status-publish","format-standard","has-post-thumbnail","hentry","category-zivot-skoly"],"acf":[],"yoast_head":"<!-- This site is optimized with the Yoast SEO plugin v27.4 - https:\/\/yoast.com\/product\/yoast-seo-wordpress\/ -->\n<title>Studenti Designu interi\u00e9ru nav\u0161t\u00edvili Vitra Design Museum v Basileji | MICHAEL<\/title>\n<meta name=\"robots\" content=\"index, follow, max-snippet:-1, max-image-preview:large, max-video-preview:-1\" \/>\n<link rel=\"canonical\" href=\"https:\/\/www.skolamichael.cz\/en\/aktualne\/zivot-skoly\/studenti-designu-interieru-navstivili-vitra-design-museum-v-basileji\/\" \/>\n<meta property=\"og:locale\" content=\"en_US\" \/>\n<meta property=\"og:type\" content=\"article\" \/>\n<meta property=\"og:title\" content=\"Studenti Designu interi\u00e9ru nav\u0161t\u00edvili Vitra Design Museum v Basileji | MICHAEL\" \/>\n<meta property=\"og:description\" content=\"V mal\u00e9m m\u011bste\u010dku Weil am Rhein, kter\u00e9 je sou\u010d\u00e1st\u00ed \u0161v\u00fdcarsk\u00e9 Basileje, se nach\u00e1z\u00ed Campus zna\u010dky VITRA. D\u00edky z\u00edskan\u00e9 dotaci z nada\u010dn\u00edho fondu Cesta ke vzd\u011bl\u00e1n\u00ed na\u0161i studenti S\u0160 a VO\u0160 oboru Design interi\u00e9ru z\u00edskali p\u0159\u00edle\u017eitost nav\u0161t\u00edvit jednu z architektonick\u00fdch dominant, kter\u00e1 ukr\u00fdv\u00e1 designov\u00e9 poklady. Campus se d\u011bl\u00ed na n\u011bkolik \u010d\u00e1st\u00ed: uzav\u0159en\u00fd prostor samostatn\u00fdch v\u00fdrobn\u00edch fabrik [&hellip;]\" \/>\n<meta property=\"og:url\" content=\"https:\/\/www.skolamichael.cz\/en\/aktualne\/zivot-skoly\/studenti-designu-interieru-navstivili-vitra-design-museum-v-basileji\/\" \/>\n<meta property=\"og:site_name\" content=\"MICHAEL\" \/>\n<meta property=\"article:publisher\" content=\"http:\/\/www.facebook.com\/skolamichael\" \/>\n<meta property=\"article:published_time\" content=\"2023-10-08T17:57:11+00:00\" \/>\n<meta property=\"article:modified_time\" content=\"2023-10-13T15:12:34+00:00\" \/>\n<meta property=\"og:image\" content=\"https:\/\/www.skolamichael.cz\/wp-content\/uploads\/2023\/10\/basilej_5_titul_CT-compress.jpg\" \/>\n\t<meta property=\"og:image:width\" content=\"500\" \/>\n\t<meta property=\"og:image:height\" content=\"500\" \/>\n\t<meta property=\"og:image:type\" content=\"image\/jpeg\" \/>\n<meta name=\"author\" content=\"Lucie\" \/>\n<meta name=\"twitter:card\" content=\"summary_large_image\" \/>\n<meta name=\"twitter:label1\" content=\"Written by\" \/>\n\t<meta name=\"twitter:data1\" content=\"Lucie\" \/>\n\t<meta name=\"twitter:label2\" content=\"Est. reading time\" \/>\n\t<meta name=\"twitter:data2\" content=\"1 minute\" \/>\n<script type=\"application\/ld+json\" class=\"yoast-schema-graph\">{\"@context\":\"https:\\\/\\\/schema.org\",\"@graph\":[{\"@type\":\"Article\",\"@id\":\"https:\\\/\\\/www.skolamichael.cz\\\/en\\\/aktualne\\\/zivot-skoly\\\/studenti-designu-interieru-navstivili-vitra-design-museum-v-basileji\\\/#article\",\"isPartOf\":{\"@id\":\"https:\\\/\\\/www.skolamichael.cz\\\/en\\\/aktualne\\\/zivot-skoly\\\/studenti-designu-interieru-navstivili-vitra-design-museum-v-basileji\\\/\"},\"author\":{\"name\":\"Lucie\",\"@id\":\"https:\\\/\\\/www.skolamichael.cz\\\/en\\\/#\\\/schema\\\/person\\\/953e68e7bc920aa4a47c50c0f25c9eea\"},\"headline\":\"Studenti Designu interi\u00e9ru nav\u0161t\u00edvili Vitra Design Museum v Basileji\",\"datePublished\":\"2023-10-08T17:57:11+00:00\",\"dateModified\":\"2023-10-13T15:12:34+00:00\",\"mainEntityOfPage\":{\"@id\":\"https:\\\/\\\/www.skolamichael.cz\\\/en\\\/aktualne\\\/zivot-skoly\\\/studenti-designu-interieru-navstivili-vitra-design-museum-v-basileji\\\/\"},\"wordCount\":278,\"publisher\":{\"@id\":\"https:\\\/\\\/www.skolamichael.cz\\\/en\\\/#organization\"},\"image\":{\"@id\":\"https:\\\/\\\/www.skolamichael.cz\\\/en\\\/aktualne\\\/zivot-skoly\\\/studenti-designu-interieru-navstivili-vitra-design-museum-v-basileji\\\/#primaryimage\"},\"thumbnailUrl\":\"https:\\\/\\\/www.skolamichael.cz\\\/wp-content\\\/uploads\\\/2023\\\/10\\\/basilej_5_titul_CT-compress.jpg\",\"articleSection\":[\"\u017divot \u0161koly\"],\"inLanguage\":\"en-US\"},{\"@type\":\"WebPage\",\"@id\":\"https:\\\/\\\/www.skolamichael.cz\\\/en\\\/aktualne\\\/zivot-skoly\\\/studenti-designu-interieru-navstivili-vitra-design-museum-v-basileji\\\/\",\"url\":\"https:\\\/\\\/www.skolamichael.cz\\\/en\\\/aktualne\\\/zivot-skoly\\\/studenti-designu-interieru-navstivili-vitra-design-museum-v-basileji\\\/\",\"name\":\"Studenti Designu interi\u00e9ru nav\u0161t\u00edvili Vitra Design Museum v Basileji | MICHAEL\",\"isPartOf\":{\"@id\":\"https:\\\/\\\/www.skolamichael.cz\\\/en\\\/#website\"},\"primaryImageOfPage\":{\"@id\":\"https:\\\/\\\/www.skolamichael.cz\\\/en\\\/aktualne\\\/zivot-skoly\\\/studenti-designu-interieru-navstivili-vitra-design-museum-v-basileji\\\/#primaryimage\"},\"image\":{\"@id\":\"https:\\\/\\\/www.skolamichael.cz\\\/en\\\/aktualne\\\/zivot-skoly\\\/studenti-designu-interieru-navstivili-vitra-design-museum-v-basileji\\\/#primaryimage\"},\"thumbnailUrl\":\"https:\\\/\\\/www.skolamichael.cz\\\/wp-content\\\/uploads\\\/2023\\\/10\\\/basilej_5_titul_CT-compress.jpg\",\"datePublished\":\"2023-10-08T17:57:11+00:00\",\"dateModified\":\"2023-10-13T15:12:34+00:00\",\"breadcrumb\":{\"@id\":\"https:\\\/\\\/www.skolamichael.cz\\\/en\\\/aktualne\\\/zivot-skoly\\\/studenti-designu-interieru-navstivili-vitra-design-museum-v-basileji\\\/#breadcrumb\"},\"inLanguage\":\"en-US\",\"potentialAction\":[{\"@type\":\"ReadAction\",\"target\":[\"https:\\\/\\\/www.skolamichael.cz\\\/en\\\/aktualne\\\/zivot-skoly\\\/studenti-designu-interieru-navstivili-vitra-design-museum-v-basileji\\\/\"]}]},{\"@type\":\"ImageObject\",\"inLanguage\":\"en-US\",\"@id\":\"https:\\\/\\\/www.skolamichael.cz\\\/en\\\/aktualne\\\/zivot-skoly\\\/studenti-designu-interieru-navstivili-vitra-design-museum-v-basileji\\\/#primaryimage\",\"url\":\"https:\\\/\\\/www.skolamichael.cz\\\/wp-content\\\/uploads\\\/2023\\\/10\\\/basilej_5_titul_CT-compress.jpg\",\"contentUrl\":\"https:\\\/\\\/www.skolamichael.cz\\\/wp-content\\\/uploads\\\/2023\\\/10\\\/basilej_5_titul_CT-compress.jpg\",\"width\":500,\"height\":500},{\"@type\":\"BreadcrumbList\",\"@id\":\"https:\\\/\\\/www.skolamichael.cz\\\/en\\\/aktualne\\\/zivot-skoly\\\/studenti-designu-interieru-navstivili-vitra-design-museum-v-basileji\\\/#breadcrumb\",\"itemListElement\":[{\"@type\":\"ListItem\",\"position\":1,\"name\":\"Dom\u016f\",\"item\":\"https:\\\/\\\/www.skolamichael.cz\\\/en\\\/\"},{\"@type\":\"ListItem\",\"position\":2,\"name\":\"Studenti Designu interi\u00e9ru nav\u0161t\u00edvili Vitra Design Museum v Basileji\"}]},{\"@type\":\"WebSite\",\"@id\":\"https:\\\/\\\/www.skolamichael.cz\\\/en\\\/#website\",\"url\":\"https:\\\/\\\/www.skolamichael.cz\\\/en\\\/\",\"name\":\"MICHAEL\",\"description\":\"St\u0159edn\u00ed \u0161kola, Gymn\u00e1zium a Vy\u0161\u0161\u00ed odborn\u00e1 \u0161kola\",\"publisher\":{\"@id\":\"https:\\\/\\\/www.skolamichael.cz\\\/en\\\/#organization\"},\"alternateName\":\"St\u0159edn\u00ed \u0161kola, Gymn\u00e1zium a Vy\u0161\u0161\u00ed odborn\u00e1 \u0161kola\",\"potentialAction\":[{\"@type\":\"SearchAction\",\"target\":{\"@type\":\"EntryPoint\",\"urlTemplate\":\"https:\\\/\\\/www.skolamichael.cz\\\/en\\\/?s={search_term_string}\"},\"query-input\":{\"@type\":\"PropertyValueSpecification\",\"valueRequired\":true,\"valueName\":\"search_term_string\"}}],\"inLanguage\":\"en-US\"},{\"@type\":\"Organization\",\"@id\":\"https:\\\/\\\/www.skolamichael.cz\\\/en\\\/#organization\",\"name\":\"Michael \u2013 St\u0159edn\u00ed \u0161kola, Gymn\u00e1zium a Vy\u0161\u0161\u00ed odborn\u00e1 \u0161kola, s.r.o.\",\"url\":\"https:\\\/\\\/www.skolamichael.cz\\\/en\\\/\",\"logo\":{\"@type\":\"ImageObject\",\"inLanguage\":\"en-US\",\"@id\":\"https:\\\/\\\/www.skolamichael.cz\\\/en\\\/#\\\/schema\\\/logo\\\/image\\\/\",\"url\":\"https:\\\/\\\/www.skolamichael.cz\\\/wp-content\\\/uploads\\\/2019\\\/03\\\/logo_michael_final_ctverec1-1.jpg\",\"contentUrl\":\"https:\\\/\\\/www.skolamichael.cz\\\/wp-content\\\/uploads\\\/2019\\\/03\\\/logo_michael_final_ctverec1-1.jpg\",\"width\":400,\"height\":400,\"caption\":\"Michael \u2013 St\u0159edn\u00ed \u0161kola, Gymn\u00e1zium a Vy\u0161\u0161\u00ed odborn\u00e1 \u0161kola, s.r.o.\"},\"image\":{\"@id\":\"https:\\\/\\\/www.skolamichael.cz\\\/en\\\/#\\\/schema\\\/logo\\\/image\\\/\"},\"sameAs\":[\"http:\\\/\\\/www.facebook.com\\\/skolamichael\",\"https:\\\/\\\/www.instagram.com\\\/skola_michael\\\/\"]},{\"@type\":\"Person\",\"@id\":\"https:\\\/\\\/www.skolamichael.cz\\\/en\\\/#\\\/schema\\\/person\\\/953e68e7bc920aa4a47c50c0f25c9eea\",\"name\":\"Lucie\",\"image\":{\"@type\":\"ImageObject\",\"inLanguage\":\"en-US\",\"@id\":\"https:\\\/\\\/secure.gravatar.com\\\/avatar\\\/f624d747a971b7586c02ff20e5a7e85b649ac7b9acfd2d27716345b4f825b776?s=96&d=mm&r=g\",\"url\":\"https:\\\/\\\/secure.gravatar.com\\\/avatar\\\/f624d747a971b7586c02ff20e5a7e85b649ac7b9acfd2d27716345b4f825b776?s=96&d=mm&r=g\",\"contentUrl\":\"https:\\\/\\\/secure.gravatar.com\\\/avatar\\\/f624d747a971b7586c02ff20e5a7e85b649ac7b9acfd2d27716345b4f825b776?s=96&d=mm&r=g\",\"caption\":\"Lucie\"},\"url\":\"https:\\\/\\\/www.skolamichael.cz\\\/en\\\/author\\\/lucie\\\/\"}]}<\/script>\n<!-- \/ Yoast SEO plugin. -->","yoast_head_json":{"title":"Studenti Designu interi\u00e9ru nav\u0161t\u00edvili Vitra Design Museum v Basileji | MICHAEL","robots":{"index":"index","follow":"follow","max-snippet":"max-snippet:-1","max-image-preview":"max-image-preview:large","max-video-preview":"max-video-preview:-1"},"canonical":"https:\/\/www.skolamichael.cz\/en\/aktualne\/zivot-skoly\/studenti-designu-interieru-navstivili-vitra-design-museum-v-basileji\/","og_locale":"en_US","og_type":"article","og_title":"Studenti Designu interi\u00e9ru nav\u0161t\u00edvili Vitra Design Museum v Basileji | MICHAEL","og_description":"V mal\u00e9m m\u011bste\u010dku Weil am Rhein, kter\u00e9 je sou\u010d\u00e1st\u00ed \u0161v\u00fdcarsk\u00e9 Basileje, se nach\u00e1z\u00ed Campus zna\u010dky VITRA. D\u00edky z\u00edskan\u00e9 dotaci z nada\u010dn\u00edho fondu Cesta ke vzd\u011bl\u00e1n\u00ed na\u0161i studenti S\u0160 a VO\u0160 oboru Design interi\u00e9ru z\u00edskali p\u0159\u00edle\u017eitost nav\u0161t\u00edvit jednu z architektonick\u00fdch dominant, kter\u00e1 ukr\u00fdv\u00e1 designov\u00e9 poklady. Campus se d\u011bl\u00ed na n\u011bkolik \u010d\u00e1st\u00ed: uzav\u0159en\u00fd prostor samostatn\u00fdch v\u00fdrobn\u00edch fabrik [&hellip;]","og_url":"https:\/\/www.skolamichael.cz\/en\/aktualne\/zivot-skoly\/studenti-designu-interieru-navstivili-vitra-design-museum-v-basileji\/","og_site_name":"MICHAEL","article_publisher":"http:\/\/www.facebook.com\/skolamichael","article_published_time":"2023-10-08T17:57:11+00:00","article_modified_time":"2023-10-13T15:12:34+00:00","og_image":[{"width":500,"height":500,"url":"https:\/\/www.skolamichael.cz\/wp-content\/uploads\/2023\/10\/basilej_5_titul_CT-compress.jpg","type":"image\/jpeg"}],"author":"Lucie","twitter_card":"summary_large_image","twitter_misc":{"Written by":"Lucie","Est. reading time":"1 minute"},"schema":{"@context":"https:\/\/schema.org","@graph":[{"@type":"Article","@id":"https:\/\/www.skolamichael.cz\/en\/aktualne\/zivot-skoly\/studenti-designu-interieru-navstivili-vitra-design-museum-v-basileji\/#article","isPartOf":{"@id":"https:\/\/www.skolamichael.cz\/en\/aktualne\/zivot-skoly\/studenti-designu-interieru-navstivili-vitra-design-museum-v-basileji\/"},"author":{"name":"Lucie","@id":"https:\/\/www.skolamichael.cz\/en\/#\/schema\/person\/953e68e7bc920aa4a47c50c0f25c9eea"},"headline":"Studenti Designu interi\u00e9ru nav\u0161t\u00edvili Vitra Design Museum v Basileji","datePublished":"2023-10-08T17:57:11+00:00","dateModified":"2023-10-13T15:12:34+00:00","mainEntityOfPage":{"@id":"https:\/\/www.skolamichael.cz\/en\/aktualne\/zivot-skoly\/studenti-designu-interieru-navstivili-vitra-design-museum-v-basileji\/"},"wordCount":278,"publisher":{"@id":"https:\/\/www.skolamichael.cz\/en\/#organization"},"image":{"@id":"https:\/\/www.skolamichael.cz\/en\/aktualne\/zivot-skoly\/studenti-designu-interieru-navstivili-vitra-design-museum-v-basileji\/#primaryimage"},"thumbnailUrl":"https:\/\/www.skolamichael.cz\/wp-content\/uploads\/2023\/10\/basilej_5_titul_CT-compress.jpg","articleSection":["\u017divot \u0161koly"],"inLanguage":"en-US"},{"@type":"WebPage","@id":"https:\/\/www.skolamichael.cz\/en\/aktualne\/zivot-skoly\/studenti-designu-interieru-navstivili-vitra-design-museum-v-basileji\/","url":"https:\/\/www.skolamichael.cz\/en\/aktualne\/zivot-skoly\/studenti-designu-interieru-navstivili-vitra-design-museum-v-basileji\/","name":"Studenti Designu interi\u00e9ru nav\u0161t\u00edvili Vitra Design Museum v Basileji | MICHAEL","isPartOf":{"@id":"https:\/\/www.skolamichael.cz\/en\/#website"},"primaryImageOfPage":{"@id":"https:\/\/www.skolamichael.cz\/en\/aktualne\/zivot-skoly\/studenti-designu-interieru-navstivili-vitra-design-museum-v-basileji\/#primaryimage"},"image":{"@id":"https:\/\/www.skolamichael.cz\/en\/aktualne\/zivot-skoly\/studenti-designu-interieru-navstivili-vitra-design-museum-v-basileji\/#primaryimage"},"thumbnailUrl":"https:\/\/www.skolamichael.cz\/wp-content\/uploads\/2023\/10\/basilej_5_titul_CT-compress.jpg","datePublished":"2023-10-08T17:57:11+00:00","dateModified":"2023-10-13T15:12:34+00:00","breadcrumb":{"@id":"https:\/\/www.skolamichael.cz\/en\/aktualne\/zivot-skoly\/studenti-designu-interieru-navstivili-vitra-design-museum-v-basileji\/#breadcrumb"},"inLanguage":"en-US","potentialAction":[{"@type":"ReadAction","target":["https:\/\/www.skolamichael.cz\/en\/aktualne\/zivot-skoly\/studenti-designu-interieru-navstivili-vitra-design-museum-v-basileji\/"]}]},{"@type":"ImageObject","inLanguage":"en-US","@id":"https:\/\/www.skolamichael.cz\/en\/aktualne\/zivot-skoly\/studenti-designu-interieru-navstivili-vitra-design-museum-v-basileji\/#primaryimage","url":"https:\/\/www.skolamichael.cz\/wp-content\/uploads\/2023\/10\/basilej_5_titul_CT-compress.jpg","contentUrl":"https:\/\/www.skolamichael.cz\/wp-content\/uploads\/2023\/10\/basilej_5_titul_CT-compress.jpg","width":500,"height":500},{"@type":"BreadcrumbList","@id":"https:\/\/www.skolamichael.cz\/en\/aktualne\/zivot-skoly\/studenti-designu-interieru-navstivili-vitra-design-museum-v-basileji\/#breadcrumb","itemListElement":[{"@type":"ListItem","position":1,"name":"Dom\u016f","item":"https:\/\/www.skolamichael.cz\/en\/"},{"@type":"ListItem","position":2,"name":"Studenti Designu interi\u00e9ru nav\u0161t\u00edvili Vitra Design Museum v Basileji"}]},{"@type":"WebSite","@id":"https:\/\/www.skolamichael.cz\/en\/#website","url":"https:\/\/www.skolamichael.cz\/en\/","name":"MICHAEL","description":"St\u0159edn\u00ed \u0161kola, Gymn\u00e1zium a Vy\u0161\u0161\u00ed odborn\u00e1 \u0161kola","publisher":{"@id":"https:\/\/www.skolamichael.cz\/en\/#organization"},"alternateName":"St\u0159edn\u00ed \u0161kola, Gymn\u00e1zium a Vy\u0161\u0161\u00ed odborn\u00e1 \u0161kola","potentialAction":[{"@type":"SearchAction","target":{"@type":"EntryPoint","urlTemplate":"https:\/\/www.skolamichael.cz\/en\/?s={search_term_string}"},"query-input":{"@type":"PropertyValueSpecification","valueRequired":true,"valueName":"search_term_string"}}],"inLanguage":"en-US"},{"@type":"Organization","@id":"https:\/\/www.skolamichael.cz\/en\/#organization","name":"Michael \u2013 St\u0159edn\u00ed \u0161kola, Gymn\u00e1zium a Vy\u0161\u0161\u00ed odborn\u00e1 \u0161kola, s.r.o.","url":"https:\/\/www.skolamichael.cz\/en\/","logo":{"@type":"ImageObject","inLanguage":"en-US","@id":"https:\/\/www.skolamichael.cz\/en\/#\/schema\/logo\/image\/","url":"https:\/\/www.skolamichael.cz\/wp-content\/uploads\/2019\/03\/logo_michael_final_ctverec1-1.jpg","contentUrl":"https:\/\/www.skolamichael.cz\/wp-content\/uploads\/2019\/03\/logo_michael_final_ctverec1-1.jpg","width":400,"height":400,"caption":"Michael \u2013 St\u0159edn\u00ed \u0161kola, Gymn\u00e1zium a Vy\u0161\u0161\u00ed odborn\u00e1 \u0161kola, s.r.o."},"image":{"@id":"https:\/\/www.skolamichael.cz\/en\/#\/schema\/logo\/image\/"},"sameAs":["http:\/\/www.facebook.com\/skolamichael","https:\/\/www.instagram.com\/skola_michael\/"]},{"@type":"Person","@id":"https:\/\/www.skolamichael.cz\/en\/#\/schema\/person\/953e68e7bc920aa4a47c50c0f25c9eea","name":"Lucie","image":{"@type":"ImageObject","inLanguage":"en-US","@id":"https:\/\/secure.gravatar.com\/avatar\/f624d747a971b7586c02ff20e5a7e85b649ac7b9acfd2d27716345b4f825b776?s=96&d=mm&r=g","url":"https:\/\/secure.gravatar.com\/avatar\/f624d747a971b7586c02ff20e5a7e85b649ac7b9acfd2d27716345b4f825b776?s=96&d=mm&r=g","contentUrl":"https:\/\/secure.gravatar.com\/avatar\/f624d747a971b7586c02ff20e5a7e85b649ac7b9acfd2d27716345b4f825b776?s=96&d=mm&r=g","caption":"Lucie"},"url":"https:\/\/www.skolamichael.cz\/en\/author\/lucie\/"}]}},"_links":{"self":[{"href":"https:\/\/www.skolamichael.cz\/en\/wp-json\/wp\/v2\/posts\/12291","targetHints":{"allow":["GET"]}}],"collection":[{"href":"https:\/\/www.skolamichael.cz\/en\/wp-json\/wp\/v2\/posts"}],"about":[{"href":"https:\/\/www.skolamichael.cz\/en\/wp-json\/wp\/v2\/types\/post"}],"author":[{"embeddable":true,"href":"https:\/\/www.skolamichael.cz\/en\/wp-json\/wp\/v2\/users\/4"}],"replies":[{"embeddable":true,"href":"https:\/\/www.skolamichael.cz\/en\/wp-json\/wp\/v2\/comments?post=12291"}],"version-history":[{"count":3,"href":"https:\/\/www.skolamichael.cz\/en\/wp-json\/wp\/v2\/posts\/12291\/revisions"}],"predecessor-version":[{"id":12313,"href":"https:\/\/www.skolamichael.cz\/en\/wp-json\/wp\/v2\/posts\/12291\/revisions\/12313"}],"wp:featuredmedia":[{"embeddable":true,"href":"https:\/\/www.skolamichael.cz\/en\/wp-json\/wp\/v2\/media\/12304"}],"wp:attachment":[{"href":"https:\/\/www.skolamichael.cz\/en\/wp-json\/wp\/v2\/media?parent=12291"}],"wp:term":[{"taxonomy":"category","embeddable":true,"href":"https:\/\/www.skolamichael.cz\/en\/wp-json\/wp\/v2\/categories?post=12291"},{"taxonomy":"post_tag","embeddable":true,"href":"https:\/\/www.skolamichael.cz\/en\/wp-json\/wp\/v2\/tags?post=12291"}],"curies":[{"name":"wp","href":"https:\/\/api.w.org\/{rel}","templated":true}]}}