{"id":13277,"date":"2024-04-19T11:41:24","date_gmt":"2024-04-19T09:41:24","guid":{"rendered":"https:\/\/www.skolamichael.cz\/?p=13277"},"modified":"2024-04-19T16:19:58","modified_gmt":"2024-04-19T14:19:58","slug":"skola-michael-vychovava-spicku-soucasne-mlade-fotografie","status":"publish","type":"post","link":"https:\/\/www.skolamichael.cz\/en\/aktualne\/skola-michael-vychovava-spicku-soucasne-mlade-fotografie\/","title":{"rendered":"\u0160kola Michael vychov\u00e1v\u00e1 \u0161pi\u010dku sou\u010dasn\u00e9 mlad\u00e9 fotografie"},"content":{"rendered":"<p><em>Kdy\u017e z\u00edsk\u00e1te ocen\u011bn\u00ed v\u00a0presti\u017en\u00ed sout\u011b\u017ei Fotograf <\/em><em>roku, kterou ka\u017edoro\u010dn\u011b po\u0159\u00e1d\u00e1 Asociace profesion\u00e1ln\u00edch fotograf\u016f \u010cR, je to velk\u00fd \u00fasp\u011bch. Dvacetilet\u00fd <strong>Maty\u00e1\u0161 P\u00e1len\u00ed\u010dek,<\/strong> \u010derstv\u00fd absolvent St\u0159edn\u00ed \u0161koly reklamn\u00ed a um\u011bleck\u00e9 tvorby Michael, ned\u00e1vno tuto cenu z\u00edskal, a to v\u00a0kategorii do 30 let.<\/em><\/p>\n<p>A nen\u00ed to prvn\u00ed velk\u00e9 ocen\u011bn\u00ed, kter\u00e9 obdr\u017eel. P\u0159ed dv\u011bma lety zv\u00edt\u011bzil na festivalu Prague Photo a v\u00a0lo\u0148sk\u00e9m roce byl p\u0159izv\u00e1n, aby uspo\u0159\u00e1dal vlastn\u00ed samostatnou expozici v r\u00e1mci t\u00e9to p\u0159ehl\u00eddky. Jeho pr\u00e1ce byla tak\u00e9 v\u00fdznamnou sou\u010d\u00e1st\u00ed skupinov\u00e9 v\u00fdstavy s n\u00e1zvem \u201eMagie m\u00edsta&#8221;, kterou po\u0159\u00e1dala Asociace profesion\u00e1ln\u00edch fotograf\u016f.<\/p>\n<p>Kdy\u017e jsme se zeptali <strong>Jaroslava Fi\u0161era<\/strong>, vedouc\u00edho oboru Fotografie a nov\u00e1 m\u00e9dia na \u0161kole Michael, jak vzpom\u00edn\u00e1 na sv\u00e9ho studenta, odpov\u011bd\u011bl n\u00e1m: \u201e<em>Maty\u00e1\u0161ovo zaujet\u00ed fotografi\u00ed je okouzluj\u00edc\u00ed. Jeho ilustrace \u010capkova rom\u00e1nu R.U.R. \u010di fiktivn\u00ed, imaginativn\u00ed krajiny se vyzna\u010duj\u00ed ohromnou m\u00edrou imaginace a kreativity. Jsem r\u00e1d, \u017ee studenti na\u0161eho inovovan\u00e9ho oboru Fotografie a nov\u00e1 m\u00e9dia St\u0159edn\u00ed odborn\u00e9 \u0161koly Michael jsou velmi \u00fasp\u011b\u0161n\u00ed.<\/em>\u201c<\/p>\n<p>Maty\u00e1\u0161 nen\u00ed jedin\u00fdm absolventem \u0161koly, kter\u00fd vystavuje a sb\u00edr\u00e1 ceny. Lo\u0148sk\u00e9mu maturantovi <strong>Marku Kolihovi<\/strong> se poda\u0159ilo p\u0159edstavit \u0161irok\u00e9 ve\u0159ejnosti pr\u016f\u0159ez sv\u00e9 tvorby v\u00a0presti\u017en\u00ed galerii Czech Photo Centre. Absolventka <strong>Anna Va\u0148kov\u00e9<\/strong> byla nominov\u00e1na na ocen\u011bn\u00ed Fotograf roku, <strong>Tatiana Zvolsk\u00e1<\/strong>, je\u0161t\u011b jako studentka \u0161koly, zaznamenala velk\u00fd \u00fasp\u011bch, kdy\u017e jej\u00ed fotografie byly pou\u017eity jako hlavn\u00ed vizu\u00e1l festivalu Prague Photo. T\u00edm v\u00fd\u010det \u00fasp\u011b\u0161n\u00fdch zdaleka nekon\u010d\u00ed. <strong>Michal Zelinka<\/strong> z\u00edskal 2. m\u00edsto v\u00a0sout\u011b\u017ei Czech Nature Photo a v\u00a0sout\u011b\u017ei Czech Press Photo z\u00edskal 1. m\u00edsto v\u00a0kategorii \u010cTK. \u0158ada student\u016f p\u0159ipravuje v\u00fdstavy a uch\u00e1z\u00ed se o ceny ve fotografick\u00fdch sout\u011b\u017e\u00edch.<\/p>\n<p>Mlad\u00e1 generace sou\u010dasn\u00fdch fotograf\u016f se tedy hl\u00e1s\u00ed o slovo a m\u016f\u017ee se hrd\u011b za\u0159adit do \u00fasp\u011b\u0161n\u00e9 historie \u010desk\u00e9 fotografie posledn\u00edch desetilet\u00ed.<\/p>\n<div id='gallery-1' class='gallery galleryid-13277 gallery-columns-3 gallery-size-large'><figure class='gallery-item'>\n\t\t\t<div class='gallery-icon landscape'>\n\t\t\t\t<a href='https:\/\/www.skolamichael.cz\/wp-content\/uploads\/2024\/04\/434659214_1273509013566826_1279182074931205639_n.jpg'><img loading=\"lazy\" decoding=\"async\" width=\"640\" height=\"360\" src=\"https:\/\/www.skolamichael.cz\/wp-content\/uploads\/2024\/04\/434659214_1273509013566826_1279182074931205639_n-1024x576.jpg\" class=\"attachment-large size-large\" alt=\"\" srcset=\"https:\/\/www.skolamichael.cz\/wp-content\/uploads\/2024\/04\/434659214_1273509013566826_1279182074931205639_n-1024x576.jpg 1024w, https:\/\/www.skolamichael.cz\/wp-content\/uploads\/2024\/04\/434659214_1273509013566826_1279182074931205639_n.jpg 1920w\" sizes=\"auto, (max-width: 640px) 100vw, 640px\" \/><\/a>\n\t\t\t<\/div><\/figure><figure class='gallery-item'>\n\t\t\t<div class='gallery-icon landscape'>\n\t\t\t\t<a href='https:\/\/www.skolamichael.cz\/wp-content\/uploads\/2024\/04\/434646802_1273512073566520_2034633051364828616_n-1.jpg'><img loading=\"lazy\" decoding=\"async\" width=\"640\" height=\"512\" src=\"https:\/\/www.skolamichael.cz\/wp-content\/uploads\/2024\/04\/434646802_1273512073566520_2034633051364828616_n-1-1024x819.jpg\" class=\"attachment-large size-large\" alt=\"\" srcset=\"https:\/\/www.skolamichael.cz\/wp-content\/uploads\/2024\/04\/434646802_1273512073566520_2034633051364828616_n-1-1024x819.jpg 1024w, https:\/\/www.skolamichael.cz\/wp-content\/uploads\/2024\/04\/434646802_1273512073566520_2034633051364828616_n-1.jpg 1350w\" sizes=\"auto, (max-width: 640px) 100vw, 640px\" \/><\/a>\n\t\t\t<\/div><\/figure><figure class='gallery-item'>\n\t\t\t<div class='gallery-icon portrait'>\n\t\t\t\t<a href='https:\/\/www.skolamichael.cz\/wp-content\/uploads\/2024\/04\/IMG_1372-1.jpg'><img loading=\"lazy\" decoding=\"async\" width=\"640\" height=\"853\" src=\"https:\/\/www.skolamichael.cz\/wp-content\/uploads\/2024\/04\/IMG_1372-1-768x1024.jpg\" class=\"attachment-large size-large\" alt=\"\" srcset=\"https:\/\/www.skolamichael.cz\/wp-content\/uploads\/2024\/04\/IMG_1372-1-768x1024.jpg 768w, https:\/\/www.skolamichael.cz\/wp-content\/uploads\/2024\/04\/IMG_1372-1.jpg 810w\" sizes=\"auto, (max-width: 640px) 100vw, 640px\" \/><\/a>\n\t\t\t<\/div><\/figure>\n\t\t<\/div>\n\n","protected":false},"excerpt":{"rendered":"<p>Kdy\u017e z\u00edsk\u00e1te ocen\u011bn\u00ed v\u00a0presti\u017en\u00ed sout\u011b\u017ei Fotograf roku, kterou ka\u017edoro\u010dn\u011b po\u0159\u00e1d\u00e1 Asociace profesion\u00e1ln\u00edch fotograf\u016f \u010cR, je to velk\u00fd \u00fasp\u011bch. Dvacetilet\u00fd Maty\u00e1\u0161 P\u00e1len\u00ed\u010dek, \u010derstv\u00fd absolvent St\u0159edn\u00ed \u0161koly reklamn\u00ed a um\u011bleck\u00e9 tvorby Michael, ned\u00e1vno tuto cenu z\u00edskal, a to v\u00a0kategorii do 30 let. A nen\u00ed to prvn\u00ed velk\u00e9 ocen\u011bn\u00ed, kter\u00e9 obdr\u017eel. P\u0159ed dv\u011bma lety zv\u00edt\u011bzil na festivalu Prague [&hellip;]<\/p>\n","protected":false},"author":14,"featured_media":13297,"comment_status":"closed","ping_status":"open","sticky":false,"template":"","format":"standard","meta":{"_acf_changed":false,"footnotes":""},"categories":[3],"tags":[],"class_list":["post-13277","post","type-post","status-publish","format-standard","has-post-thumbnail","hentry","category-aktualne"],"acf":[],"yoast_head":"<!-- This site is optimized with the Yoast SEO plugin v27.4 - https:\/\/yoast.com\/product\/yoast-seo-wordpress\/ -->\n<title>\u0160kola Michael vychov\u00e1v\u00e1 \u0161pi\u010dku sou\u010dasn\u00e9 mlad\u00e9 fotografie | MICHAEL<\/title>\n<meta name=\"robots\" content=\"index, follow, max-snippet:-1, max-image-preview:large, max-video-preview:-1\" \/>\n<link rel=\"canonical\" href=\"https:\/\/www.skolamichael.cz\/en\/aktualne\/skola-michael-vychovava-spicku-soucasne-mlade-fotografie\/\" \/>\n<meta property=\"og:locale\" content=\"en_US\" \/>\n<meta property=\"og:type\" content=\"article\" \/>\n<meta property=\"og:title\" content=\"\u0160kola Michael vychov\u00e1v\u00e1 \u0161pi\u010dku sou\u010dasn\u00e9 mlad\u00e9 fotografie | MICHAEL\" \/>\n<meta property=\"og:description\" content=\"Kdy\u017e z\u00edsk\u00e1te ocen\u011bn\u00ed v\u00a0presti\u017en\u00ed sout\u011b\u017ei Fotograf roku, kterou ka\u017edoro\u010dn\u011b po\u0159\u00e1d\u00e1 Asociace profesion\u00e1ln\u00edch fotograf\u016f \u010cR, je to velk\u00fd \u00fasp\u011bch. Dvacetilet\u00fd Maty\u00e1\u0161 P\u00e1len\u00ed\u010dek, \u010derstv\u00fd absolvent St\u0159edn\u00ed \u0161koly reklamn\u00ed a um\u011bleck\u00e9 tvorby Michael, ned\u00e1vno tuto cenu z\u00edskal, a to v\u00a0kategorii do 30 let. A nen\u00ed to prvn\u00ed velk\u00e9 ocen\u011bn\u00ed, kter\u00e9 obdr\u017eel. P\u0159ed dv\u011bma lety zv\u00edt\u011bzil na festivalu Prague [&hellip;]\" \/>\n<meta property=\"og:url\" content=\"https:\/\/www.skolamichael.cz\/en\/aktualne\/skola-michael-vychovava-spicku-soucasne-mlade-fotografie\/\" \/>\n<meta property=\"og:site_name\" content=\"MICHAEL\" \/>\n<meta property=\"article:publisher\" content=\"http:\/\/www.facebook.com\/skolamichael\" \/>\n<meta property=\"article:published_time\" content=\"2024-04-19T09:41:24+00:00\" \/>\n<meta property=\"article:modified_time\" content=\"2024-04-19T14:19:58+00:00\" \/>\n<meta property=\"og:image\" content=\"https:\/\/www.skolamichael.cz\/wp-content\/uploads\/2024\/04\/434641500_1273508990233495_1744424327020403006_n-1.jpg\" \/>\n\t<meta property=\"og:image:width\" content=\"500\" \/>\n\t<meta property=\"og:image:height\" content=\"500\" \/>\n\t<meta property=\"og:image:type\" content=\"image\/jpeg\" \/>\n<meta name=\"author\" content=\"kupcovag\" \/>\n<meta name=\"twitter:card\" content=\"summary_large_image\" \/>\n<meta name=\"twitter:label1\" content=\"Written by\" \/>\n\t<meta name=\"twitter:data1\" content=\"kupcovag\" \/>\n\t<meta name=\"twitter:label2\" content=\"Est. reading time\" \/>\n\t<meta name=\"twitter:data2\" content=\"2 minutes\" \/>\n<script type=\"application\/ld+json\" class=\"yoast-schema-graph\">{\"@context\":\"https:\\\/\\\/schema.org\",\"@graph\":[{\"@type\":\"Article\",\"@id\":\"https:\\\/\\\/www.skolamichael.cz\\\/en\\\/aktualne\\\/skola-michael-vychovava-spicku-soucasne-mlade-fotografie\\\/#article\",\"isPartOf\":{\"@id\":\"https:\\\/\\\/www.skolamichael.cz\\\/en\\\/aktualne\\\/skola-michael-vychovava-spicku-soucasne-mlade-fotografie\\\/\"},\"author\":{\"name\":\"kupcovag\",\"@id\":\"https:\\\/\\\/www.skolamichael.cz\\\/en\\\/#\\\/schema\\\/person\\\/acb2963423a0c9f9b71a4506a3efef86\"},\"headline\":\"\u0160kola Michael vychov\u00e1v\u00e1 \u0161pi\u010dku sou\u010dasn\u00e9 mlad\u00e9 fotografie\",\"datePublished\":\"2024-04-19T09:41:24+00:00\",\"dateModified\":\"2024-04-19T14:19:58+00:00\",\"mainEntityOfPage\":{\"@id\":\"https:\\\/\\\/www.skolamichael.cz\\\/en\\\/aktualne\\\/skola-michael-vychovava-spicku-soucasne-mlade-fotografie\\\/\"},\"wordCount\":381,\"publisher\":{\"@id\":\"https:\\\/\\\/www.skolamichael.cz\\\/en\\\/#organization\"},\"image\":{\"@id\":\"https:\\\/\\\/www.skolamichael.cz\\\/en\\\/aktualne\\\/skola-michael-vychovava-spicku-soucasne-mlade-fotografie\\\/#primaryimage\"},\"thumbnailUrl\":\"https:\\\/\\\/www.skolamichael.cz\\\/wp-content\\\/uploads\\\/2024\\\/04\\\/434641500_1273508990233495_1744424327020403006_n-1.jpg\",\"articleSection\":[\"Aktuality\"],\"inLanguage\":\"en-US\"},{\"@type\":\"WebPage\",\"@id\":\"https:\\\/\\\/www.skolamichael.cz\\\/en\\\/aktualne\\\/skola-michael-vychovava-spicku-soucasne-mlade-fotografie\\\/\",\"url\":\"https:\\\/\\\/www.skolamichael.cz\\\/en\\\/aktualne\\\/skola-michael-vychovava-spicku-soucasne-mlade-fotografie\\\/\",\"name\":\"\u0160kola Michael vychov\u00e1v\u00e1 \u0161pi\u010dku sou\u010dasn\u00e9 mlad\u00e9 fotografie | MICHAEL\",\"isPartOf\":{\"@id\":\"https:\\\/\\\/www.skolamichael.cz\\\/en\\\/#website\"},\"primaryImageOfPage\":{\"@id\":\"https:\\\/\\\/www.skolamichael.cz\\\/en\\\/aktualne\\\/skola-michael-vychovava-spicku-soucasne-mlade-fotografie\\\/#primaryimage\"},\"image\":{\"@id\":\"https:\\\/\\\/www.skolamichael.cz\\\/en\\\/aktualne\\\/skola-michael-vychovava-spicku-soucasne-mlade-fotografie\\\/#primaryimage\"},\"thumbnailUrl\":\"https:\\\/\\\/www.skolamichael.cz\\\/wp-content\\\/uploads\\\/2024\\\/04\\\/434641500_1273508990233495_1744424327020403006_n-1.jpg\",\"datePublished\":\"2024-04-19T09:41:24+00:00\",\"dateModified\":\"2024-04-19T14:19:58+00:00\",\"breadcrumb\":{\"@id\":\"https:\\\/\\\/www.skolamichael.cz\\\/en\\\/aktualne\\\/skola-michael-vychovava-spicku-soucasne-mlade-fotografie\\\/#breadcrumb\"},\"inLanguage\":\"en-US\",\"potentialAction\":[{\"@type\":\"ReadAction\",\"target\":[\"https:\\\/\\\/www.skolamichael.cz\\\/en\\\/aktualne\\\/skola-michael-vychovava-spicku-soucasne-mlade-fotografie\\\/\"]}]},{\"@type\":\"ImageObject\",\"inLanguage\":\"en-US\",\"@id\":\"https:\\\/\\\/www.skolamichael.cz\\\/en\\\/aktualne\\\/skola-michael-vychovava-spicku-soucasne-mlade-fotografie\\\/#primaryimage\",\"url\":\"https:\\\/\\\/www.skolamichael.cz\\\/wp-content\\\/uploads\\\/2024\\\/04\\\/434641500_1273508990233495_1744424327020403006_n-1.jpg\",\"contentUrl\":\"https:\\\/\\\/www.skolamichael.cz\\\/wp-content\\\/uploads\\\/2024\\\/04\\\/434641500_1273508990233495_1744424327020403006_n-1.jpg\",\"width\":500,\"height\":500},{\"@type\":\"BreadcrumbList\",\"@id\":\"https:\\\/\\\/www.skolamichael.cz\\\/en\\\/aktualne\\\/skola-michael-vychovava-spicku-soucasne-mlade-fotografie\\\/#breadcrumb\",\"itemListElement\":[{\"@type\":\"ListItem\",\"position\":1,\"name\":\"Dom\u016f\",\"item\":\"https:\\\/\\\/www.skolamichael.cz\\\/en\\\/\"},{\"@type\":\"ListItem\",\"position\":2,\"name\":\"\u0160kola Michael vychov\u00e1v\u00e1 \u0161pi\u010dku sou\u010dasn\u00e9 mlad\u00e9 fotografie\"}]},{\"@type\":\"WebSite\",\"@id\":\"https:\\\/\\\/www.skolamichael.cz\\\/en\\\/#website\",\"url\":\"https:\\\/\\\/www.skolamichael.cz\\\/en\\\/\",\"name\":\"MICHAEL\",\"description\":\"St\u0159edn\u00ed \u0161kola, Gymn\u00e1zium a Vy\u0161\u0161\u00ed odborn\u00e1 \u0161kola\",\"publisher\":{\"@id\":\"https:\\\/\\\/www.skolamichael.cz\\\/en\\\/#organization\"},\"alternateName\":\"St\u0159edn\u00ed \u0161kola, Gymn\u00e1zium a Vy\u0161\u0161\u00ed odborn\u00e1 \u0161kola\",\"potentialAction\":[{\"@type\":\"SearchAction\",\"target\":{\"@type\":\"EntryPoint\",\"urlTemplate\":\"https:\\\/\\\/www.skolamichael.cz\\\/en\\\/?s={search_term_string}\"},\"query-input\":{\"@type\":\"PropertyValueSpecification\",\"valueRequired\":true,\"valueName\":\"search_term_string\"}}],\"inLanguage\":\"en-US\"},{\"@type\":\"Organization\",\"@id\":\"https:\\\/\\\/www.skolamichael.cz\\\/en\\\/#organization\",\"name\":\"Michael \u2013 St\u0159edn\u00ed \u0161kola, Gymn\u00e1zium a Vy\u0161\u0161\u00ed odborn\u00e1 \u0161kola, s.r.o.\",\"url\":\"https:\\\/\\\/www.skolamichael.cz\\\/en\\\/\",\"logo\":{\"@type\":\"ImageObject\",\"inLanguage\":\"en-US\",\"@id\":\"https:\\\/\\\/www.skolamichael.cz\\\/en\\\/#\\\/schema\\\/logo\\\/image\\\/\",\"url\":\"https:\\\/\\\/www.skolamichael.cz\\\/wp-content\\\/uploads\\\/2019\\\/03\\\/logo_michael_final_ctverec1-1.jpg\",\"contentUrl\":\"https:\\\/\\\/www.skolamichael.cz\\\/wp-content\\\/uploads\\\/2019\\\/03\\\/logo_michael_final_ctverec1-1.jpg\",\"width\":400,\"height\":400,\"caption\":\"Michael \u2013 St\u0159edn\u00ed \u0161kola, Gymn\u00e1zium a Vy\u0161\u0161\u00ed odborn\u00e1 \u0161kola, s.r.o.\"},\"image\":{\"@id\":\"https:\\\/\\\/www.skolamichael.cz\\\/en\\\/#\\\/schema\\\/logo\\\/image\\\/\"},\"sameAs\":[\"http:\\\/\\\/www.facebook.com\\\/skolamichael\",\"https:\\\/\\\/www.instagram.com\\\/skola_michael\\\/\"]},{\"@type\":\"Person\",\"@id\":\"https:\\\/\\\/www.skolamichael.cz\\\/en\\\/#\\\/schema\\\/person\\\/acb2963423a0c9f9b71a4506a3efef86\",\"name\":\"kupcovag\",\"image\":{\"@type\":\"ImageObject\",\"inLanguage\":\"en-US\",\"@id\":\"https:\\\/\\\/secure.gravatar.com\\\/avatar\\\/e8871ba9f250c74c99b6b76542472c0eb713772447510357521f43d497c6bc1e?s=96&d=mm&r=g\",\"url\":\"https:\\\/\\\/secure.gravatar.com\\\/avatar\\\/e8871ba9f250c74c99b6b76542472c0eb713772447510357521f43d497c6bc1e?s=96&d=mm&r=g\",\"contentUrl\":\"https:\\\/\\\/secure.gravatar.com\\\/avatar\\\/e8871ba9f250c74c99b6b76542472c0eb713772447510357521f43d497c6bc1e?s=96&d=mm&r=g\",\"caption\":\"kupcovag\"},\"url\":\"https:\\\/\\\/www.skolamichael.cz\\\/en\\\/author\\\/kupcovag\\\/\"}]}<\/script>\n<!-- \/ Yoast SEO plugin. -->","yoast_head_json":{"title":"\u0160kola Michael vychov\u00e1v\u00e1 \u0161pi\u010dku sou\u010dasn\u00e9 mlad\u00e9 fotografie | MICHAEL","robots":{"index":"index","follow":"follow","max-snippet":"max-snippet:-1","max-image-preview":"max-image-preview:large","max-video-preview":"max-video-preview:-1"},"canonical":"https:\/\/www.skolamichael.cz\/en\/aktualne\/skola-michael-vychovava-spicku-soucasne-mlade-fotografie\/","og_locale":"en_US","og_type":"article","og_title":"\u0160kola Michael vychov\u00e1v\u00e1 \u0161pi\u010dku sou\u010dasn\u00e9 mlad\u00e9 fotografie | MICHAEL","og_description":"Kdy\u017e z\u00edsk\u00e1te ocen\u011bn\u00ed v\u00a0presti\u017en\u00ed sout\u011b\u017ei Fotograf roku, kterou ka\u017edoro\u010dn\u011b po\u0159\u00e1d\u00e1 Asociace profesion\u00e1ln\u00edch fotograf\u016f \u010cR, je to velk\u00fd \u00fasp\u011bch. Dvacetilet\u00fd Maty\u00e1\u0161 P\u00e1len\u00ed\u010dek, \u010derstv\u00fd absolvent St\u0159edn\u00ed \u0161koly reklamn\u00ed a um\u011bleck\u00e9 tvorby Michael, ned\u00e1vno tuto cenu z\u00edskal, a to v\u00a0kategorii do 30 let. A nen\u00ed to prvn\u00ed velk\u00e9 ocen\u011bn\u00ed, kter\u00e9 obdr\u017eel. P\u0159ed dv\u011bma lety zv\u00edt\u011bzil na festivalu Prague [&hellip;]","og_url":"https:\/\/www.skolamichael.cz\/en\/aktualne\/skola-michael-vychovava-spicku-soucasne-mlade-fotografie\/","og_site_name":"MICHAEL","article_publisher":"http:\/\/www.facebook.com\/skolamichael","article_published_time":"2024-04-19T09:41:24+00:00","article_modified_time":"2024-04-19T14:19:58+00:00","og_image":[{"width":500,"height":500,"url":"https:\/\/www.skolamichael.cz\/wp-content\/uploads\/2024\/04\/434641500_1273508990233495_1744424327020403006_n-1.jpg","type":"image\/jpeg"}],"author":"kupcovag","twitter_card":"summary_large_image","twitter_misc":{"Written by":"kupcovag","Est. reading time":"2 minutes"},"schema":{"@context":"https:\/\/schema.org","@graph":[{"@type":"Article","@id":"https:\/\/www.skolamichael.cz\/en\/aktualne\/skola-michael-vychovava-spicku-soucasne-mlade-fotografie\/#article","isPartOf":{"@id":"https:\/\/www.skolamichael.cz\/en\/aktualne\/skola-michael-vychovava-spicku-soucasne-mlade-fotografie\/"},"author":{"name":"kupcovag","@id":"https:\/\/www.skolamichael.cz\/en\/#\/schema\/person\/acb2963423a0c9f9b71a4506a3efef86"},"headline":"\u0160kola Michael vychov\u00e1v\u00e1 \u0161pi\u010dku sou\u010dasn\u00e9 mlad\u00e9 fotografie","datePublished":"2024-04-19T09:41:24+00:00","dateModified":"2024-04-19T14:19:58+00:00","mainEntityOfPage":{"@id":"https:\/\/www.skolamichael.cz\/en\/aktualne\/skola-michael-vychovava-spicku-soucasne-mlade-fotografie\/"},"wordCount":381,"publisher":{"@id":"https:\/\/www.skolamichael.cz\/en\/#organization"},"image":{"@id":"https:\/\/www.skolamichael.cz\/en\/aktualne\/skola-michael-vychovava-spicku-soucasne-mlade-fotografie\/#primaryimage"},"thumbnailUrl":"https:\/\/www.skolamichael.cz\/wp-content\/uploads\/2024\/04\/434641500_1273508990233495_1744424327020403006_n-1.jpg","articleSection":["Aktuality"],"inLanguage":"en-US"},{"@type":"WebPage","@id":"https:\/\/www.skolamichael.cz\/en\/aktualne\/skola-michael-vychovava-spicku-soucasne-mlade-fotografie\/","url":"https:\/\/www.skolamichael.cz\/en\/aktualne\/skola-michael-vychovava-spicku-soucasne-mlade-fotografie\/","name":"\u0160kola Michael vychov\u00e1v\u00e1 \u0161pi\u010dku sou\u010dasn\u00e9 mlad\u00e9 fotografie | MICHAEL","isPartOf":{"@id":"https:\/\/www.skolamichael.cz\/en\/#website"},"primaryImageOfPage":{"@id":"https:\/\/www.skolamichael.cz\/en\/aktualne\/skola-michael-vychovava-spicku-soucasne-mlade-fotografie\/#primaryimage"},"image":{"@id":"https:\/\/www.skolamichael.cz\/en\/aktualne\/skola-michael-vychovava-spicku-soucasne-mlade-fotografie\/#primaryimage"},"thumbnailUrl":"https:\/\/www.skolamichael.cz\/wp-content\/uploads\/2024\/04\/434641500_1273508990233495_1744424327020403006_n-1.jpg","datePublished":"2024-04-19T09:41:24+00:00","dateModified":"2024-04-19T14:19:58+00:00","breadcrumb":{"@id":"https:\/\/www.skolamichael.cz\/en\/aktualne\/skola-michael-vychovava-spicku-soucasne-mlade-fotografie\/#breadcrumb"},"inLanguage":"en-US","potentialAction":[{"@type":"ReadAction","target":["https:\/\/www.skolamichael.cz\/en\/aktualne\/skola-michael-vychovava-spicku-soucasne-mlade-fotografie\/"]}]},{"@type":"ImageObject","inLanguage":"en-US","@id":"https:\/\/www.skolamichael.cz\/en\/aktualne\/skola-michael-vychovava-spicku-soucasne-mlade-fotografie\/#primaryimage","url":"https:\/\/www.skolamichael.cz\/wp-content\/uploads\/2024\/04\/434641500_1273508990233495_1744424327020403006_n-1.jpg","contentUrl":"https:\/\/www.skolamichael.cz\/wp-content\/uploads\/2024\/04\/434641500_1273508990233495_1744424327020403006_n-1.jpg","width":500,"height":500},{"@type":"BreadcrumbList","@id":"https:\/\/www.skolamichael.cz\/en\/aktualne\/skola-michael-vychovava-spicku-soucasne-mlade-fotografie\/#breadcrumb","itemListElement":[{"@type":"ListItem","position":1,"name":"Dom\u016f","item":"https:\/\/www.skolamichael.cz\/en\/"},{"@type":"ListItem","position":2,"name":"\u0160kola Michael vychov\u00e1v\u00e1 \u0161pi\u010dku sou\u010dasn\u00e9 mlad\u00e9 fotografie"}]},{"@type":"WebSite","@id":"https:\/\/www.skolamichael.cz\/en\/#website","url":"https:\/\/www.skolamichael.cz\/en\/","name":"MICHAEL","description":"St\u0159edn\u00ed \u0161kola, Gymn\u00e1zium a Vy\u0161\u0161\u00ed odborn\u00e1 \u0161kola","publisher":{"@id":"https:\/\/www.skolamichael.cz\/en\/#organization"},"alternateName":"St\u0159edn\u00ed \u0161kola, Gymn\u00e1zium a Vy\u0161\u0161\u00ed odborn\u00e1 \u0161kola","potentialAction":[{"@type":"SearchAction","target":{"@type":"EntryPoint","urlTemplate":"https:\/\/www.skolamichael.cz\/en\/?s={search_term_string}"},"query-input":{"@type":"PropertyValueSpecification","valueRequired":true,"valueName":"search_term_string"}}],"inLanguage":"en-US"},{"@type":"Organization","@id":"https:\/\/www.skolamichael.cz\/en\/#organization","name":"Michael \u2013 St\u0159edn\u00ed \u0161kola, Gymn\u00e1zium a Vy\u0161\u0161\u00ed odborn\u00e1 \u0161kola, s.r.o.","url":"https:\/\/www.skolamichael.cz\/en\/","logo":{"@type":"ImageObject","inLanguage":"en-US","@id":"https:\/\/www.skolamichael.cz\/en\/#\/schema\/logo\/image\/","url":"https:\/\/www.skolamichael.cz\/wp-content\/uploads\/2019\/03\/logo_michael_final_ctverec1-1.jpg","contentUrl":"https:\/\/www.skolamichael.cz\/wp-content\/uploads\/2019\/03\/logo_michael_final_ctverec1-1.jpg","width":400,"height":400,"caption":"Michael \u2013 St\u0159edn\u00ed \u0161kola, Gymn\u00e1zium a Vy\u0161\u0161\u00ed odborn\u00e1 \u0161kola, s.r.o."},"image":{"@id":"https:\/\/www.skolamichael.cz\/en\/#\/schema\/logo\/image\/"},"sameAs":["http:\/\/www.facebook.com\/skolamichael","https:\/\/www.instagram.com\/skola_michael\/"]},{"@type":"Person","@id":"https:\/\/www.skolamichael.cz\/en\/#\/schema\/person\/acb2963423a0c9f9b71a4506a3efef86","name":"kupcovag","image":{"@type":"ImageObject","inLanguage":"en-US","@id":"https:\/\/secure.gravatar.com\/avatar\/e8871ba9f250c74c99b6b76542472c0eb713772447510357521f43d497c6bc1e?s=96&d=mm&r=g","url":"https:\/\/secure.gravatar.com\/avatar\/e8871ba9f250c74c99b6b76542472c0eb713772447510357521f43d497c6bc1e?s=96&d=mm&r=g","contentUrl":"https:\/\/secure.gravatar.com\/avatar\/e8871ba9f250c74c99b6b76542472c0eb713772447510357521f43d497c6bc1e?s=96&d=mm&r=g","caption":"kupcovag"},"url":"https:\/\/www.skolamichael.cz\/en\/author\/kupcovag\/"}]}},"_links":{"self":[{"href":"https:\/\/www.skolamichael.cz\/en\/wp-json\/wp\/v2\/posts\/13277","targetHints":{"allow":["GET"]}}],"collection":[{"href":"https:\/\/www.skolamichael.cz\/en\/wp-json\/wp\/v2\/posts"}],"about":[{"href":"https:\/\/www.skolamichael.cz\/en\/wp-json\/wp\/v2\/types\/post"}],"author":[{"embeddable":true,"href":"https:\/\/www.skolamichael.cz\/en\/wp-json\/wp\/v2\/users\/14"}],"replies":[{"embeddable":true,"href":"https:\/\/www.skolamichael.cz\/en\/wp-json\/wp\/v2\/comments?post=13277"}],"version-history":[{"count":1,"href":"https:\/\/www.skolamichael.cz\/en\/wp-json\/wp\/v2\/posts\/13277\/revisions"}],"predecessor-version":[{"id":13286,"href":"https:\/\/www.skolamichael.cz\/en\/wp-json\/wp\/v2\/posts\/13277\/revisions\/13286"}],"wp:featuredmedia":[{"embeddable":true,"href":"https:\/\/www.skolamichael.cz\/en\/wp-json\/wp\/v2\/media\/13297"}],"wp:attachment":[{"href":"https:\/\/www.skolamichael.cz\/en\/wp-json\/wp\/v2\/media?parent=13277"}],"wp:term":[{"taxonomy":"category","embeddable":true,"href":"https:\/\/www.skolamichael.cz\/en\/wp-json\/wp\/v2\/categories?post=13277"},{"taxonomy":"post_tag","embeddable":true,"href":"https:\/\/www.skolamichael.cz\/en\/wp-json\/wp\/v2\/tags?post=13277"}],"curies":[{"name":"wp","href":"https:\/\/api.w.org\/{rel}","templated":true}]}}