{"id":13818,"date":"2024-08-27T13:45:04","date_gmt":"2024-08-27T11:45:04","guid":{"rendered":"https:\/\/www.skolamichael.cz\/?p=13818"},"modified":"2024-09-18T09:45:30","modified_gmt":"2024-09-18T07:45:30","slug":"celovecerni-film-naseho-absolventa-z-akademie-michael","status":"publish","type":"post","link":"https:\/\/www.skolamichael.cz\/en\/aktualne\/celovecerni-film-naseho-absolventa-z-akademie-michael\/","title":{"rendered":"Celove\u010dern\u00ed film na\u0161eho absolventa VO\u0160 Akademie Michael"},"content":{"rendered":"<div class=\"xdj266r x11i5rnm xat24cr x1mh8g0r x1vvkbs x126k92a\">\n<div dir=\"auto\">Je n\u00e1m velkou ct\u00ed, \u017ee V\u00e1m m\u016f\u017eeme ozn\u00e1mit historick\u00fd \u00fasp\u011bch, kter\u00fdm je celove\u010dern\u00ed film absolventa na\u0161\u00ed \u0161koly.<\/div>\n<\/div>\n<div class=\"x11i5rnm xat24cr x1mh8g0r x1vvkbs xtlvy1s x126k92a\">\n<div dir=\"auto\"><\/div>\n<div dir=\"auto\"><strong>N\u00e1\u0161 absolvent VO\u0160 Akademie Michael, Dominik Kalivoda, nato\u010dil sv\u016fj debutov\u00fd celove\u010dern\u00ed film, kter\u00fd se jmenuje Velk\u00fd fin\u00e1le PSO<\/strong> a m\u011bl sv\u011btovou premi\u00e9ru na filmov\u00e9m festivalu ve Zl\u00edn\u011b. Byl uveden jako zahajovac\u00ed film, co\u017e je nev\u00eddan\u00e1 pocta.<\/div>\n<div dir=\"auto\"><\/div>\n<div dir=\"auto\">Film vznikl v produkci <strong>Analog Vision<\/strong>, za kterou stoj\u00ed n\u00e1\u0161 pedagog a producent Michal Kr\u00e1\u010dmer. Film vznikl takt\u00e9\u017e v koprodukci s \u010ceskou televiz\u00ed a \u0159ad\u00ed se k nejdra\u017e\u0161\u00edm dokument\u00e1rn\u00edm film\u016fm v \u010desk\u00e9 kinematografii.<\/div>\n<div dir=\"auto\">Do kinodistribuce film p\u016fjde <strong>29. 8. 2024.<\/strong><\/div>\n<\/div>\n<div class=\"x11i5rnm xat24cr x1mh8g0r x1vvkbs xtlvy1s x126k92a\">\n<div dir=\"auto\"><\/div>\n<div dir=\"auto\">Dominikovi Kalivodovi t\u00edmto za celou st\u0159edn\u00ed \u0161kolu a Akademii Michael gratulujeme k velk\u00e9mu \u00fasp\u011bchu! Jsme na n\u011bj velice py\u0161n\u00ed.<\/div>\n<\/div>\n<div dir=\"auto\"><\/div>\n<div dir=\"auto\"><\/div>\n<div dir=\"auto\"><a href=\"https:\/\/www.skolamichael.cz\/wp-content\/uploads\/2024\/08\/16_Zvlastni-oceneni-prezidenta-ZFF-pro-Velky-finale-PSO_foto-Luisa-Prokopova.jpg\"><img loading=\"lazy\" decoding=\"async\" class=\"alignnone wp-image-13827 size-full\" src=\"https:\/\/www.skolamichael.cz\/wp-content\/uploads\/2024\/08\/16_Zvlastni-oceneni-prezidenta-ZFF-pro-Velky-finale-PSO_foto-Luisa-Prokopova.jpg\" alt=\"\" width=\"1620\" height=\"1080\" srcset=\"https:\/\/www.skolamichael.cz\/wp-content\/uploads\/2024\/08\/16_Zvlastni-oceneni-prezidenta-ZFF-pro-Velky-finale-PSO_foto-Luisa-Prokopova.jpg 1620w, https:\/\/www.skolamichael.cz\/wp-content\/uploads\/2024\/08\/16_Zvlastni-oceneni-prezidenta-ZFF-pro-Velky-finale-PSO_foto-Luisa-Prokopova-300x200.jpg 300w, https:\/\/www.skolamichael.cz\/wp-content\/uploads\/2024\/08\/16_Zvlastni-oceneni-prezidenta-ZFF-pro-Velky-finale-PSO_foto-Luisa-Prokopova-1024x683.jpg 1024w\" sizes=\"auto, (max-width: 1620px) 100vw, 1620px\" \/><\/a><\/div>\n<div dir=\"auto\"><\/div>\n<div dir=\"auto\"><\/div>\n<div class=\"x11i5rnm xat24cr x1mh8g0r x1vvkbs xtlvy1s x126k92a\">\n<div dir=\"auto\"><a href=\"https:\/\/www.skolamichael.cz\/wp-content\/uploads\/2024\/08\/01_Velky-finale-PSO-na-Zlin-Film-Festivalu_foto-Eliska-Palhounova.jpg\"><img loading=\"lazy\" decoding=\"async\" class=\"alignnone wp-image-13823 size-full\" src=\"https:\/\/www.skolamichael.cz\/wp-content\/uploads\/2024\/08\/01_Velky-finale-PSO-na-Zlin-Film-Festivalu_foto-Eliska-Palhounova.jpg\" alt=\"\" width=\"1620\" height=\"1080\" srcset=\"https:\/\/www.skolamichael.cz\/wp-content\/uploads\/2024\/08\/01_Velky-finale-PSO-na-Zlin-Film-Festivalu_foto-Eliska-Palhounova.jpg 1620w, https:\/\/www.skolamichael.cz\/wp-content\/uploads\/2024\/08\/01_Velky-finale-PSO-na-Zlin-Film-Festivalu_foto-Eliska-Palhounova-300x200.jpg 300w, https:\/\/www.skolamichael.cz\/wp-content\/uploads\/2024\/08\/01_Velky-finale-PSO-na-Zlin-Film-Festivalu_foto-Eliska-Palhounova-1024x683.jpg 1024w\" sizes=\"auto, (max-width: 1620px) 100vw, 1620px\" \/><\/a><\/div>\n<\/div>\n<div dir=\"auto\"><\/div>\n<div dir=\"auto\"><\/div>\n<div class=\"x11i5rnm xat24cr x1mh8g0r x1vvkbs xtlvy1s x126k92a\">\n<div dir=\"auto\"><a href=\"https:\/\/www.skolamichael.cz\/wp-content\/uploads\/2024\/08\/06_Velky-finale-PSO-na-Zlin-Film-Festivalu_foto-Eliska-Palhounova.jpg\"><img loading=\"lazy\" decoding=\"async\" class=\"alignnone wp-image-13825 size-full\" src=\"https:\/\/www.skolamichael.cz\/wp-content\/uploads\/2024\/08\/06_Velky-finale-PSO-na-Zlin-Film-Festivalu_foto-Eliska-Palhounova.jpg\" alt=\"\" width=\"1620\" height=\"1080\" srcset=\"https:\/\/www.skolamichael.cz\/wp-content\/uploads\/2024\/08\/06_Velky-finale-PSO-na-Zlin-Film-Festivalu_foto-Eliska-Palhounova.jpg 1620w, https:\/\/www.skolamichael.cz\/wp-content\/uploads\/2024\/08\/06_Velky-finale-PSO-na-Zlin-Film-Festivalu_foto-Eliska-Palhounova-300x200.jpg 300w, https:\/\/www.skolamichael.cz\/wp-content\/uploads\/2024\/08\/06_Velky-finale-PSO-na-Zlin-Film-Festivalu_foto-Eliska-Palhounova-1024x683.jpg 1024w\" sizes=\"auto, (max-width: 1620px) 100vw, 1620px\" \/><\/a><\/div>\n<\/div>\n<div dir=\"auto\"><\/div>\n<div dir=\"auto\"><\/div>\n<div class=\"x11i5rnm xat24cr x1mh8g0r x1vvkbs xtlvy1s x126k92a\">\n<div dir=\"auto\"><a href=\"https:\/\/www.skolamichael.cz\/wp-content\/uploads\/2024\/08\/08_PSO_Oslavy-Police-770_foto-Michal-Bares.jpg\"><img loading=\"lazy\" decoding=\"async\" class=\"alignnone wp-image-13829 size-full\" src=\"https:\/\/www.skolamichael.cz\/wp-content\/uploads\/2024\/08\/08_PSO_Oslavy-Police-770_foto-Michal-Bares.jpg\" alt=\"\" width=\"1200\" height=\"800\" srcset=\"https:\/\/www.skolamichael.cz\/wp-content\/uploads\/2024\/08\/08_PSO_Oslavy-Police-770_foto-Michal-Bares.jpg 1200w, https:\/\/www.skolamichael.cz\/wp-content\/uploads\/2024\/08\/08_PSO_Oslavy-Police-770_foto-Michal-Bares-300x200.jpg 300w, https:\/\/www.skolamichael.cz\/wp-content\/uploads\/2024\/08\/08_PSO_Oslavy-Police-770_foto-Michal-Bares-1024x683.jpg 1024w\" sizes=\"auto, (max-width: 1200px) 100vw, 1200px\" \/><\/a><\/div>\n<div dir=\"auto\"><\/div>\n<div dir=\"auto\"><a href=\"https:\/\/www.skolamichael.cz\/wp-content\/uploads\/2024\/08\/05_Police-Symphony-Orchestra_enteria-arena-Pardubice-27.1.2024_foto-Martin-Kabrt.jpg\"><img loading=\"lazy\" decoding=\"async\" class=\"alignnone wp-image-13821 size-full\" src=\"https:\/\/www.skolamichael.cz\/wp-content\/uploads\/2024\/08\/05_Police-Symphony-Orchestra_enteria-arena-Pardubice-27.1.2024_foto-Martin-Kabrt.jpg\" alt=\"\" width=\"1620\" height=\"1080\" srcset=\"https:\/\/www.skolamichael.cz\/wp-content\/uploads\/2024\/08\/05_Police-Symphony-Orchestra_enteria-arena-Pardubice-27.1.2024_foto-Martin-Kabrt.jpg 1620w, https:\/\/www.skolamichael.cz\/wp-content\/uploads\/2024\/08\/05_Police-Symphony-Orchestra_enteria-arena-Pardubice-27.1.2024_foto-Martin-Kabrt-300x200.jpg 300w, https:\/\/www.skolamichael.cz\/wp-content\/uploads\/2024\/08\/05_Police-Symphony-Orchestra_enteria-arena-Pardubice-27.1.2024_foto-Martin-Kabrt-1024x683.jpg 1024w\" sizes=\"auto, (max-width: 1620px) 100vw, 1620px\" \/><\/a><\/div>\n<\/div>\n","protected":false},"excerpt":{"rendered":"<p>Je n\u00e1m velkou ct\u00ed, \u017ee V\u00e1m m\u016f\u017eeme ozn\u00e1mit historick\u00fd \u00fasp\u011bch, kter\u00fdm je celove\u010dern\u00ed film absolventa na\u0161\u00ed \u0161koly. N\u00e1\u0161 absolvent VO\u0160 Akademie Michael, Dominik Kalivoda, nato\u010dil sv\u016fj debutov\u00fd celove\u010dern\u00ed film, kter\u00fd se jmenuje Velk\u00fd fin\u00e1le PSO a m\u011bl sv\u011btovou premi\u00e9ru na filmov\u00e9m festivalu ve Zl\u00edn\u011b. Byl uveden jako zahajovac\u00ed film, co\u017e je nev\u00eddan\u00e1 pocta. Film vznikl [&hellip;]<\/p>\n","protected":false},"author":19,"featured_media":13819,"comment_status":"closed","ping_status":"open","sticky":false,"template":"","format":"standard","meta":{"_acf_changed":false,"footnotes":""},"categories":[3],"tags":[],"class_list":["post-13818","post","type-post","status-publish","format-standard","has-post-thumbnail","hentry","category-aktualne"],"acf":[],"yoast_head":"<!-- This site is optimized with the Yoast SEO plugin v27.4 - https:\/\/yoast.com\/product\/yoast-seo-wordpress\/ -->\n<title>Celove\u010dern\u00ed film na\u0161eho absolventa VO\u0160 Akademie Michael | MICHAEL<\/title>\n<meta name=\"robots\" content=\"index, follow, max-snippet:-1, max-image-preview:large, max-video-preview:-1\" \/>\n<link rel=\"canonical\" href=\"https:\/\/www.skolamichael.cz\/en\/aktualne\/celovecerni-film-naseho-absolventa-z-akademie-michael\/\" \/>\n<meta property=\"og:locale\" content=\"en_US\" \/>\n<meta property=\"og:type\" content=\"article\" \/>\n<meta property=\"og:title\" content=\"Celove\u010dern\u00ed film na\u0161eho absolventa VO\u0160 Akademie Michael | MICHAEL\" \/>\n<meta property=\"og:description\" content=\"Je n\u00e1m velkou ct\u00ed, \u017ee V\u00e1m m\u016f\u017eeme ozn\u00e1mit historick\u00fd \u00fasp\u011bch, kter\u00fdm je celove\u010dern\u00ed film absolventa na\u0161\u00ed \u0161koly. N\u00e1\u0161 absolvent VO\u0160 Akademie Michael, Dominik Kalivoda, nato\u010dil sv\u016fj debutov\u00fd celove\u010dern\u00ed film, kter\u00fd se jmenuje Velk\u00fd fin\u00e1le PSO a m\u011bl sv\u011btovou premi\u00e9ru na filmov\u00e9m festivalu ve Zl\u00edn\u011b. Byl uveden jako zahajovac\u00ed film, co\u017e je nev\u00eddan\u00e1 pocta. Film vznikl [&hellip;]\" \/>\n<meta property=\"og:url\" content=\"https:\/\/www.skolamichael.cz\/en\/aktualne\/celovecerni-film-naseho-absolventa-z-akademie-michael\/\" \/>\n<meta property=\"og:site_name\" content=\"MICHAEL\" \/>\n<meta property=\"article:publisher\" content=\"http:\/\/www.facebook.com\/skolamichael\" \/>\n<meta property=\"article:published_time\" content=\"2024-08-27T11:45:04+00:00\" \/>\n<meta property=\"article:modified_time\" content=\"2024-09-18T07:45:30+00:00\" \/>\n<meta property=\"og:image\" content=\"https:\/\/www.skolamichael.cz\/wp-content\/uploads\/2024\/08\/PSO-ss.jpg\" \/>\n\t<meta property=\"og:image:width\" content=\"1080\" \/>\n\t<meta property=\"og:image:height\" content=\"1080\" \/>\n\t<meta property=\"og:image:type\" content=\"image\/jpeg\" \/>\n<meta name=\"author\" content=\"Isabel Magdic\" \/>\n<meta name=\"twitter:card\" content=\"summary_large_image\" \/>\n<meta name=\"twitter:label1\" content=\"Written by\" \/>\n\t<meta name=\"twitter:data1\" content=\"Isabel Magdic\" \/>\n\t<meta name=\"twitter:label2\" content=\"Est. reading time\" \/>\n\t<meta name=\"twitter:data2\" content=\"1 minute\" \/>\n<script type=\"application\/ld+json\" class=\"yoast-schema-graph\">{\"@context\":\"https:\\\/\\\/schema.org\",\"@graph\":[{\"@type\":\"Article\",\"@id\":\"https:\\\/\\\/www.skolamichael.cz\\\/en\\\/aktualne\\\/celovecerni-film-naseho-absolventa-z-akademie-michael\\\/#article\",\"isPartOf\":{\"@id\":\"https:\\\/\\\/www.skolamichael.cz\\\/en\\\/aktualne\\\/celovecerni-film-naseho-absolventa-z-akademie-michael\\\/\"},\"author\":{\"name\":\"Isabel Magdic\",\"@id\":\"https:\\\/\\\/www.skolamichael.cz\\\/en\\\/#\\\/schema\\\/person\\\/558cacac09baabcf878965ff60722247\"},\"headline\":\"Celove\u010dern\u00ed film na\u0161eho absolventa VO\u0160 Akademie Michael\",\"datePublished\":\"2024-08-27T11:45:04+00:00\",\"dateModified\":\"2024-09-18T07:45:30+00:00\",\"mainEntityOfPage\":{\"@id\":\"https:\\\/\\\/www.skolamichael.cz\\\/en\\\/aktualne\\\/celovecerni-film-naseho-absolventa-z-akademie-michael\\\/\"},\"wordCount\":147,\"publisher\":{\"@id\":\"https:\\\/\\\/www.skolamichael.cz\\\/en\\\/#organization\"},\"image\":{\"@id\":\"https:\\\/\\\/www.skolamichael.cz\\\/en\\\/aktualne\\\/celovecerni-film-naseho-absolventa-z-akademie-michael\\\/#primaryimage\"},\"thumbnailUrl\":\"https:\\\/\\\/www.skolamichael.cz\\\/wp-content\\\/uploads\\\/2024\\\/08\\\/PSO-ss.jpg\",\"articleSection\":[\"Aktuality\"],\"inLanguage\":\"en-US\"},{\"@type\":\"WebPage\",\"@id\":\"https:\\\/\\\/www.skolamichael.cz\\\/en\\\/aktualne\\\/celovecerni-film-naseho-absolventa-z-akademie-michael\\\/\",\"url\":\"https:\\\/\\\/www.skolamichael.cz\\\/en\\\/aktualne\\\/celovecerni-film-naseho-absolventa-z-akademie-michael\\\/\",\"name\":\"Celove\u010dern\u00ed film na\u0161eho absolventa VO\u0160 Akademie Michael | MICHAEL\",\"isPartOf\":{\"@id\":\"https:\\\/\\\/www.skolamichael.cz\\\/en\\\/#website\"},\"primaryImageOfPage\":{\"@id\":\"https:\\\/\\\/www.skolamichael.cz\\\/en\\\/aktualne\\\/celovecerni-film-naseho-absolventa-z-akademie-michael\\\/#primaryimage\"},\"image\":{\"@id\":\"https:\\\/\\\/www.skolamichael.cz\\\/en\\\/aktualne\\\/celovecerni-film-naseho-absolventa-z-akademie-michael\\\/#primaryimage\"},\"thumbnailUrl\":\"https:\\\/\\\/www.skolamichael.cz\\\/wp-content\\\/uploads\\\/2024\\\/08\\\/PSO-ss.jpg\",\"datePublished\":\"2024-08-27T11:45:04+00:00\",\"dateModified\":\"2024-09-18T07:45:30+00:00\",\"breadcrumb\":{\"@id\":\"https:\\\/\\\/www.skolamichael.cz\\\/en\\\/aktualne\\\/celovecerni-film-naseho-absolventa-z-akademie-michael\\\/#breadcrumb\"},\"inLanguage\":\"en-US\",\"potentialAction\":[{\"@type\":\"ReadAction\",\"target\":[\"https:\\\/\\\/www.skolamichael.cz\\\/en\\\/aktualne\\\/celovecerni-film-naseho-absolventa-z-akademie-michael\\\/\"]}]},{\"@type\":\"ImageObject\",\"inLanguage\":\"en-US\",\"@id\":\"https:\\\/\\\/www.skolamichael.cz\\\/en\\\/aktualne\\\/celovecerni-film-naseho-absolventa-z-akademie-michael\\\/#primaryimage\",\"url\":\"https:\\\/\\\/www.skolamichael.cz\\\/wp-content\\\/uploads\\\/2024\\\/08\\\/PSO-ss.jpg\",\"contentUrl\":\"https:\\\/\\\/www.skolamichael.cz\\\/wp-content\\\/uploads\\\/2024\\\/08\\\/PSO-ss.jpg\",\"width\":1080,\"height\":1080},{\"@type\":\"BreadcrumbList\",\"@id\":\"https:\\\/\\\/www.skolamichael.cz\\\/en\\\/aktualne\\\/celovecerni-film-naseho-absolventa-z-akademie-michael\\\/#breadcrumb\",\"itemListElement\":[{\"@type\":\"ListItem\",\"position\":1,\"name\":\"Dom\u016f\",\"item\":\"https:\\\/\\\/www.skolamichael.cz\\\/en\\\/\"},{\"@type\":\"ListItem\",\"position\":2,\"name\":\"Celove\u010dern\u00ed film na\u0161eho absolventa VO\u0160 Akademie Michael\"}]},{\"@type\":\"WebSite\",\"@id\":\"https:\\\/\\\/www.skolamichael.cz\\\/en\\\/#website\",\"url\":\"https:\\\/\\\/www.skolamichael.cz\\\/en\\\/\",\"name\":\"MICHAEL\",\"description\":\"St\u0159edn\u00ed \u0161kola, Gymn\u00e1zium a Vy\u0161\u0161\u00ed odborn\u00e1 \u0161kola\",\"publisher\":{\"@id\":\"https:\\\/\\\/www.skolamichael.cz\\\/en\\\/#organization\"},\"alternateName\":\"St\u0159edn\u00ed \u0161kola, Gymn\u00e1zium a Vy\u0161\u0161\u00ed odborn\u00e1 \u0161kola\",\"potentialAction\":[{\"@type\":\"SearchAction\",\"target\":{\"@type\":\"EntryPoint\",\"urlTemplate\":\"https:\\\/\\\/www.skolamichael.cz\\\/en\\\/?s={search_term_string}\"},\"query-input\":{\"@type\":\"PropertyValueSpecification\",\"valueRequired\":true,\"valueName\":\"search_term_string\"}}],\"inLanguage\":\"en-US\"},{\"@type\":\"Organization\",\"@id\":\"https:\\\/\\\/www.skolamichael.cz\\\/en\\\/#organization\",\"name\":\"Michael \u2013 St\u0159edn\u00ed \u0161kola, Gymn\u00e1zium a Vy\u0161\u0161\u00ed odborn\u00e1 \u0161kola, s.r.o.\",\"url\":\"https:\\\/\\\/www.skolamichael.cz\\\/en\\\/\",\"logo\":{\"@type\":\"ImageObject\",\"inLanguage\":\"en-US\",\"@id\":\"https:\\\/\\\/www.skolamichael.cz\\\/en\\\/#\\\/schema\\\/logo\\\/image\\\/\",\"url\":\"https:\\\/\\\/www.skolamichael.cz\\\/wp-content\\\/uploads\\\/2019\\\/03\\\/logo_michael_final_ctverec1-1.jpg\",\"contentUrl\":\"https:\\\/\\\/www.skolamichael.cz\\\/wp-content\\\/uploads\\\/2019\\\/03\\\/logo_michael_final_ctverec1-1.jpg\",\"width\":400,\"height\":400,\"caption\":\"Michael \u2013 St\u0159edn\u00ed \u0161kola, Gymn\u00e1zium a Vy\u0161\u0161\u00ed odborn\u00e1 \u0161kola, s.r.o.\"},\"image\":{\"@id\":\"https:\\\/\\\/www.skolamichael.cz\\\/en\\\/#\\\/schema\\\/logo\\\/image\\\/\"},\"sameAs\":[\"http:\\\/\\\/www.facebook.com\\\/skolamichael\",\"https:\\\/\\\/www.instagram.com\\\/skola_michael\\\/\"]},{\"@type\":\"Person\",\"@id\":\"https:\\\/\\\/www.skolamichael.cz\\\/en\\\/#\\\/schema\\\/person\\\/558cacac09baabcf878965ff60722247\",\"name\":\"Isabel Magdic\",\"image\":{\"@type\":\"ImageObject\",\"inLanguage\":\"en-US\",\"@id\":\"https:\\\/\\\/secure.gravatar.com\\\/avatar\\\/ec7f59705dc51a1ab5a45963ebbb1c80bd7f0d7654cacdc50c2bc953d397331d?s=96&d=mm&r=g\",\"url\":\"https:\\\/\\\/secure.gravatar.com\\\/avatar\\\/ec7f59705dc51a1ab5a45963ebbb1c80bd7f0d7654cacdc50c2bc953d397331d?s=96&d=mm&r=g\",\"contentUrl\":\"https:\\\/\\\/secure.gravatar.com\\\/avatar\\\/ec7f59705dc51a1ab5a45963ebbb1c80bd7f0d7654cacdc50c2bc953d397331d?s=96&d=mm&r=g\",\"caption\":\"Isabel Magdic\"},\"url\":\"https:\\\/\\\/www.skolamichael.cz\\\/en\\\/author\\\/imagdic\\\/\"}]}<\/script>\n<!-- \/ Yoast SEO plugin. -->","yoast_head_json":{"title":"Celove\u010dern\u00ed film na\u0161eho absolventa VO\u0160 Akademie Michael | MICHAEL","robots":{"index":"index","follow":"follow","max-snippet":"max-snippet:-1","max-image-preview":"max-image-preview:large","max-video-preview":"max-video-preview:-1"},"canonical":"https:\/\/www.skolamichael.cz\/en\/aktualne\/celovecerni-film-naseho-absolventa-z-akademie-michael\/","og_locale":"en_US","og_type":"article","og_title":"Celove\u010dern\u00ed film na\u0161eho absolventa VO\u0160 Akademie Michael | MICHAEL","og_description":"Je n\u00e1m velkou ct\u00ed, \u017ee V\u00e1m m\u016f\u017eeme ozn\u00e1mit historick\u00fd \u00fasp\u011bch, kter\u00fdm je celove\u010dern\u00ed film absolventa na\u0161\u00ed \u0161koly. N\u00e1\u0161 absolvent VO\u0160 Akademie Michael, Dominik Kalivoda, nato\u010dil sv\u016fj debutov\u00fd celove\u010dern\u00ed film, kter\u00fd se jmenuje Velk\u00fd fin\u00e1le PSO a m\u011bl sv\u011btovou premi\u00e9ru na filmov\u00e9m festivalu ve Zl\u00edn\u011b. Byl uveden jako zahajovac\u00ed film, co\u017e je nev\u00eddan\u00e1 pocta. Film vznikl [&hellip;]","og_url":"https:\/\/www.skolamichael.cz\/en\/aktualne\/celovecerni-film-naseho-absolventa-z-akademie-michael\/","og_site_name":"MICHAEL","article_publisher":"http:\/\/www.facebook.com\/skolamichael","article_published_time":"2024-08-27T11:45:04+00:00","article_modified_time":"2024-09-18T07:45:30+00:00","og_image":[{"width":1080,"height":1080,"url":"https:\/\/www.skolamichael.cz\/wp-content\/uploads\/2024\/08\/PSO-ss.jpg","type":"image\/jpeg"}],"author":"Isabel Magdic","twitter_card":"summary_large_image","twitter_misc":{"Written by":"Isabel Magdic","Est. reading time":"1 minute"},"schema":{"@context":"https:\/\/schema.org","@graph":[{"@type":"Article","@id":"https:\/\/www.skolamichael.cz\/en\/aktualne\/celovecerni-film-naseho-absolventa-z-akademie-michael\/#article","isPartOf":{"@id":"https:\/\/www.skolamichael.cz\/en\/aktualne\/celovecerni-film-naseho-absolventa-z-akademie-michael\/"},"author":{"name":"Isabel Magdic","@id":"https:\/\/www.skolamichael.cz\/en\/#\/schema\/person\/558cacac09baabcf878965ff60722247"},"headline":"Celove\u010dern\u00ed film na\u0161eho absolventa VO\u0160 Akademie Michael","datePublished":"2024-08-27T11:45:04+00:00","dateModified":"2024-09-18T07:45:30+00:00","mainEntityOfPage":{"@id":"https:\/\/www.skolamichael.cz\/en\/aktualne\/celovecerni-film-naseho-absolventa-z-akademie-michael\/"},"wordCount":147,"publisher":{"@id":"https:\/\/www.skolamichael.cz\/en\/#organization"},"image":{"@id":"https:\/\/www.skolamichael.cz\/en\/aktualne\/celovecerni-film-naseho-absolventa-z-akademie-michael\/#primaryimage"},"thumbnailUrl":"https:\/\/www.skolamichael.cz\/wp-content\/uploads\/2024\/08\/PSO-ss.jpg","articleSection":["Aktuality"],"inLanguage":"en-US"},{"@type":"WebPage","@id":"https:\/\/www.skolamichael.cz\/en\/aktualne\/celovecerni-film-naseho-absolventa-z-akademie-michael\/","url":"https:\/\/www.skolamichael.cz\/en\/aktualne\/celovecerni-film-naseho-absolventa-z-akademie-michael\/","name":"Celove\u010dern\u00ed film na\u0161eho absolventa VO\u0160 Akademie Michael | MICHAEL","isPartOf":{"@id":"https:\/\/www.skolamichael.cz\/en\/#website"},"primaryImageOfPage":{"@id":"https:\/\/www.skolamichael.cz\/en\/aktualne\/celovecerni-film-naseho-absolventa-z-akademie-michael\/#primaryimage"},"image":{"@id":"https:\/\/www.skolamichael.cz\/en\/aktualne\/celovecerni-film-naseho-absolventa-z-akademie-michael\/#primaryimage"},"thumbnailUrl":"https:\/\/www.skolamichael.cz\/wp-content\/uploads\/2024\/08\/PSO-ss.jpg","datePublished":"2024-08-27T11:45:04+00:00","dateModified":"2024-09-18T07:45:30+00:00","breadcrumb":{"@id":"https:\/\/www.skolamichael.cz\/en\/aktualne\/celovecerni-film-naseho-absolventa-z-akademie-michael\/#breadcrumb"},"inLanguage":"en-US","potentialAction":[{"@type":"ReadAction","target":["https:\/\/www.skolamichael.cz\/en\/aktualne\/celovecerni-film-naseho-absolventa-z-akademie-michael\/"]}]},{"@type":"ImageObject","inLanguage":"en-US","@id":"https:\/\/www.skolamichael.cz\/en\/aktualne\/celovecerni-film-naseho-absolventa-z-akademie-michael\/#primaryimage","url":"https:\/\/www.skolamichael.cz\/wp-content\/uploads\/2024\/08\/PSO-ss.jpg","contentUrl":"https:\/\/www.skolamichael.cz\/wp-content\/uploads\/2024\/08\/PSO-ss.jpg","width":1080,"height":1080},{"@type":"BreadcrumbList","@id":"https:\/\/www.skolamichael.cz\/en\/aktualne\/celovecerni-film-naseho-absolventa-z-akademie-michael\/#breadcrumb","itemListElement":[{"@type":"ListItem","position":1,"name":"Dom\u016f","item":"https:\/\/www.skolamichael.cz\/en\/"},{"@type":"ListItem","position":2,"name":"Celove\u010dern\u00ed film na\u0161eho absolventa VO\u0160 Akademie Michael"}]},{"@type":"WebSite","@id":"https:\/\/www.skolamichael.cz\/en\/#website","url":"https:\/\/www.skolamichael.cz\/en\/","name":"MICHAEL","description":"St\u0159edn\u00ed \u0161kola, Gymn\u00e1zium a Vy\u0161\u0161\u00ed odborn\u00e1 \u0161kola","publisher":{"@id":"https:\/\/www.skolamichael.cz\/en\/#organization"},"alternateName":"St\u0159edn\u00ed \u0161kola, Gymn\u00e1zium a Vy\u0161\u0161\u00ed odborn\u00e1 \u0161kola","potentialAction":[{"@type":"SearchAction","target":{"@type":"EntryPoint","urlTemplate":"https:\/\/www.skolamichael.cz\/en\/?s={search_term_string}"},"query-input":{"@type":"PropertyValueSpecification","valueRequired":true,"valueName":"search_term_string"}}],"inLanguage":"en-US"},{"@type":"Organization","@id":"https:\/\/www.skolamichael.cz\/en\/#organization","name":"Michael \u2013 St\u0159edn\u00ed \u0161kola, Gymn\u00e1zium a Vy\u0161\u0161\u00ed odborn\u00e1 \u0161kola, s.r.o.","url":"https:\/\/www.skolamichael.cz\/en\/","logo":{"@type":"ImageObject","inLanguage":"en-US","@id":"https:\/\/www.skolamichael.cz\/en\/#\/schema\/logo\/image\/","url":"https:\/\/www.skolamichael.cz\/wp-content\/uploads\/2019\/03\/logo_michael_final_ctverec1-1.jpg","contentUrl":"https:\/\/www.skolamichael.cz\/wp-content\/uploads\/2019\/03\/logo_michael_final_ctverec1-1.jpg","width":400,"height":400,"caption":"Michael \u2013 St\u0159edn\u00ed \u0161kola, Gymn\u00e1zium a Vy\u0161\u0161\u00ed odborn\u00e1 \u0161kola, s.r.o."},"image":{"@id":"https:\/\/www.skolamichael.cz\/en\/#\/schema\/logo\/image\/"},"sameAs":["http:\/\/www.facebook.com\/skolamichael","https:\/\/www.instagram.com\/skola_michael\/"]},{"@type":"Person","@id":"https:\/\/www.skolamichael.cz\/en\/#\/schema\/person\/558cacac09baabcf878965ff60722247","name":"Isabel Magdic","image":{"@type":"ImageObject","inLanguage":"en-US","@id":"https:\/\/secure.gravatar.com\/avatar\/ec7f59705dc51a1ab5a45963ebbb1c80bd7f0d7654cacdc50c2bc953d397331d?s=96&d=mm&r=g","url":"https:\/\/secure.gravatar.com\/avatar\/ec7f59705dc51a1ab5a45963ebbb1c80bd7f0d7654cacdc50c2bc953d397331d?s=96&d=mm&r=g","contentUrl":"https:\/\/secure.gravatar.com\/avatar\/ec7f59705dc51a1ab5a45963ebbb1c80bd7f0d7654cacdc50c2bc953d397331d?s=96&d=mm&r=g","caption":"Isabel Magdic"},"url":"https:\/\/www.skolamichael.cz\/en\/author\/imagdic\/"}]}},"_links":{"self":[{"href":"https:\/\/www.skolamichael.cz\/en\/wp-json\/wp\/v2\/posts\/13818","targetHints":{"allow":["GET"]}}],"collection":[{"href":"https:\/\/www.skolamichael.cz\/en\/wp-json\/wp\/v2\/posts"}],"about":[{"href":"https:\/\/www.skolamichael.cz\/en\/wp-json\/wp\/v2\/types\/post"}],"author":[{"embeddable":true,"href":"https:\/\/www.skolamichael.cz\/en\/wp-json\/wp\/v2\/users\/19"}],"replies":[{"embeddable":true,"href":"https:\/\/www.skolamichael.cz\/en\/wp-json\/wp\/v2\/comments?post=13818"}],"version-history":[{"count":7,"href":"https:\/\/www.skolamichael.cz\/en\/wp-json\/wp\/v2\/posts\/13818\/revisions"}],"predecessor-version":[{"id":14099,"href":"https:\/\/www.skolamichael.cz\/en\/wp-json\/wp\/v2\/posts\/13818\/revisions\/14099"}],"wp:featuredmedia":[{"embeddable":true,"href":"https:\/\/www.skolamichael.cz\/en\/wp-json\/wp\/v2\/media\/13819"}],"wp:attachment":[{"href":"https:\/\/www.skolamichael.cz\/en\/wp-json\/wp\/v2\/media?parent=13818"}],"wp:term":[{"taxonomy":"category","embeddable":true,"href":"https:\/\/www.skolamichael.cz\/en\/wp-json\/wp\/v2\/categories?post=13818"},{"taxonomy":"post_tag","embeddable":true,"href":"https:\/\/www.skolamichael.cz\/en\/wp-json\/wp\/v2\/tags?post=13818"}],"curies":[{"name":"wp","href":"https:\/\/api.w.org\/{rel}","templated":true}]}}