{"id":20018,"date":"2025-04-25T11:34:22","date_gmt":"2025-04-25T09:34:22","guid":{"rendered":"https:\/\/www.skolamichael.cz\/?p=20018"},"modified":"2025-04-25T11:34:22","modified_gmt":"2025-04-25T09:34:22","slug":"3-misto-v-oceneni-osobnost-mlade-ceske-fotografie-do-30-let","status":"publish","type":"post","link":"https:\/\/www.skolamichael.cz\/en\/aktualne\/uspechy\/3-misto-v-oceneni-osobnost-mlade-ceske-fotografie-do-30-let\/","title":{"rendered":"3. m\u00edsto v ocen\u011bn\u00ed &#8211; Osobnost mlad\u00e9 \u010desk\u00e9 fotografie do 30 let"},"content":{"rendered":"<p>M\u00e1me velkou radost, \u017ee se s v\u00e1mi m\u016f\u017eeme pod\u011blit o \u00fasp\u011bch na\u0161eho absolventa Marka Kolihy, kter\u00fd z\u00edskal <strong>3. m\u00edsto<\/strong> v kategorii <strong>Osobnost mlad\u00e9 \u010desk\u00e9 fotografie do 30 let pro rok 2024<\/strong>. Gratulujeme!<\/p>\n<p>&nbsp;<\/p>\n<p>Foto: Ond\u0159ej Kalm\u00e1n<\/p>\n<p><a href=\"https:\/\/www.skolamichael.cz\/wp-content\/uploads\/2025\/04\/OK_250414_KM5_6107.jpg\"><img loading=\"lazy\" decoding=\"async\" class=\"size-full wp-image-20024\" src=\"https:\/\/www.skolamichael.cz\/wp-content\/uploads\/2025\/04\/OK_250414_KM5_6107.jpg\" alt=\"\" width=\"1619\" height=\"1080\" srcset=\"https:\/\/www.skolamichael.cz\/wp-content\/uploads\/2025\/04\/OK_250414_KM5_6107.jpg 1619w, https:\/\/www.skolamichael.cz\/wp-content\/uploads\/2025\/04\/OK_250414_KM5_6107-300x200.jpg 300w, https:\/\/www.skolamichael.cz\/wp-content\/uploads\/2025\/04\/OK_250414_KM5_6107-1024x683.jpg 1024w\" sizes=\"auto, (max-width: 1619px) 100vw, 1619px\" \/><\/a><\/p>\n<p><a href=\"https:\/\/www.skolamichael.cz\/wp-content\/uploads\/2025\/04\/OK_250414_KM5_5884.jpg\"><img loading=\"lazy\" decoding=\"async\" class=\"size-full wp-image-20022\" src=\"https:\/\/www.skolamichael.cz\/wp-content\/uploads\/2025\/04\/OK_250414_KM5_5884.jpg\" alt=\"\" width=\"1619\" height=\"1080\" srcset=\"https:\/\/www.skolamichael.cz\/wp-content\/uploads\/2025\/04\/OK_250414_KM5_5884.jpg 1619w, https:\/\/www.skolamichael.cz\/wp-content\/uploads\/2025\/04\/OK_250414_KM5_5884-300x200.jpg 300w, https:\/\/www.skolamichael.cz\/wp-content\/uploads\/2025\/04\/OK_250414_KM5_5884-1024x683.jpg 1024w\" sizes=\"auto, (max-width: 1619px) 100vw, 1619px\" \/><\/a><\/p>\n<p>&nbsp;<\/p>\n","protected":false},"excerpt":{"rendered":"<p>M\u00e1me velkou radost, \u017ee se s v\u00e1mi m\u016f\u017eeme pod\u011blit o \u00fasp\u011bch na\u0161eho absolventa Marka Kolihy, kter\u00fd z\u00edskal 3. m\u00edsto v kategorii Osobnost mlad\u00e9 \u010desk\u00e9 fotografie do 30 let pro rok 2024. Gratulujeme! &nbsp; Foto: Ond\u0159ej Kalm\u00e1n &nbsp;<\/p>\n","protected":false},"author":19,"featured_media":20019,"comment_status":"closed","ping_status":"open","sticky":false,"template":"","format":"standard","meta":{"_acf_changed":false,"footnotes":""},"categories":[15],"tags":[],"class_list":["post-20018","post","type-post","status-publish","format-standard","has-post-thumbnail","hentry","category-uspechy"],"acf":[],"yoast_head":"<!-- This site is optimized with the Yoast SEO plugin v27.4 - https:\/\/yoast.com\/product\/yoast-seo-wordpress\/ -->\n<title>3. m\u00edsto v ocen\u011bn\u00ed &#8211; Osobnost mlad\u00e9 \u010desk\u00e9 fotografie do 30 let | MICHAEL<\/title>\n<meta name=\"robots\" content=\"index, follow, max-snippet:-1, max-image-preview:large, max-video-preview:-1\" \/>\n<link rel=\"canonical\" href=\"https:\/\/www.skolamichael.cz\/en\/aktualne\/uspechy\/3-misto-v-oceneni-osobnost-mlade-ceske-fotografie-do-30-let\/\" \/>\n<meta property=\"og:locale\" content=\"en_US\" \/>\n<meta property=\"og:type\" content=\"article\" \/>\n<meta property=\"og:title\" content=\"3. m\u00edsto v ocen\u011bn\u00ed &#8211; Osobnost mlad\u00e9 \u010desk\u00e9 fotografie do 30 let | MICHAEL\" \/>\n<meta property=\"og:description\" content=\"M\u00e1me velkou radost, \u017ee se s v\u00e1mi m\u016f\u017eeme pod\u011blit o \u00fasp\u011bch na\u0161eho absolventa Marka Kolihy, kter\u00fd z\u00edskal 3. m\u00edsto v kategorii Osobnost mlad\u00e9 \u010desk\u00e9 fotografie do 30 let pro rok 2024. Gratulujeme! &nbsp; Foto: Ond\u0159ej Kalm\u00e1n &nbsp;\" \/>\n<meta property=\"og:url\" content=\"https:\/\/www.skolamichael.cz\/en\/aktualne\/uspechy\/3-misto-v-oceneni-osobnost-mlade-ceske-fotografie-do-30-let\/\" \/>\n<meta property=\"og:site_name\" content=\"MICHAEL\" \/>\n<meta property=\"article:publisher\" content=\"http:\/\/www.facebook.com\/skolamichael\" \/>\n<meta property=\"article:published_time\" content=\"2025-04-25T09:34:22+00:00\" \/>\n<meta property=\"og:image\" content=\"https:\/\/www.skolamichael.cz\/wp-content\/uploads\/2025\/04\/MK.jpg\" \/>\n\t<meta property=\"og:image:width\" content=\"1080\" \/>\n\t<meta property=\"og:image:height\" content=\"1080\" \/>\n\t<meta property=\"og:image:type\" content=\"image\/jpeg\" \/>\n<meta name=\"author\" content=\"Isabel Magdic\" \/>\n<meta name=\"twitter:card\" content=\"summary_large_image\" \/>\n<meta name=\"twitter:label1\" content=\"Written by\" \/>\n\t<meta name=\"twitter:data1\" content=\"Isabel Magdic\" \/>\n<script type=\"application\/ld+json\" class=\"yoast-schema-graph\">{\"@context\":\"https:\\\/\\\/schema.org\",\"@graph\":[{\"@type\":\"Article\",\"@id\":\"https:\\\/\\\/www.skolamichael.cz\\\/en\\\/aktualne\\\/uspechy\\\/3-misto-v-oceneni-osobnost-mlade-ceske-fotografie-do-30-let\\\/#article\",\"isPartOf\":{\"@id\":\"https:\\\/\\\/www.skolamichael.cz\\\/en\\\/aktualne\\\/uspechy\\\/3-misto-v-oceneni-osobnost-mlade-ceske-fotografie-do-30-let\\\/\"},\"author\":{\"name\":\"Isabel Magdic\",\"@id\":\"https:\\\/\\\/www.skolamichael.cz\\\/en\\\/#\\\/schema\\\/person\\\/558cacac09baabcf878965ff60722247\"},\"headline\":\"3. m\u00edsto v ocen\u011bn\u00ed &#8211; Osobnost mlad\u00e9 \u010desk\u00e9 fotografie do 30 let\",\"datePublished\":\"2025-04-25T09:34:22+00:00\",\"mainEntityOfPage\":{\"@id\":\"https:\\\/\\\/www.skolamichael.cz\\\/en\\\/aktualne\\\/uspechy\\\/3-misto-v-oceneni-osobnost-mlade-ceske-fotografie-do-30-let\\\/\"},\"wordCount\":55,\"publisher\":{\"@id\":\"https:\\\/\\\/www.skolamichael.cz\\\/en\\\/#organization\"},\"image\":{\"@id\":\"https:\\\/\\\/www.skolamichael.cz\\\/en\\\/aktualne\\\/uspechy\\\/3-misto-v-oceneni-osobnost-mlade-ceske-fotografie-do-30-let\\\/#primaryimage\"},\"thumbnailUrl\":\"https:\\\/\\\/www.skolamichael.cz\\\/wp-content\\\/uploads\\\/2025\\\/04\\\/MK.jpg\",\"articleSection\":[\"\u00dasp\u011bchy\"],\"inLanguage\":\"en-US\"},{\"@type\":\"WebPage\",\"@id\":\"https:\\\/\\\/www.skolamichael.cz\\\/en\\\/aktualne\\\/uspechy\\\/3-misto-v-oceneni-osobnost-mlade-ceske-fotografie-do-30-let\\\/\",\"url\":\"https:\\\/\\\/www.skolamichael.cz\\\/en\\\/aktualne\\\/uspechy\\\/3-misto-v-oceneni-osobnost-mlade-ceske-fotografie-do-30-let\\\/\",\"name\":\"3. m\u00edsto v ocen\u011bn\u00ed &#8211; Osobnost mlad\u00e9 \u010desk\u00e9 fotografie do 30 let | MICHAEL\",\"isPartOf\":{\"@id\":\"https:\\\/\\\/www.skolamichael.cz\\\/en\\\/#website\"},\"primaryImageOfPage\":{\"@id\":\"https:\\\/\\\/www.skolamichael.cz\\\/en\\\/aktualne\\\/uspechy\\\/3-misto-v-oceneni-osobnost-mlade-ceske-fotografie-do-30-let\\\/#primaryimage\"},\"image\":{\"@id\":\"https:\\\/\\\/www.skolamichael.cz\\\/en\\\/aktualne\\\/uspechy\\\/3-misto-v-oceneni-osobnost-mlade-ceske-fotografie-do-30-let\\\/#primaryimage\"},\"thumbnailUrl\":\"https:\\\/\\\/www.skolamichael.cz\\\/wp-content\\\/uploads\\\/2025\\\/04\\\/MK.jpg\",\"datePublished\":\"2025-04-25T09:34:22+00:00\",\"breadcrumb\":{\"@id\":\"https:\\\/\\\/www.skolamichael.cz\\\/en\\\/aktualne\\\/uspechy\\\/3-misto-v-oceneni-osobnost-mlade-ceske-fotografie-do-30-let\\\/#breadcrumb\"},\"inLanguage\":\"en-US\",\"potentialAction\":[{\"@type\":\"ReadAction\",\"target\":[\"https:\\\/\\\/www.skolamichael.cz\\\/en\\\/aktualne\\\/uspechy\\\/3-misto-v-oceneni-osobnost-mlade-ceske-fotografie-do-30-let\\\/\"]}]},{\"@type\":\"ImageObject\",\"inLanguage\":\"en-US\",\"@id\":\"https:\\\/\\\/www.skolamichael.cz\\\/en\\\/aktualne\\\/uspechy\\\/3-misto-v-oceneni-osobnost-mlade-ceske-fotografie-do-30-let\\\/#primaryimage\",\"url\":\"https:\\\/\\\/www.skolamichael.cz\\\/wp-content\\\/uploads\\\/2025\\\/04\\\/MK.jpg\",\"contentUrl\":\"https:\\\/\\\/www.skolamichael.cz\\\/wp-content\\\/uploads\\\/2025\\\/04\\\/MK.jpg\",\"width\":1080,\"height\":1080,\"caption\":\"Osobnost \u010desk\u00e9 fotografie 2024, APF\"},{\"@type\":\"BreadcrumbList\",\"@id\":\"https:\\\/\\\/www.skolamichael.cz\\\/en\\\/aktualne\\\/uspechy\\\/3-misto-v-oceneni-osobnost-mlade-ceske-fotografie-do-30-let\\\/#breadcrumb\",\"itemListElement\":[{\"@type\":\"ListItem\",\"position\":1,\"name\":\"Dom\u016f\",\"item\":\"https:\\\/\\\/www.skolamichael.cz\\\/en\\\/\"},{\"@type\":\"ListItem\",\"position\":2,\"name\":\"3. m\u00edsto v ocen\u011bn\u00ed &#8211; Osobnost mlad\u00e9 \u010desk\u00e9 fotografie do 30 let\"}]},{\"@type\":\"WebSite\",\"@id\":\"https:\\\/\\\/www.skolamichael.cz\\\/en\\\/#website\",\"url\":\"https:\\\/\\\/www.skolamichael.cz\\\/en\\\/\",\"name\":\"MICHAEL\",\"description\":\"St\u0159edn\u00ed \u0161kola, Gymn\u00e1zium a Vy\u0161\u0161\u00ed odborn\u00e1 \u0161kola\",\"publisher\":{\"@id\":\"https:\\\/\\\/www.skolamichael.cz\\\/en\\\/#organization\"},\"alternateName\":\"St\u0159edn\u00ed \u0161kola, Gymn\u00e1zium a Vy\u0161\u0161\u00ed odborn\u00e1 \u0161kola\",\"potentialAction\":[{\"@type\":\"SearchAction\",\"target\":{\"@type\":\"EntryPoint\",\"urlTemplate\":\"https:\\\/\\\/www.skolamichael.cz\\\/en\\\/?s={search_term_string}\"},\"query-input\":{\"@type\":\"PropertyValueSpecification\",\"valueRequired\":true,\"valueName\":\"search_term_string\"}}],\"inLanguage\":\"en-US\"},{\"@type\":\"Organization\",\"@id\":\"https:\\\/\\\/www.skolamichael.cz\\\/en\\\/#organization\",\"name\":\"Michael \u2013 St\u0159edn\u00ed \u0161kola, Gymn\u00e1zium a Vy\u0161\u0161\u00ed odborn\u00e1 \u0161kola, s.r.o.\",\"url\":\"https:\\\/\\\/www.skolamichael.cz\\\/en\\\/\",\"logo\":{\"@type\":\"ImageObject\",\"inLanguage\":\"en-US\",\"@id\":\"https:\\\/\\\/www.skolamichael.cz\\\/en\\\/#\\\/schema\\\/logo\\\/image\\\/\",\"url\":\"https:\\\/\\\/www.skolamichael.cz\\\/wp-content\\\/uploads\\\/2019\\\/03\\\/logo_michael_final_ctverec1-1.jpg\",\"contentUrl\":\"https:\\\/\\\/www.skolamichael.cz\\\/wp-content\\\/uploads\\\/2019\\\/03\\\/logo_michael_final_ctverec1-1.jpg\",\"width\":400,\"height\":400,\"caption\":\"Michael \u2013 St\u0159edn\u00ed \u0161kola, Gymn\u00e1zium a Vy\u0161\u0161\u00ed odborn\u00e1 \u0161kola, s.r.o.\"},\"image\":{\"@id\":\"https:\\\/\\\/www.skolamichael.cz\\\/en\\\/#\\\/schema\\\/logo\\\/image\\\/\"},\"sameAs\":[\"http:\\\/\\\/www.facebook.com\\\/skolamichael\",\"https:\\\/\\\/www.instagram.com\\\/skola_michael\\\/\"]},{\"@type\":\"Person\",\"@id\":\"https:\\\/\\\/www.skolamichael.cz\\\/en\\\/#\\\/schema\\\/person\\\/558cacac09baabcf878965ff60722247\",\"name\":\"Isabel Magdic\",\"image\":{\"@type\":\"ImageObject\",\"inLanguage\":\"en-US\",\"@id\":\"https:\\\/\\\/secure.gravatar.com\\\/avatar\\\/ec7f59705dc51a1ab5a45963ebbb1c80bd7f0d7654cacdc50c2bc953d397331d?s=96&d=mm&r=g\",\"url\":\"https:\\\/\\\/secure.gravatar.com\\\/avatar\\\/ec7f59705dc51a1ab5a45963ebbb1c80bd7f0d7654cacdc50c2bc953d397331d?s=96&d=mm&r=g\",\"contentUrl\":\"https:\\\/\\\/secure.gravatar.com\\\/avatar\\\/ec7f59705dc51a1ab5a45963ebbb1c80bd7f0d7654cacdc50c2bc953d397331d?s=96&d=mm&r=g\",\"caption\":\"Isabel Magdic\"},\"url\":\"https:\\\/\\\/www.skolamichael.cz\\\/en\\\/author\\\/imagdic\\\/\"}]}<\/script>\n<!-- \/ Yoast SEO plugin. -->","yoast_head_json":{"title":"3. m\u00edsto v ocen\u011bn\u00ed &#8211; Osobnost mlad\u00e9 \u010desk\u00e9 fotografie do 30 let | MICHAEL","robots":{"index":"index","follow":"follow","max-snippet":"max-snippet:-1","max-image-preview":"max-image-preview:large","max-video-preview":"max-video-preview:-1"},"canonical":"https:\/\/www.skolamichael.cz\/en\/aktualne\/uspechy\/3-misto-v-oceneni-osobnost-mlade-ceske-fotografie-do-30-let\/","og_locale":"en_US","og_type":"article","og_title":"3. m\u00edsto v ocen\u011bn\u00ed &#8211; Osobnost mlad\u00e9 \u010desk\u00e9 fotografie do 30 let | MICHAEL","og_description":"M\u00e1me velkou radost, \u017ee se s v\u00e1mi m\u016f\u017eeme pod\u011blit o \u00fasp\u011bch na\u0161eho absolventa Marka Kolihy, kter\u00fd z\u00edskal 3. m\u00edsto v kategorii Osobnost mlad\u00e9 \u010desk\u00e9 fotografie do 30 let pro rok 2024. Gratulujeme! &nbsp; Foto: Ond\u0159ej Kalm\u00e1n &nbsp;","og_url":"https:\/\/www.skolamichael.cz\/en\/aktualne\/uspechy\/3-misto-v-oceneni-osobnost-mlade-ceske-fotografie-do-30-let\/","og_site_name":"MICHAEL","article_publisher":"http:\/\/www.facebook.com\/skolamichael","article_published_time":"2025-04-25T09:34:22+00:00","og_image":[{"width":1080,"height":1080,"url":"https:\/\/www.skolamichael.cz\/wp-content\/uploads\/2025\/04\/MK.jpg","type":"image\/jpeg"}],"author":"Isabel Magdic","twitter_card":"summary_large_image","twitter_misc":{"Written by":"Isabel Magdic"},"schema":{"@context":"https:\/\/schema.org","@graph":[{"@type":"Article","@id":"https:\/\/www.skolamichael.cz\/en\/aktualne\/uspechy\/3-misto-v-oceneni-osobnost-mlade-ceske-fotografie-do-30-let\/#article","isPartOf":{"@id":"https:\/\/www.skolamichael.cz\/en\/aktualne\/uspechy\/3-misto-v-oceneni-osobnost-mlade-ceske-fotografie-do-30-let\/"},"author":{"name":"Isabel Magdic","@id":"https:\/\/www.skolamichael.cz\/en\/#\/schema\/person\/558cacac09baabcf878965ff60722247"},"headline":"3. m\u00edsto v ocen\u011bn\u00ed &#8211; Osobnost mlad\u00e9 \u010desk\u00e9 fotografie do 30 let","datePublished":"2025-04-25T09:34:22+00:00","mainEntityOfPage":{"@id":"https:\/\/www.skolamichael.cz\/en\/aktualne\/uspechy\/3-misto-v-oceneni-osobnost-mlade-ceske-fotografie-do-30-let\/"},"wordCount":55,"publisher":{"@id":"https:\/\/www.skolamichael.cz\/en\/#organization"},"image":{"@id":"https:\/\/www.skolamichael.cz\/en\/aktualne\/uspechy\/3-misto-v-oceneni-osobnost-mlade-ceske-fotografie-do-30-let\/#primaryimage"},"thumbnailUrl":"https:\/\/www.skolamichael.cz\/wp-content\/uploads\/2025\/04\/MK.jpg","articleSection":["\u00dasp\u011bchy"],"inLanguage":"en-US"},{"@type":"WebPage","@id":"https:\/\/www.skolamichael.cz\/en\/aktualne\/uspechy\/3-misto-v-oceneni-osobnost-mlade-ceske-fotografie-do-30-let\/","url":"https:\/\/www.skolamichael.cz\/en\/aktualne\/uspechy\/3-misto-v-oceneni-osobnost-mlade-ceske-fotografie-do-30-let\/","name":"3. m\u00edsto v ocen\u011bn\u00ed &#8211; Osobnost mlad\u00e9 \u010desk\u00e9 fotografie do 30 let | MICHAEL","isPartOf":{"@id":"https:\/\/www.skolamichael.cz\/en\/#website"},"primaryImageOfPage":{"@id":"https:\/\/www.skolamichael.cz\/en\/aktualne\/uspechy\/3-misto-v-oceneni-osobnost-mlade-ceske-fotografie-do-30-let\/#primaryimage"},"image":{"@id":"https:\/\/www.skolamichael.cz\/en\/aktualne\/uspechy\/3-misto-v-oceneni-osobnost-mlade-ceske-fotografie-do-30-let\/#primaryimage"},"thumbnailUrl":"https:\/\/www.skolamichael.cz\/wp-content\/uploads\/2025\/04\/MK.jpg","datePublished":"2025-04-25T09:34:22+00:00","breadcrumb":{"@id":"https:\/\/www.skolamichael.cz\/en\/aktualne\/uspechy\/3-misto-v-oceneni-osobnost-mlade-ceske-fotografie-do-30-let\/#breadcrumb"},"inLanguage":"en-US","potentialAction":[{"@type":"ReadAction","target":["https:\/\/www.skolamichael.cz\/en\/aktualne\/uspechy\/3-misto-v-oceneni-osobnost-mlade-ceske-fotografie-do-30-let\/"]}]},{"@type":"ImageObject","inLanguage":"en-US","@id":"https:\/\/www.skolamichael.cz\/en\/aktualne\/uspechy\/3-misto-v-oceneni-osobnost-mlade-ceske-fotografie-do-30-let\/#primaryimage","url":"https:\/\/www.skolamichael.cz\/wp-content\/uploads\/2025\/04\/MK.jpg","contentUrl":"https:\/\/www.skolamichael.cz\/wp-content\/uploads\/2025\/04\/MK.jpg","width":1080,"height":1080,"caption":"Osobnost \u010desk\u00e9 fotografie 2024, APF"},{"@type":"BreadcrumbList","@id":"https:\/\/www.skolamichael.cz\/en\/aktualne\/uspechy\/3-misto-v-oceneni-osobnost-mlade-ceske-fotografie-do-30-let\/#breadcrumb","itemListElement":[{"@type":"ListItem","position":1,"name":"Dom\u016f","item":"https:\/\/www.skolamichael.cz\/en\/"},{"@type":"ListItem","position":2,"name":"3. m\u00edsto v ocen\u011bn\u00ed &#8211; Osobnost mlad\u00e9 \u010desk\u00e9 fotografie do 30 let"}]},{"@type":"WebSite","@id":"https:\/\/www.skolamichael.cz\/en\/#website","url":"https:\/\/www.skolamichael.cz\/en\/","name":"MICHAEL","description":"St\u0159edn\u00ed \u0161kola, Gymn\u00e1zium a Vy\u0161\u0161\u00ed odborn\u00e1 \u0161kola","publisher":{"@id":"https:\/\/www.skolamichael.cz\/en\/#organization"},"alternateName":"St\u0159edn\u00ed \u0161kola, Gymn\u00e1zium a Vy\u0161\u0161\u00ed odborn\u00e1 \u0161kola","potentialAction":[{"@type":"SearchAction","target":{"@type":"EntryPoint","urlTemplate":"https:\/\/www.skolamichael.cz\/en\/?s={search_term_string}"},"query-input":{"@type":"PropertyValueSpecification","valueRequired":true,"valueName":"search_term_string"}}],"inLanguage":"en-US"},{"@type":"Organization","@id":"https:\/\/www.skolamichael.cz\/en\/#organization","name":"Michael \u2013 St\u0159edn\u00ed \u0161kola, Gymn\u00e1zium a Vy\u0161\u0161\u00ed odborn\u00e1 \u0161kola, s.r.o.","url":"https:\/\/www.skolamichael.cz\/en\/","logo":{"@type":"ImageObject","inLanguage":"en-US","@id":"https:\/\/www.skolamichael.cz\/en\/#\/schema\/logo\/image\/","url":"https:\/\/www.skolamichael.cz\/wp-content\/uploads\/2019\/03\/logo_michael_final_ctverec1-1.jpg","contentUrl":"https:\/\/www.skolamichael.cz\/wp-content\/uploads\/2019\/03\/logo_michael_final_ctverec1-1.jpg","width":400,"height":400,"caption":"Michael \u2013 St\u0159edn\u00ed \u0161kola, Gymn\u00e1zium a Vy\u0161\u0161\u00ed odborn\u00e1 \u0161kola, s.r.o."},"image":{"@id":"https:\/\/www.skolamichael.cz\/en\/#\/schema\/logo\/image\/"},"sameAs":["http:\/\/www.facebook.com\/skolamichael","https:\/\/www.instagram.com\/skola_michael\/"]},{"@type":"Person","@id":"https:\/\/www.skolamichael.cz\/en\/#\/schema\/person\/558cacac09baabcf878965ff60722247","name":"Isabel Magdic","image":{"@type":"ImageObject","inLanguage":"en-US","@id":"https:\/\/secure.gravatar.com\/avatar\/ec7f59705dc51a1ab5a45963ebbb1c80bd7f0d7654cacdc50c2bc953d397331d?s=96&d=mm&r=g","url":"https:\/\/secure.gravatar.com\/avatar\/ec7f59705dc51a1ab5a45963ebbb1c80bd7f0d7654cacdc50c2bc953d397331d?s=96&d=mm&r=g","contentUrl":"https:\/\/secure.gravatar.com\/avatar\/ec7f59705dc51a1ab5a45963ebbb1c80bd7f0d7654cacdc50c2bc953d397331d?s=96&d=mm&r=g","caption":"Isabel Magdic"},"url":"https:\/\/www.skolamichael.cz\/en\/author\/imagdic\/"}]}},"_links":{"self":[{"href":"https:\/\/www.skolamichael.cz\/en\/wp-json\/wp\/v2\/posts\/20018","targetHints":{"allow":["GET"]}}],"collection":[{"href":"https:\/\/www.skolamichael.cz\/en\/wp-json\/wp\/v2\/posts"}],"about":[{"href":"https:\/\/www.skolamichael.cz\/en\/wp-json\/wp\/v2\/types\/post"}],"author":[{"embeddable":true,"href":"https:\/\/www.skolamichael.cz\/en\/wp-json\/wp\/v2\/users\/19"}],"replies":[{"embeddable":true,"href":"https:\/\/www.skolamichael.cz\/en\/wp-json\/wp\/v2\/comments?post=20018"}],"version-history":[{"count":2,"href":"https:\/\/www.skolamichael.cz\/en\/wp-json\/wp\/v2\/posts\/20018\/revisions"}],"predecessor-version":[{"id":20026,"href":"https:\/\/www.skolamichael.cz\/en\/wp-json\/wp\/v2\/posts\/20018\/revisions\/20026"}],"wp:featuredmedia":[{"embeddable":true,"href":"https:\/\/www.skolamichael.cz\/en\/wp-json\/wp\/v2\/media\/20019"}],"wp:attachment":[{"href":"https:\/\/www.skolamichael.cz\/en\/wp-json\/wp\/v2\/media?parent=20018"}],"wp:term":[{"taxonomy":"category","embeddable":true,"href":"https:\/\/www.skolamichael.cz\/en\/wp-json\/wp\/v2\/categories?post=20018"},{"taxonomy":"post_tag","embeddable":true,"href":"https:\/\/www.skolamichael.cz\/en\/wp-json\/wp\/v2\/tags?post=20018"}],"curies":[{"name":"wp","href":"https:\/\/api.w.org\/{rel}","templated":true}]}}