{"id":22315,"date":"2025-06-12T19:18:21","date_gmt":"2025-06-12T17:18:21","guid":{"rendered":"https:\/\/www.skolamichael.cz\/?p=22315"},"modified":"2025-06-13T10:51:01","modified_gmt":"2025-06-13T08:51:01","slug":"festmichael-2025-lucerna","status":"publish","type":"post","link":"https:\/\/www.skolamichael.cz\/en\/aktualne\/zivot-skoly\/festmichael-2025-lucerna\/","title":{"rendered":"FESTMICHAEL 2025 \u2013 Lucerna"},"content":{"rendered":"<p>Jak nazna\u010dila zn\u011blka festivalu, FESTMICHAEL prob\u011bhl letos u\u017e po \u0161estn\u00e1ct\u00e9. Do posledn\u00edho m\u00edsta zapln\u011bn\u00e1 Lucerna p\u0159iv\u00edtala 12. \u010dervna studenty, pedagogy i VIP hosty a v\u0161ichni spole\u010dn\u011b zhl\u00e9dli dvouhodinov\u00fd maraton studentsk\u00fdch film\u016f St\u0159edn\u00ed \u0161koly Michael a Vy\u0161\u0161\u00ed odborn\u00e9 \u0161koly Akademie Michael. Atmosf\u00e9ra prom\u00edtan\u00fdch sn\u00edmk\u016f byla \u010dasto t\u00ed\u017eiv\u00e1, moment\u016f, kdy v s\u00e1le oz\u00fdval sm\u00edch, nebylo moc. T\u00e9mata film\u016f reflektovala sv\u011bt mlad\u00fdch, jejich obavy, z\u00e1\u017eitky i p\u0159edstavy.<\/p>\n<p>Nejlep\u0161\u00ed studentsk\u00e9 filmov\u00e9 po\u010diny vyb\u00edrali re\u017eis\u00e9r <strong>Vladim\u00edr Mich\u00e1lek<\/strong>, mimo jin\u00e9 dr\u017eitel deseti \u010cesk\u00fdch lv\u016f za film Je t\u0159eba zab\u00edt Sekala a <strong>Biser Atanasov Arichtev<\/strong>, re\u017eis\u00e9r, kter\u00fd je spojov\u00e1n p\u0159edev\u0161\u00edm s\u202fkultovn\u00edmi seri\u00e1ly Vypr\u00e1v\u011bj a Prvn\u00ed republika. \u00da\u010dast tak\u00e9 p\u0159isl\u00edbila sc\u00e9n\u00e1ristka Halina Pawlowsk\u00e1, kter\u00e1 se s\u202fna\u0161imi studenty setk\u00e1v\u00e1 v\u202fr\u00e1mci dlouholet\u00e9 spolupr\u00e1ce v\u202fhodin\u00e1ch filmov\u00e9 tvorby.<\/p>\n<p>Velmi d\u016fle\u017eitou <strong>cenu div\u00e1k\u016f <\/strong>vyhr\u00e1l film <strong>\u0160pagety\u00a0<\/strong>od <strong>re\u017eis\u00e9r\u016f Ond\u0159eje Pavlase a Jakuba Demartiniho<\/strong> s celkov\u00fdm po\u010dtem <strong>114 hlas\u016f<\/strong>.<\/p>\n<p>Dal\u0161\u00ed ceny obdr\u017eeli:<\/p>\n<p>Filmov\u00e1 tvorba<\/p>\n<p><strong><u>St\u0159edn\u00ed \u0161kola<\/u><\/strong><\/p>\n<ol>\n<li><strong>m\u00edsto David Havel <\/strong>\u2013 za film &#8220;!Giveup!&#8221; mimo\u0159\u00e1dn\u00fd tv\u016fr\u010d\u00ed a produk\u010dn\u00ed po\u010din<\/li>\n<li><strong>m\u00edsto <\/strong><strong>Ond\u0159ej Pavlas <\/strong>\u2013 za v\u00fdbornou tv\u016fr\u010d\u00ed i organiza\u010dn\u00ed pr\u00e1ci p\u0159i realizaci filmu &#8220;\u0160pagety&#8221;<\/li>\n<li><strong>m\u00edsto <\/strong><strong>Varvara Zajceva a Viliam Vachler <\/strong>\u2013 za p\u0159\u00edkladnou spolupr\u00e1ci v r\u00e1mci \u0161t\u00e1b\u016f, kreativitu, t\u00fdmovost<\/li>\n<\/ol>\n<p><strong>Zvl\u00e1\u0161tn\u00ed cena Ad\u00e9la Hus\u00e1kov\u00e1 <\/strong>\u2013 za velmi citliv\u00fd a re\u017eijn\u011b v\u00fdborn\u011b zvl\u00e1dnut\u00fd film &#8220;V\u011b\u010dn\u00fd komfort jistoty&#8221;<br \/>\n<strong>Zvl\u00e1\u0161tn\u00ed cena <span data-olk-copy-source=\"MessageBody\">Luk\u00e1\u0161 Bla\u017eek <\/span><\/strong>\u2013 za p\u0159\u00edkladn\u00fd studijn\u00ed p\u0159\u00edstup, a profesn\u00ed r\u016fst v oboru filmov\u00e1 kamera<br \/>\n<strong>Zvl\u00e1\u0161tn\u00ed cena <\/strong><span data-olk-copy-source=\"MessageBody\"><strong>Jakub Vrt\u00edlek<\/strong> \u2013 za mimo\u0159\u00e1dnou tv\u016fr\u010d\u00ed a organiza\u010dn\u00ed pr\u00e1ci v r\u00e1mci \u0161koln\u00edch projekt\u016f.<\/span><br \/>\n<strong>Cena za animaci<\/strong> \u2013 ud\u011bluje Dominika Beranov\u00e1 <strong>Etien Fridrich, <\/strong>za 3D animaci &#8220;ORISON&#8221;<\/p>\n<p>&nbsp;<\/p>\n<p><strong><u>Akademie Michael <\/u><\/strong><u>\u2013<strong> Vy\u0161\u0161\u00ed odborn\u00e1 \u0161kola<\/strong><\/u><\/p>\n<ol>\n<li><strong> m\u00edsto Filip \u0160pinka <\/strong>\u2013 za film &#8220;Br\u00e1cha&#8221;<\/li>\n<\/ol>\n<p><strong>Grand Prix Ruby B\u011bhalov\u00e1<\/strong> \u2013 za film &#8220;Babi\u010d\u010dina kucha\u0159ka&#8221;<br \/>\n<strong>Cena poroty Kry\u0161tof Kindl <\/strong>\u2013 za film &#8220;Elektriky&#8221;<br \/>\n<strong>Cena za re\u017eii Jana \u0160vadlenkov\u00e1 <\/strong>\u2013 za film &#8220;Volej Samba&#8221;<br \/>\n<strong>Zlat\u00e1 kamera Pavel Plesn\u00edk <\/strong>\u2013 za film &#8220;Teraristi&#8221;<br \/>\n<strong>\u010cesn\u00e9 uzn\u00e1n\u00ed Tom\u00e1\u0161 M\u00fcller <\/strong>\u2013 za film &#8220;Kluci a ma\u0161iny&#8221;<\/p>\n<p><strong><b>Zvl\u00e1\u0161tn\u00ed cena Tade\u00e1\u0161 Kleiner <\/b><\/strong>\u2013 za soubor projekt\u016f<br \/>\n<strong>Cena za zvuk Roman Ha\u0161ek<\/strong> \u2013 za soubor projekt\u016f<\/p>\n<figure id=\"attachment_22366\" aria-describedby=\"caption-attachment-22366\" style=\"width: 790px\" class=\"wp-caption alignnone\"><img loading=\"lazy\" decoding=\"async\" class=\"size-full wp-image-22366\" src=\"https:\/\/www.skolamichael.cz\/wp-content\/uploads\/2025\/06\/hlasovani.jpg\" alt=\"\" width=\"790\" height=\"595\" srcset=\"https:\/\/www.skolamichael.cz\/wp-content\/uploads\/2025\/06\/hlasovani.jpg 790w, https:\/\/www.skolamichael.cz\/wp-content\/uploads\/2025\/06\/hlasovani-300x226.jpg 300w\" sizes=\"auto, (max-width: 790px) 100vw, 790px\" \/><figcaption id=\"caption-attachment-22366\" class=\"wp-caption-text\">V\u00fdsledkov\u00e1 listina div\u00e1ck\u00e9ho hlasov\u00e1n\u00ed<\/figcaption><\/figure>\n<figure id=\"attachment_22343\" aria-describedby=\"caption-attachment-22343\" style=\"width: 1206px\" class=\"wp-caption alignnone\"><img loading=\"lazy\" decoding=\"async\" class=\"size-full wp-image-22343\" src=\"https:\/\/www.skolamichael.cz\/wp-content\/uploads\/2025\/06\/IMG_8689.jpeg\" alt=\"\" width=\"1206\" height=\"671\" srcset=\"https:\/\/www.skolamichael.cz\/wp-content\/uploads\/2025\/06\/IMG_8689.jpeg 1206w, https:\/\/www.skolamichael.cz\/wp-content\/uploads\/2025\/06\/IMG_8689-300x167.jpeg 300w, https:\/\/www.skolamichael.cz\/wp-content\/uploads\/2025\/06\/IMG_8689-1024x570.jpeg 1024w\" sizes=\"auto, (max-width: 1206px) 100vw, 1206px\" \/><figcaption id=\"caption-attachment-22343\" class=\"wp-caption-text\">Screenshot<\/figcaption><\/figure>\n","protected":false},"excerpt":{"rendered":"<p>Jak nazna\u010dila zn\u011blka festivalu, FESTMICHAEL prob\u011bhl letos u\u017e po \u0161estn\u00e1ct\u00e9. Do posledn\u00edho m\u00edsta zapln\u011bn\u00e1 Lucerna p\u0159iv\u00edtala 12. \u010dervna studenty, pedagogy i VIP hosty a v\u0161ichni spole\u010dn\u011b zhl\u00e9dli dvouhodinov\u00fd maraton studentsk\u00fdch film\u016f St\u0159edn\u00ed \u0161koly Michael a Vy\u0161\u0161\u00ed odborn\u00e9 \u0161koly Akademie Michael. Atmosf\u00e9ra prom\u00edtan\u00fdch sn\u00edmk\u016f byla \u010dasto t\u00ed\u017eiv\u00e1, moment\u016f, kdy v s\u00e1le oz\u00fdval sm\u00edch, nebylo moc. T\u00e9mata [&hellip;]<\/p>\n","protected":false},"author":4,"featured_media":22341,"comment_status":"closed","ping_status":"open","sticky":false,"template":"","format":"standard","meta":{"_acf_changed":false,"footnotes":""},"categories":[16],"tags":[],"class_list":["post-22315","post","type-post","status-publish","format-standard","has-post-thumbnail","hentry","category-zivot-skoly"],"acf":[],"yoast_head":"<!-- This site is optimized with the Yoast SEO plugin v27.4 - https:\/\/yoast.com\/product\/yoast-seo-wordpress\/ -->\n<title>FESTMICHAEL 2025 \u2013 Lucerna | MICHAEL<\/title>\n<meta name=\"robots\" content=\"index, follow, max-snippet:-1, max-image-preview:large, max-video-preview:-1\" \/>\n<link rel=\"canonical\" href=\"https:\/\/www.skolamichael.cz\/en\/aktualne\/zivot-skoly\/festmichael-2025-lucerna\/\" \/>\n<meta property=\"og:locale\" content=\"en_US\" \/>\n<meta property=\"og:type\" content=\"article\" \/>\n<meta property=\"og:title\" content=\"FESTMICHAEL 2025 \u2013 Lucerna | MICHAEL\" \/>\n<meta property=\"og:description\" content=\"Jak nazna\u010dila zn\u011blka festivalu, FESTMICHAEL prob\u011bhl letos u\u017e po \u0161estn\u00e1ct\u00e9. Do posledn\u00edho m\u00edsta zapln\u011bn\u00e1 Lucerna p\u0159iv\u00edtala 12. \u010dervna studenty, pedagogy i VIP hosty a v\u0161ichni spole\u010dn\u011b zhl\u00e9dli dvouhodinov\u00fd maraton studentsk\u00fdch film\u016f St\u0159edn\u00ed \u0161koly Michael a Vy\u0161\u0161\u00ed odborn\u00e9 \u0161koly Akademie Michael. Atmosf\u00e9ra prom\u00edtan\u00fdch sn\u00edmk\u016f byla \u010dasto t\u00ed\u017eiv\u00e1, moment\u016f, kdy v s\u00e1le oz\u00fdval sm\u00edch, nebylo moc. T\u00e9mata [&hellip;]\" \/>\n<meta property=\"og:url\" content=\"https:\/\/www.skolamichael.cz\/en\/aktualne\/zivot-skoly\/festmichael-2025-lucerna\/\" \/>\n<meta property=\"og:site_name\" content=\"MICHAEL\" \/>\n<meta property=\"article:publisher\" content=\"http:\/\/www.facebook.com\/skolamichael\" \/>\n<meta property=\"article:published_time\" content=\"2025-06-12T17:18:21+00:00\" \/>\n<meta property=\"article:modified_time\" content=\"2025-06-13T08:51:01+00:00\" \/>\n<meta property=\"og:image\" content=\"https:\/\/www.skolamichael.cz\/wp-content\/uploads\/2025\/06\/lucerna-CT.jpg\" \/>\n\t<meta property=\"og:image:width\" content=\"500\" \/>\n\t<meta property=\"og:image:height\" content=\"500\" \/>\n\t<meta property=\"og:image:type\" content=\"image\/jpeg\" \/>\n<meta name=\"author\" content=\"Lucie\" \/>\n<meta name=\"twitter:card\" content=\"summary_large_image\" \/>\n<meta name=\"twitter:label1\" content=\"Written by\" \/>\n\t<meta name=\"twitter:data1\" content=\"Lucie\" \/>\n\t<meta name=\"twitter:label2\" content=\"Est. reading time\" \/>\n\t<meta name=\"twitter:data2\" content=\"2 minutes\" \/>\n<script type=\"application\/ld+json\" class=\"yoast-schema-graph\">{\"@context\":\"https:\\\/\\\/schema.org\",\"@graph\":[{\"@type\":\"Article\",\"@id\":\"https:\\\/\\\/www.skolamichael.cz\\\/en\\\/aktualne\\\/zivot-skoly\\\/festmichael-2025-lucerna\\\/#article\",\"isPartOf\":{\"@id\":\"https:\\\/\\\/www.skolamichael.cz\\\/en\\\/aktualne\\\/zivot-skoly\\\/festmichael-2025-lucerna\\\/\"},\"author\":{\"name\":\"Lucie\",\"@id\":\"https:\\\/\\\/www.skolamichael.cz\\\/en\\\/#\\\/schema\\\/person\\\/953e68e7bc920aa4a47c50c0f25c9eea\"},\"headline\":\"FESTMICHAEL 2025 \u2013 Lucerna\",\"datePublished\":\"2025-06-12T17:18:21+00:00\",\"dateModified\":\"2025-06-13T08:51:01+00:00\",\"mainEntityOfPage\":{\"@id\":\"https:\\\/\\\/www.skolamichael.cz\\\/en\\\/aktualne\\\/zivot-skoly\\\/festmichael-2025-lucerna\\\/\"},\"wordCount\":448,\"publisher\":{\"@id\":\"https:\\\/\\\/www.skolamichael.cz\\\/en\\\/#organization\"},\"image\":{\"@id\":\"https:\\\/\\\/www.skolamichael.cz\\\/en\\\/aktualne\\\/zivot-skoly\\\/festmichael-2025-lucerna\\\/#primaryimage\"},\"thumbnailUrl\":\"https:\\\/\\\/www.skolamichael.cz\\\/wp-content\\\/uploads\\\/2025\\\/06\\\/lucerna-CT.jpg\",\"articleSection\":[\"\u017divot \u0161koly\"],\"inLanguage\":\"en-US\"},{\"@type\":\"WebPage\",\"@id\":\"https:\\\/\\\/www.skolamichael.cz\\\/en\\\/aktualne\\\/zivot-skoly\\\/festmichael-2025-lucerna\\\/\",\"url\":\"https:\\\/\\\/www.skolamichael.cz\\\/en\\\/aktualne\\\/zivot-skoly\\\/festmichael-2025-lucerna\\\/\",\"name\":\"FESTMICHAEL 2025 \u2013 Lucerna | MICHAEL\",\"isPartOf\":{\"@id\":\"https:\\\/\\\/www.skolamichael.cz\\\/en\\\/#website\"},\"primaryImageOfPage\":{\"@id\":\"https:\\\/\\\/www.skolamichael.cz\\\/en\\\/aktualne\\\/zivot-skoly\\\/festmichael-2025-lucerna\\\/#primaryimage\"},\"image\":{\"@id\":\"https:\\\/\\\/www.skolamichael.cz\\\/en\\\/aktualne\\\/zivot-skoly\\\/festmichael-2025-lucerna\\\/#primaryimage\"},\"thumbnailUrl\":\"https:\\\/\\\/www.skolamichael.cz\\\/wp-content\\\/uploads\\\/2025\\\/06\\\/lucerna-CT.jpg\",\"datePublished\":\"2025-06-12T17:18:21+00:00\",\"dateModified\":\"2025-06-13T08:51:01+00:00\",\"breadcrumb\":{\"@id\":\"https:\\\/\\\/www.skolamichael.cz\\\/en\\\/aktualne\\\/zivot-skoly\\\/festmichael-2025-lucerna\\\/#breadcrumb\"},\"inLanguage\":\"en-US\",\"potentialAction\":[{\"@type\":\"ReadAction\",\"target\":[\"https:\\\/\\\/www.skolamichael.cz\\\/en\\\/aktualne\\\/zivot-skoly\\\/festmichael-2025-lucerna\\\/\"]}]},{\"@type\":\"ImageObject\",\"inLanguage\":\"en-US\",\"@id\":\"https:\\\/\\\/www.skolamichael.cz\\\/en\\\/aktualne\\\/zivot-skoly\\\/festmichael-2025-lucerna\\\/#primaryimage\",\"url\":\"https:\\\/\\\/www.skolamichael.cz\\\/wp-content\\\/uploads\\\/2025\\\/06\\\/lucerna-CT.jpg\",\"contentUrl\":\"https:\\\/\\\/www.skolamichael.cz\\\/wp-content\\\/uploads\\\/2025\\\/06\\\/lucerna-CT.jpg\",\"width\":500,\"height\":500},{\"@type\":\"BreadcrumbList\",\"@id\":\"https:\\\/\\\/www.skolamichael.cz\\\/en\\\/aktualne\\\/zivot-skoly\\\/festmichael-2025-lucerna\\\/#breadcrumb\",\"itemListElement\":[{\"@type\":\"ListItem\",\"position\":1,\"name\":\"Dom\u016f\",\"item\":\"https:\\\/\\\/www.skolamichael.cz\\\/en\\\/\"},{\"@type\":\"ListItem\",\"position\":2,\"name\":\"FESTMICHAEL 2025 \u2013 Lucerna\"}]},{\"@type\":\"WebSite\",\"@id\":\"https:\\\/\\\/www.skolamichael.cz\\\/en\\\/#website\",\"url\":\"https:\\\/\\\/www.skolamichael.cz\\\/en\\\/\",\"name\":\"MICHAEL\",\"description\":\"St\u0159edn\u00ed \u0161kola, Gymn\u00e1zium a Vy\u0161\u0161\u00ed odborn\u00e1 \u0161kola\",\"publisher\":{\"@id\":\"https:\\\/\\\/www.skolamichael.cz\\\/en\\\/#organization\"},\"alternateName\":\"St\u0159edn\u00ed \u0161kola, Gymn\u00e1zium a Vy\u0161\u0161\u00ed odborn\u00e1 \u0161kola\",\"potentialAction\":[{\"@type\":\"SearchAction\",\"target\":{\"@type\":\"EntryPoint\",\"urlTemplate\":\"https:\\\/\\\/www.skolamichael.cz\\\/en\\\/?s={search_term_string}\"},\"query-input\":{\"@type\":\"PropertyValueSpecification\",\"valueRequired\":true,\"valueName\":\"search_term_string\"}}],\"inLanguage\":\"en-US\"},{\"@type\":\"Organization\",\"@id\":\"https:\\\/\\\/www.skolamichael.cz\\\/en\\\/#organization\",\"name\":\"Michael \u2013 St\u0159edn\u00ed \u0161kola, Gymn\u00e1zium a Vy\u0161\u0161\u00ed odborn\u00e1 \u0161kola, s.r.o.\",\"url\":\"https:\\\/\\\/www.skolamichael.cz\\\/en\\\/\",\"logo\":{\"@type\":\"ImageObject\",\"inLanguage\":\"en-US\",\"@id\":\"https:\\\/\\\/www.skolamichael.cz\\\/en\\\/#\\\/schema\\\/logo\\\/image\\\/\",\"url\":\"https:\\\/\\\/www.skolamichael.cz\\\/wp-content\\\/uploads\\\/2019\\\/03\\\/logo_michael_final_ctverec1-1.jpg\",\"contentUrl\":\"https:\\\/\\\/www.skolamichael.cz\\\/wp-content\\\/uploads\\\/2019\\\/03\\\/logo_michael_final_ctverec1-1.jpg\",\"width\":400,\"height\":400,\"caption\":\"Michael \u2013 St\u0159edn\u00ed \u0161kola, Gymn\u00e1zium a Vy\u0161\u0161\u00ed odborn\u00e1 \u0161kola, s.r.o.\"},\"image\":{\"@id\":\"https:\\\/\\\/www.skolamichael.cz\\\/en\\\/#\\\/schema\\\/logo\\\/image\\\/\"},\"sameAs\":[\"http:\\\/\\\/www.facebook.com\\\/skolamichael\",\"https:\\\/\\\/www.instagram.com\\\/skola_michael\\\/\"]},{\"@type\":\"Person\",\"@id\":\"https:\\\/\\\/www.skolamichael.cz\\\/en\\\/#\\\/schema\\\/person\\\/953e68e7bc920aa4a47c50c0f25c9eea\",\"name\":\"Lucie\",\"image\":{\"@type\":\"ImageObject\",\"inLanguage\":\"en-US\",\"@id\":\"https:\\\/\\\/secure.gravatar.com\\\/avatar\\\/f624d747a971b7586c02ff20e5a7e85b649ac7b9acfd2d27716345b4f825b776?s=96&d=mm&r=g\",\"url\":\"https:\\\/\\\/secure.gravatar.com\\\/avatar\\\/f624d747a971b7586c02ff20e5a7e85b649ac7b9acfd2d27716345b4f825b776?s=96&d=mm&r=g\",\"contentUrl\":\"https:\\\/\\\/secure.gravatar.com\\\/avatar\\\/f624d747a971b7586c02ff20e5a7e85b649ac7b9acfd2d27716345b4f825b776?s=96&d=mm&r=g\",\"caption\":\"Lucie\"},\"url\":\"https:\\\/\\\/www.skolamichael.cz\\\/en\\\/author\\\/lucie\\\/\"}]}<\/script>\n<!-- \/ Yoast SEO plugin. -->","yoast_head_json":{"title":"FESTMICHAEL 2025 \u2013 Lucerna | MICHAEL","robots":{"index":"index","follow":"follow","max-snippet":"max-snippet:-1","max-image-preview":"max-image-preview:large","max-video-preview":"max-video-preview:-1"},"canonical":"https:\/\/www.skolamichael.cz\/en\/aktualne\/zivot-skoly\/festmichael-2025-lucerna\/","og_locale":"en_US","og_type":"article","og_title":"FESTMICHAEL 2025 \u2013 Lucerna | MICHAEL","og_description":"Jak nazna\u010dila zn\u011blka festivalu, FESTMICHAEL prob\u011bhl letos u\u017e po \u0161estn\u00e1ct\u00e9. Do posledn\u00edho m\u00edsta zapln\u011bn\u00e1 Lucerna p\u0159iv\u00edtala 12. \u010dervna studenty, pedagogy i VIP hosty a v\u0161ichni spole\u010dn\u011b zhl\u00e9dli dvouhodinov\u00fd maraton studentsk\u00fdch film\u016f St\u0159edn\u00ed \u0161koly Michael a Vy\u0161\u0161\u00ed odborn\u00e9 \u0161koly Akademie Michael. Atmosf\u00e9ra prom\u00edtan\u00fdch sn\u00edmk\u016f byla \u010dasto t\u00ed\u017eiv\u00e1, moment\u016f, kdy v s\u00e1le oz\u00fdval sm\u00edch, nebylo moc. T\u00e9mata [&hellip;]","og_url":"https:\/\/www.skolamichael.cz\/en\/aktualne\/zivot-skoly\/festmichael-2025-lucerna\/","og_site_name":"MICHAEL","article_publisher":"http:\/\/www.facebook.com\/skolamichael","article_published_time":"2025-06-12T17:18:21+00:00","article_modified_time":"2025-06-13T08:51:01+00:00","og_image":[{"width":500,"height":500,"url":"https:\/\/www.skolamichael.cz\/wp-content\/uploads\/2025\/06\/lucerna-CT.jpg","type":"image\/jpeg"}],"author":"Lucie","twitter_card":"summary_large_image","twitter_misc":{"Written by":"Lucie","Est. reading time":"2 minutes"},"schema":{"@context":"https:\/\/schema.org","@graph":[{"@type":"Article","@id":"https:\/\/www.skolamichael.cz\/en\/aktualne\/zivot-skoly\/festmichael-2025-lucerna\/#article","isPartOf":{"@id":"https:\/\/www.skolamichael.cz\/en\/aktualne\/zivot-skoly\/festmichael-2025-lucerna\/"},"author":{"name":"Lucie","@id":"https:\/\/www.skolamichael.cz\/en\/#\/schema\/person\/953e68e7bc920aa4a47c50c0f25c9eea"},"headline":"FESTMICHAEL 2025 \u2013 Lucerna","datePublished":"2025-06-12T17:18:21+00:00","dateModified":"2025-06-13T08:51:01+00:00","mainEntityOfPage":{"@id":"https:\/\/www.skolamichael.cz\/en\/aktualne\/zivot-skoly\/festmichael-2025-lucerna\/"},"wordCount":448,"publisher":{"@id":"https:\/\/www.skolamichael.cz\/en\/#organization"},"image":{"@id":"https:\/\/www.skolamichael.cz\/en\/aktualne\/zivot-skoly\/festmichael-2025-lucerna\/#primaryimage"},"thumbnailUrl":"https:\/\/www.skolamichael.cz\/wp-content\/uploads\/2025\/06\/lucerna-CT.jpg","articleSection":["\u017divot \u0161koly"],"inLanguage":"en-US"},{"@type":"WebPage","@id":"https:\/\/www.skolamichael.cz\/en\/aktualne\/zivot-skoly\/festmichael-2025-lucerna\/","url":"https:\/\/www.skolamichael.cz\/en\/aktualne\/zivot-skoly\/festmichael-2025-lucerna\/","name":"FESTMICHAEL 2025 \u2013 Lucerna | MICHAEL","isPartOf":{"@id":"https:\/\/www.skolamichael.cz\/en\/#website"},"primaryImageOfPage":{"@id":"https:\/\/www.skolamichael.cz\/en\/aktualne\/zivot-skoly\/festmichael-2025-lucerna\/#primaryimage"},"image":{"@id":"https:\/\/www.skolamichael.cz\/en\/aktualne\/zivot-skoly\/festmichael-2025-lucerna\/#primaryimage"},"thumbnailUrl":"https:\/\/www.skolamichael.cz\/wp-content\/uploads\/2025\/06\/lucerna-CT.jpg","datePublished":"2025-06-12T17:18:21+00:00","dateModified":"2025-06-13T08:51:01+00:00","breadcrumb":{"@id":"https:\/\/www.skolamichael.cz\/en\/aktualne\/zivot-skoly\/festmichael-2025-lucerna\/#breadcrumb"},"inLanguage":"en-US","potentialAction":[{"@type":"ReadAction","target":["https:\/\/www.skolamichael.cz\/en\/aktualne\/zivot-skoly\/festmichael-2025-lucerna\/"]}]},{"@type":"ImageObject","inLanguage":"en-US","@id":"https:\/\/www.skolamichael.cz\/en\/aktualne\/zivot-skoly\/festmichael-2025-lucerna\/#primaryimage","url":"https:\/\/www.skolamichael.cz\/wp-content\/uploads\/2025\/06\/lucerna-CT.jpg","contentUrl":"https:\/\/www.skolamichael.cz\/wp-content\/uploads\/2025\/06\/lucerna-CT.jpg","width":500,"height":500},{"@type":"BreadcrumbList","@id":"https:\/\/www.skolamichael.cz\/en\/aktualne\/zivot-skoly\/festmichael-2025-lucerna\/#breadcrumb","itemListElement":[{"@type":"ListItem","position":1,"name":"Dom\u016f","item":"https:\/\/www.skolamichael.cz\/en\/"},{"@type":"ListItem","position":2,"name":"FESTMICHAEL 2025 \u2013 Lucerna"}]},{"@type":"WebSite","@id":"https:\/\/www.skolamichael.cz\/en\/#website","url":"https:\/\/www.skolamichael.cz\/en\/","name":"MICHAEL","description":"St\u0159edn\u00ed \u0161kola, Gymn\u00e1zium a Vy\u0161\u0161\u00ed odborn\u00e1 \u0161kola","publisher":{"@id":"https:\/\/www.skolamichael.cz\/en\/#organization"},"alternateName":"St\u0159edn\u00ed \u0161kola, Gymn\u00e1zium a Vy\u0161\u0161\u00ed odborn\u00e1 \u0161kola","potentialAction":[{"@type":"SearchAction","target":{"@type":"EntryPoint","urlTemplate":"https:\/\/www.skolamichael.cz\/en\/?s={search_term_string}"},"query-input":{"@type":"PropertyValueSpecification","valueRequired":true,"valueName":"search_term_string"}}],"inLanguage":"en-US"},{"@type":"Organization","@id":"https:\/\/www.skolamichael.cz\/en\/#organization","name":"Michael \u2013 St\u0159edn\u00ed \u0161kola, Gymn\u00e1zium a Vy\u0161\u0161\u00ed odborn\u00e1 \u0161kola, s.r.o.","url":"https:\/\/www.skolamichael.cz\/en\/","logo":{"@type":"ImageObject","inLanguage":"en-US","@id":"https:\/\/www.skolamichael.cz\/en\/#\/schema\/logo\/image\/","url":"https:\/\/www.skolamichael.cz\/wp-content\/uploads\/2019\/03\/logo_michael_final_ctverec1-1.jpg","contentUrl":"https:\/\/www.skolamichael.cz\/wp-content\/uploads\/2019\/03\/logo_michael_final_ctverec1-1.jpg","width":400,"height":400,"caption":"Michael \u2013 St\u0159edn\u00ed \u0161kola, Gymn\u00e1zium a Vy\u0161\u0161\u00ed odborn\u00e1 \u0161kola, s.r.o."},"image":{"@id":"https:\/\/www.skolamichael.cz\/en\/#\/schema\/logo\/image\/"},"sameAs":["http:\/\/www.facebook.com\/skolamichael","https:\/\/www.instagram.com\/skola_michael\/"]},{"@type":"Person","@id":"https:\/\/www.skolamichael.cz\/en\/#\/schema\/person\/953e68e7bc920aa4a47c50c0f25c9eea","name":"Lucie","image":{"@type":"ImageObject","inLanguage":"en-US","@id":"https:\/\/secure.gravatar.com\/avatar\/f624d747a971b7586c02ff20e5a7e85b649ac7b9acfd2d27716345b4f825b776?s=96&d=mm&r=g","url":"https:\/\/secure.gravatar.com\/avatar\/f624d747a971b7586c02ff20e5a7e85b649ac7b9acfd2d27716345b4f825b776?s=96&d=mm&r=g","contentUrl":"https:\/\/secure.gravatar.com\/avatar\/f624d747a971b7586c02ff20e5a7e85b649ac7b9acfd2d27716345b4f825b776?s=96&d=mm&r=g","caption":"Lucie"},"url":"https:\/\/www.skolamichael.cz\/en\/author\/lucie\/"}]}},"_links":{"self":[{"href":"https:\/\/www.skolamichael.cz\/en\/wp-json\/wp\/v2\/posts\/22315","targetHints":{"allow":["GET"]}}],"collection":[{"href":"https:\/\/www.skolamichael.cz\/en\/wp-json\/wp\/v2\/posts"}],"about":[{"href":"https:\/\/www.skolamichael.cz\/en\/wp-json\/wp\/v2\/types\/post"}],"author":[{"embeddable":true,"href":"https:\/\/www.skolamichael.cz\/en\/wp-json\/wp\/v2\/users\/4"}],"replies":[{"embeddable":true,"href":"https:\/\/www.skolamichael.cz\/en\/wp-json\/wp\/v2\/comments?post=22315"}],"version-history":[{"count":8,"href":"https:\/\/www.skolamichael.cz\/en\/wp-json\/wp\/v2\/posts\/22315\/revisions"}],"predecessor-version":[{"id":22371,"href":"https:\/\/www.skolamichael.cz\/en\/wp-json\/wp\/v2\/posts\/22315\/revisions\/22371"}],"wp:featuredmedia":[{"embeddable":true,"href":"https:\/\/www.skolamichael.cz\/en\/wp-json\/wp\/v2\/media\/22341"}],"wp:attachment":[{"href":"https:\/\/www.skolamichael.cz\/en\/wp-json\/wp\/v2\/media?parent=22315"}],"wp:term":[{"taxonomy":"category","embeddable":true,"href":"https:\/\/www.skolamichael.cz\/en\/wp-json\/wp\/v2\/categories?post=22315"},{"taxonomy":"post_tag","embeddable":true,"href":"https:\/\/www.skolamichael.cz\/en\/wp-json\/wp\/v2\/tags?post=22315"}],"curies":[{"name":"wp","href":"https:\/\/api.w.org\/{rel}","templated":true}]}}