{"id":30511,"date":"2026-01-01T14:22:06","date_gmt":"2026-01-01T13:22:06","guid":{"rendered":"https:\/\/www.skolamichael.cz\/?p=30511"},"modified":"2026-01-21T14:37:22","modified_gmt":"2026-01-21T13:37:22","slug":"kalendar-2026","status":"publish","type":"post","link":"https:\/\/www.skolamichael.cz\/en\/aktualne\/kalendar-2026\/","title":{"rendered":"Kalend\u00e1\u0159 2026"},"content":{"rendered":"<div class=\"xdj266r x14z9mp xat24cr x1lziwak x1vvkbs x126k92a\">\n<div dir=\"auto\">\n<p>M\u00e1me velkou radost, \u017ee kone\u010dn\u011b m\u016f\u017eeme odhalit n\u00e1\u0161 n\u00e1st\u011bnn\u00fd kalend\u00e1\u0159 pro rok 2026. T\u00e9matem leto\u0161n\u00edho ro\u010dn\u00edku je Kdy\u017e barvy tan\u010d\u00ed, kter\u00e9 se prol\u00ednaj\u00ed cel\u00fdm vizu\u00e1ln\u00edm pojet\u00edm kalend\u00e1\u0159e. T\u00e9ma d\u00e1v\u00e1 vyniknout pohybu, emoc\u00edm i kreativit\u011b.<\/p>\n<\/div>\n<\/div>\n<div class=\"x14z9mp xat24cr x1lziwak x1vvkbs xtlvy1s x126k92a\">\n<div dir=\"auto\">\n<p>Na vzniku kalend\u00e1\u0159e se pod\u00edlely hned \u010dty\u0159i \u0161koly \u2013<strong> \u0160kola Michael, <a href=\"https:\/\/www.akademiemichael.cz\/\">Akademie Michael VO\u0160<\/a>, <a href=\"https:\/\/www.vskk.cz\/cz\/\">V\u0160KK<\/a> a <a href=\"https:\/\/pscc.university\/\">PCSS<\/a><\/strong>. P\u0159ed objektivy na\u0161ich student\u016f vystoupily tane\u010dnice z Tane\u010dn\u00edho studia Emotion, kter\u00e9 sv\u00fdm v\u00fdkonem dodaly fotografi\u00edm energii, dynamiku a jedine\u010dnou atmosf\u00e9ru.<\/p>\n<\/div>\n<\/div>\n<div class=\"x14z9mp xat24cr x1lziwak x1vvkbs xtlvy1s x126k92a\">\n<div dir=\"auto\">V\u0161em z\u00fa\u010dastn\u011bn\u00fdm velmi d\u011bkujeme za tuto skv\u011blou spolupr\u00e1ci. V\u00e1\u017e\u00edme si mo\u017enosti propojovat um\u011bleck\u00e9 obory, sd\u00edlet zku\u0161enosti a spole\u010dn\u011b vytv\u00e1\u0159et projekty, kter\u00e9 maj\u00ed skute\u010dn\u00fd p\u0159esah.<\/p>\n<\/div>\n<\/div>\n<div dir=\"auto\"><a href=\"https:\/\/www.skolamichael.cz\/wp-content\/uploads\/2026\/01\/K1.jpg\"><img loading=\"lazy\" decoding=\"async\" class=\"size-full wp-image-30512 aligncenter\" src=\"https:\/\/www.skolamichael.cz\/wp-content\/uploads\/2026\/01\/K1.jpg\" alt=\"\" width=\"805\" height=\"1080\" srcset=\"https:\/\/www.skolamichael.cz\/wp-content\/uploads\/2026\/01\/K1.jpg 805w, https:\/\/www.skolamichael.cz\/wp-content\/uploads\/2026\/01\/K1-224x300.jpg 224w, https:\/\/www.skolamichael.cz\/wp-content\/uploads\/2026\/01\/K1-763x1024.jpg 763w\" sizes=\"auto, (max-width: 805px) 100vw, 805px\" \/><\/a><\/div>\n","protected":false},"excerpt":{"rendered":"<p>M\u00e1me velkou radost, \u017ee kone\u010dn\u011b m\u016f\u017eeme odhalit n\u00e1\u0161 n\u00e1st\u011bnn\u00fd kalend\u00e1\u0159 pro rok 2026. T\u00e9matem leto\u0161n\u00edho ro\u010dn\u00edku je Kdy\u017e barvy tan\u010d\u00ed, kter\u00e9 se prol\u00ednaj\u00ed cel\u00fdm vizu\u00e1ln\u00edm pojet\u00edm kalend\u00e1\u0159e. T\u00e9ma d\u00e1v\u00e1 vyniknout pohybu, emoc\u00edm i kreativit\u011b. Na vzniku kalend\u00e1\u0159e se pod\u00edlely hned \u010dty\u0159i \u0161koly \u2013 \u0160kola Michael, Akademie Michael VO\u0160, V\u0160KK a PCSS. P\u0159ed objektivy na\u0161ich student\u016f [&hellip;]<\/p>\n","protected":false},"author":19,"featured_media":30515,"comment_status":"closed","ping_status":"open","sticky":false,"template":"","format":"standard","meta":{"_acf_changed":false,"footnotes":""},"categories":[3],"tags":[],"class_list":["post-30511","post","type-post","status-publish","format-standard","has-post-thumbnail","hentry","category-aktualne"],"acf":[],"yoast_head":"<!-- This site is optimized with the Yoast SEO plugin v27.4 - https:\/\/yoast.com\/product\/yoast-seo-wordpress\/ -->\n<title>Kalend\u00e1\u0159 2026 | MICHAEL<\/title>\n<meta name=\"robots\" content=\"index, follow, max-snippet:-1, max-image-preview:large, max-video-preview:-1\" \/>\n<link rel=\"canonical\" href=\"https:\/\/www.skolamichael.cz\/en\/aktualne\/kalendar-2026\/\" \/>\n<meta property=\"og:locale\" content=\"en_US\" \/>\n<meta property=\"og:type\" content=\"article\" \/>\n<meta property=\"og:title\" content=\"Kalend\u00e1\u0159 2026 | MICHAEL\" \/>\n<meta property=\"og:description\" content=\"M\u00e1me velkou radost, \u017ee kone\u010dn\u011b m\u016f\u017eeme odhalit n\u00e1\u0161 n\u00e1st\u011bnn\u00fd kalend\u00e1\u0159 pro rok 2026. T\u00e9matem leto\u0161n\u00edho ro\u010dn\u00edku je Kdy\u017e barvy tan\u010d\u00ed, kter\u00e9 se prol\u00ednaj\u00ed cel\u00fdm vizu\u00e1ln\u00edm pojet\u00edm kalend\u00e1\u0159e. T\u00e9ma d\u00e1v\u00e1 vyniknout pohybu, emoc\u00edm i kreativit\u011b. Na vzniku kalend\u00e1\u0159e se pod\u00edlely hned \u010dty\u0159i \u0161koly \u2013 \u0160kola Michael, Akademie Michael VO\u0160, V\u0160KK a PCSS. P\u0159ed objektivy na\u0161ich student\u016f [&hellip;]\" \/>\n<meta property=\"og:url\" content=\"https:\/\/www.skolamichael.cz\/en\/aktualne\/kalendar-2026\/\" \/>\n<meta property=\"og:site_name\" content=\"MICHAEL\" \/>\n<meta property=\"article:publisher\" content=\"http:\/\/www.facebook.com\/skolamichael\" \/>\n<meta property=\"article:published_time\" content=\"2026-01-01T13:22:06+00:00\" \/>\n<meta property=\"article:modified_time\" content=\"2026-01-21T13:37:22+00:00\" \/>\n<meta property=\"og:image\" content=\"https:\/\/www.skolamichael.cz\/wp-content\/uploads\/2026\/01\/kalendar-web.jpg\" \/>\n\t<meta property=\"og:image:width\" content=\"984\" \/>\n\t<meta property=\"og:image:height\" content=\"984\" \/>\n\t<meta property=\"og:image:type\" content=\"image\/jpeg\" \/>\n<meta name=\"author\" content=\"Isabel Magdic\" \/>\n<meta name=\"twitter:card\" content=\"summary_large_image\" \/>\n<meta name=\"twitter:label1\" content=\"Written by\" \/>\n\t<meta name=\"twitter:data1\" content=\"Isabel Magdic\" \/>\n\t<meta name=\"twitter:label2\" content=\"Est. reading time\" \/>\n\t<meta name=\"twitter:data2\" content=\"1 minute\" \/>\n<script type=\"application\/ld+json\" class=\"yoast-schema-graph\">{\"@context\":\"https:\\\/\\\/schema.org\",\"@graph\":[{\"@type\":\"Article\",\"@id\":\"https:\\\/\\\/www.skolamichael.cz\\\/en\\\/aktualne\\\/kalendar-2026\\\/#article\",\"isPartOf\":{\"@id\":\"https:\\\/\\\/www.skolamichael.cz\\\/en\\\/aktualne\\\/kalendar-2026\\\/\"},\"author\":{\"name\":\"Isabel Magdic\",\"@id\":\"https:\\\/\\\/www.skolamichael.cz\\\/en\\\/#\\\/schema\\\/person\\\/558cacac09baabcf878965ff60722247\"},\"headline\":\"Kalend\u00e1\u0159 2026\",\"datePublished\":\"2026-01-01T13:22:06+00:00\",\"dateModified\":\"2026-01-21T13:37:22+00:00\",\"mainEntityOfPage\":{\"@id\":\"https:\\\/\\\/www.skolamichael.cz\\\/en\\\/aktualne\\\/kalendar-2026\\\/\"},\"wordCount\":143,\"publisher\":{\"@id\":\"https:\\\/\\\/www.skolamichael.cz\\\/en\\\/#organization\"},\"image\":{\"@id\":\"https:\\\/\\\/www.skolamichael.cz\\\/en\\\/aktualne\\\/kalendar-2026\\\/#primaryimage\"},\"thumbnailUrl\":\"https:\\\/\\\/www.skolamichael.cz\\\/wp-content\\\/uploads\\\/2026\\\/01\\\/kalendar-web.jpg\",\"articleSection\":[\"Aktuality\"],\"inLanguage\":\"en-US\"},{\"@type\":\"WebPage\",\"@id\":\"https:\\\/\\\/www.skolamichael.cz\\\/en\\\/aktualne\\\/kalendar-2026\\\/\",\"url\":\"https:\\\/\\\/www.skolamichael.cz\\\/en\\\/aktualne\\\/kalendar-2026\\\/\",\"name\":\"Kalend\u00e1\u0159 2026 | MICHAEL\",\"isPartOf\":{\"@id\":\"https:\\\/\\\/www.skolamichael.cz\\\/en\\\/#website\"},\"primaryImageOfPage\":{\"@id\":\"https:\\\/\\\/www.skolamichael.cz\\\/en\\\/aktualne\\\/kalendar-2026\\\/#primaryimage\"},\"image\":{\"@id\":\"https:\\\/\\\/www.skolamichael.cz\\\/en\\\/aktualne\\\/kalendar-2026\\\/#primaryimage\"},\"thumbnailUrl\":\"https:\\\/\\\/www.skolamichael.cz\\\/wp-content\\\/uploads\\\/2026\\\/01\\\/kalendar-web.jpg\",\"datePublished\":\"2026-01-01T13:22:06+00:00\",\"dateModified\":\"2026-01-21T13:37:22+00:00\",\"breadcrumb\":{\"@id\":\"https:\\\/\\\/www.skolamichael.cz\\\/en\\\/aktualne\\\/kalendar-2026\\\/#breadcrumb\"},\"inLanguage\":\"en-US\",\"potentialAction\":[{\"@type\":\"ReadAction\",\"target\":[\"https:\\\/\\\/www.skolamichael.cz\\\/en\\\/aktualne\\\/kalendar-2026\\\/\"]}]},{\"@type\":\"ImageObject\",\"inLanguage\":\"en-US\",\"@id\":\"https:\\\/\\\/www.skolamichael.cz\\\/en\\\/aktualne\\\/kalendar-2026\\\/#primaryimage\",\"url\":\"https:\\\/\\\/www.skolamichael.cz\\\/wp-content\\\/uploads\\\/2026\\\/01\\\/kalendar-web.jpg\",\"contentUrl\":\"https:\\\/\\\/www.skolamichael.cz\\\/wp-content\\\/uploads\\\/2026\\\/01\\\/kalendar-web.jpg\",\"width\":984,\"height\":984},{\"@type\":\"BreadcrumbList\",\"@id\":\"https:\\\/\\\/www.skolamichael.cz\\\/en\\\/aktualne\\\/kalendar-2026\\\/#breadcrumb\",\"itemListElement\":[{\"@type\":\"ListItem\",\"position\":1,\"name\":\"Dom\u016f\",\"item\":\"https:\\\/\\\/www.skolamichael.cz\\\/en\\\/\"},{\"@type\":\"ListItem\",\"position\":2,\"name\":\"Kalend\u00e1\u0159 2026\"}]},{\"@type\":\"WebSite\",\"@id\":\"https:\\\/\\\/www.skolamichael.cz\\\/en\\\/#website\",\"url\":\"https:\\\/\\\/www.skolamichael.cz\\\/en\\\/\",\"name\":\"MICHAEL\",\"description\":\"St\u0159edn\u00ed \u0161kola, Gymn\u00e1zium a Vy\u0161\u0161\u00ed odborn\u00e1 \u0161kola\",\"publisher\":{\"@id\":\"https:\\\/\\\/www.skolamichael.cz\\\/en\\\/#organization\"},\"alternateName\":\"St\u0159edn\u00ed \u0161kola, Gymn\u00e1zium a Vy\u0161\u0161\u00ed odborn\u00e1 \u0161kola\",\"potentialAction\":[{\"@type\":\"SearchAction\",\"target\":{\"@type\":\"EntryPoint\",\"urlTemplate\":\"https:\\\/\\\/www.skolamichael.cz\\\/en\\\/?s={search_term_string}\"},\"query-input\":{\"@type\":\"PropertyValueSpecification\",\"valueRequired\":true,\"valueName\":\"search_term_string\"}}],\"inLanguage\":\"en-US\"},{\"@type\":\"Organization\",\"@id\":\"https:\\\/\\\/www.skolamichael.cz\\\/en\\\/#organization\",\"name\":\"Michael \u2013 St\u0159edn\u00ed \u0161kola, Gymn\u00e1zium a Vy\u0161\u0161\u00ed odborn\u00e1 \u0161kola, s.r.o.\",\"url\":\"https:\\\/\\\/www.skolamichael.cz\\\/en\\\/\",\"logo\":{\"@type\":\"ImageObject\",\"inLanguage\":\"en-US\",\"@id\":\"https:\\\/\\\/www.skolamichael.cz\\\/en\\\/#\\\/schema\\\/logo\\\/image\\\/\",\"url\":\"https:\\\/\\\/www.skolamichael.cz\\\/wp-content\\\/uploads\\\/2019\\\/03\\\/logo_michael_final_ctverec1-1.jpg\",\"contentUrl\":\"https:\\\/\\\/www.skolamichael.cz\\\/wp-content\\\/uploads\\\/2019\\\/03\\\/logo_michael_final_ctverec1-1.jpg\",\"width\":400,\"height\":400,\"caption\":\"Michael \u2013 St\u0159edn\u00ed \u0161kola, Gymn\u00e1zium a Vy\u0161\u0161\u00ed odborn\u00e1 \u0161kola, s.r.o.\"},\"image\":{\"@id\":\"https:\\\/\\\/www.skolamichael.cz\\\/en\\\/#\\\/schema\\\/logo\\\/image\\\/\"},\"sameAs\":[\"http:\\\/\\\/www.facebook.com\\\/skolamichael\",\"https:\\\/\\\/www.instagram.com\\\/skola_michael\\\/\"]},{\"@type\":\"Person\",\"@id\":\"https:\\\/\\\/www.skolamichael.cz\\\/en\\\/#\\\/schema\\\/person\\\/558cacac09baabcf878965ff60722247\",\"name\":\"Isabel Magdic\",\"image\":{\"@type\":\"ImageObject\",\"inLanguage\":\"en-US\",\"@id\":\"https:\\\/\\\/secure.gravatar.com\\\/avatar\\\/ec7f59705dc51a1ab5a45963ebbb1c80bd7f0d7654cacdc50c2bc953d397331d?s=96&d=mm&r=g\",\"url\":\"https:\\\/\\\/secure.gravatar.com\\\/avatar\\\/ec7f59705dc51a1ab5a45963ebbb1c80bd7f0d7654cacdc50c2bc953d397331d?s=96&d=mm&r=g\",\"contentUrl\":\"https:\\\/\\\/secure.gravatar.com\\\/avatar\\\/ec7f59705dc51a1ab5a45963ebbb1c80bd7f0d7654cacdc50c2bc953d397331d?s=96&d=mm&r=g\",\"caption\":\"Isabel Magdic\"},\"url\":\"https:\\\/\\\/www.skolamichael.cz\\\/en\\\/author\\\/imagdic\\\/\"}]}<\/script>\n<!-- \/ Yoast SEO plugin. -->","yoast_head_json":{"title":"Kalend\u00e1\u0159 2026 | MICHAEL","robots":{"index":"index","follow":"follow","max-snippet":"max-snippet:-1","max-image-preview":"max-image-preview:large","max-video-preview":"max-video-preview:-1"},"canonical":"https:\/\/www.skolamichael.cz\/en\/aktualne\/kalendar-2026\/","og_locale":"en_US","og_type":"article","og_title":"Kalend\u00e1\u0159 2026 | MICHAEL","og_description":"M\u00e1me velkou radost, \u017ee kone\u010dn\u011b m\u016f\u017eeme odhalit n\u00e1\u0161 n\u00e1st\u011bnn\u00fd kalend\u00e1\u0159 pro rok 2026. T\u00e9matem leto\u0161n\u00edho ro\u010dn\u00edku je Kdy\u017e barvy tan\u010d\u00ed, kter\u00e9 se prol\u00ednaj\u00ed cel\u00fdm vizu\u00e1ln\u00edm pojet\u00edm kalend\u00e1\u0159e. T\u00e9ma d\u00e1v\u00e1 vyniknout pohybu, emoc\u00edm i kreativit\u011b. Na vzniku kalend\u00e1\u0159e se pod\u00edlely hned \u010dty\u0159i \u0161koly \u2013 \u0160kola Michael, Akademie Michael VO\u0160, V\u0160KK a PCSS. P\u0159ed objektivy na\u0161ich student\u016f [&hellip;]","og_url":"https:\/\/www.skolamichael.cz\/en\/aktualne\/kalendar-2026\/","og_site_name":"MICHAEL","article_publisher":"http:\/\/www.facebook.com\/skolamichael","article_published_time":"2026-01-01T13:22:06+00:00","article_modified_time":"2026-01-21T13:37:22+00:00","og_image":[{"width":984,"height":984,"url":"https:\/\/www.skolamichael.cz\/wp-content\/uploads\/2026\/01\/kalendar-web.jpg","type":"image\/jpeg"}],"author":"Isabel Magdic","twitter_card":"summary_large_image","twitter_misc":{"Written by":"Isabel Magdic","Est. reading time":"1 minute"},"schema":{"@context":"https:\/\/schema.org","@graph":[{"@type":"Article","@id":"https:\/\/www.skolamichael.cz\/en\/aktualne\/kalendar-2026\/#article","isPartOf":{"@id":"https:\/\/www.skolamichael.cz\/en\/aktualne\/kalendar-2026\/"},"author":{"name":"Isabel Magdic","@id":"https:\/\/www.skolamichael.cz\/en\/#\/schema\/person\/558cacac09baabcf878965ff60722247"},"headline":"Kalend\u00e1\u0159 2026","datePublished":"2026-01-01T13:22:06+00:00","dateModified":"2026-01-21T13:37:22+00:00","mainEntityOfPage":{"@id":"https:\/\/www.skolamichael.cz\/en\/aktualne\/kalendar-2026\/"},"wordCount":143,"publisher":{"@id":"https:\/\/www.skolamichael.cz\/en\/#organization"},"image":{"@id":"https:\/\/www.skolamichael.cz\/en\/aktualne\/kalendar-2026\/#primaryimage"},"thumbnailUrl":"https:\/\/www.skolamichael.cz\/wp-content\/uploads\/2026\/01\/kalendar-web.jpg","articleSection":["Aktuality"],"inLanguage":"en-US"},{"@type":"WebPage","@id":"https:\/\/www.skolamichael.cz\/en\/aktualne\/kalendar-2026\/","url":"https:\/\/www.skolamichael.cz\/en\/aktualne\/kalendar-2026\/","name":"Kalend\u00e1\u0159 2026 | MICHAEL","isPartOf":{"@id":"https:\/\/www.skolamichael.cz\/en\/#website"},"primaryImageOfPage":{"@id":"https:\/\/www.skolamichael.cz\/en\/aktualne\/kalendar-2026\/#primaryimage"},"image":{"@id":"https:\/\/www.skolamichael.cz\/en\/aktualne\/kalendar-2026\/#primaryimage"},"thumbnailUrl":"https:\/\/www.skolamichael.cz\/wp-content\/uploads\/2026\/01\/kalendar-web.jpg","datePublished":"2026-01-01T13:22:06+00:00","dateModified":"2026-01-21T13:37:22+00:00","breadcrumb":{"@id":"https:\/\/www.skolamichael.cz\/en\/aktualne\/kalendar-2026\/#breadcrumb"},"inLanguage":"en-US","potentialAction":[{"@type":"ReadAction","target":["https:\/\/www.skolamichael.cz\/en\/aktualne\/kalendar-2026\/"]}]},{"@type":"ImageObject","inLanguage":"en-US","@id":"https:\/\/www.skolamichael.cz\/en\/aktualne\/kalendar-2026\/#primaryimage","url":"https:\/\/www.skolamichael.cz\/wp-content\/uploads\/2026\/01\/kalendar-web.jpg","contentUrl":"https:\/\/www.skolamichael.cz\/wp-content\/uploads\/2026\/01\/kalendar-web.jpg","width":984,"height":984},{"@type":"BreadcrumbList","@id":"https:\/\/www.skolamichael.cz\/en\/aktualne\/kalendar-2026\/#breadcrumb","itemListElement":[{"@type":"ListItem","position":1,"name":"Dom\u016f","item":"https:\/\/www.skolamichael.cz\/en\/"},{"@type":"ListItem","position":2,"name":"Kalend\u00e1\u0159 2026"}]},{"@type":"WebSite","@id":"https:\/\/www.skolamichael.cz\/en\/#website","url":"https:\/\/www.skolamichael.cz\/en\/","name":"MICHAEL","description":"St\u0159edn\u00ed \u0161kola, Gymn\u00e1zium a Vy\u0161\u0161\u00ed odborn\u00e1 \u0161kola","publisher":{"@id":"https:\/\/www.skolamichael.cz\/en\/#organization"},"alternateName":"St\u0159edn\u00ed \u0161kola, Gymn\u00e1zium a Vy\u0161\u0161\u00ed odborn\u00e1 \u0161kola","potentialAction":[{"@type":"SearchAction","target":{"@type":"EntryPoint","urlTemplate":"https:\/\/www.skolamichael.cz\/en\/?s={search_term_string}"},"query-input":{"@type":"PropertyValueSpecification","valueRequired":true,"valueName":"search_term_string"}}],"inLanguage":"en-US"},{"@type":"Organization","@id":"https:\/\/www.skolamichael.cz\/en\/#organization","name":"Michael \u2013 St\u0159edn\u00ed \u0161kola, Gymn\u00e1zium a Vy\u0161\u0161\u00ed odborn\u00e1 \u0161kola, s.r.o.","url":"https:\/\/www.skolamichael.cz\/en\/","logo":{"@type":"ImageObject","inLanguage":"en-US","@id":"https:\/\/www.skolamichael.cz\/en\/#\/schema\/logo\/image\/","url":"https:\/\/www.skolamichael.cz\/wp-content\/uploads\/2019\/03\/logo_michael_final_ctverec1-1.jpg","contentUrl":"https:\/\/www.skolamichael.cz\/wp-content\/uploads\/2019\/03\/logo_michael_final_ctverec1-1.jpg","width":400,"height":400,"caption":"Michael \u2013 St\u0159edn\u00ed \u0161kola, Gymn\u00e1zium a Vy\u0161\u0161\u00ed odborn\u00e1 \u0161kola, s.r.o."},"image":{"@id":"https:\/\/www.skolamichael.cz\/en\/#\/schema\/logo\/image\/"},"sameAs":["http:\/\/www.facebook.com\/skolamichael","https:\/\/www.instagram.com\/skola_michael\/"]},{"@type":"Person","@id":"https:\/\/www.skolamichael.cz\/en\/#\/schema\/person\/558cacac09baabcf878965ff60722247","name":"Isabel Magdic","image":{"@type":"ImageObject","inLanguage":"en-US","@id":"https:\/\/secure.gravatar.com\/avatar\/ec7f59705dc51a1ab5a45963ebbb1c80bd7f0d7654cacdc50c2bc953d397331d?s=96&d=mm&r=g","url":"https:\/\/secure.gravatar.com\/avatar\/ec7f59705dc51a1ab5a45963ebbb1c80bd7f0d7654cacdc50c2bc953d397331d?s=96&d=mm&r=g","contentUrl":"https:\/\/secure.gravatar.com\/avatar\/ec7f59705dc51a1ab5a45963ebbb1c80bd7f0d7654cacdc50c2bc953d397331d?s=96&d=mm&r=g","caption":"Isabel Magdic"},"url":"https:\/\/www.skolamichael.cz\/en\/author\/imagdic\/"}]}},"_links":{"self":[{"href":"https:\/\/www.skolamichael.cz\/en\/wp-json\/wp\/v2\/posts\/30511","targetHints":{"allow":["GET"]}}],"collection":[{"href":"https:\/\/www.skolamichael.cz\/en\/wp-json\/wp\/v2\/posts"}],"about":[{"href":"https:\/\/www.skolamichael.cz\/en\/wp-json\/wp\/v2\/types\/post"}],"author":[{"embeddable":true,"href":"https:\/\/www.skolamichael.cz\/en\/wp-json\/wp\/v2\/users\/19"}],"replies":[{"embeddable":true,"href":"https:\/\/www.skolamichael.cz\/en\/wp-json\/wp\/v2\/comments?post=30511"}],"version-history":[{"count":4,"href":"https:\/\/www.skolamichael.cz\/en\/wp-json\/wp\/v2\/posts\/30511\/revisions"}],"predecessor-version":[{"id":30517,"href":"https:\/\/www.skolamichael.cz\/en\/wp-json\/wp\/v2\/posts\/30511\/revisions\/30517"}],"wp:featuredmedia":[{"embeddable":true,"href":"https:\/\/www.skolamichael.cz\/en\/wp-json\/wp\/v2\/media\/30515"}],"wp:attachment":[{"href":"https:\/\/www.skolamichael.cz\/en\/wp-json\/wp\/v2\/media?parent=30511"}],"wp:term":[{"taxonomy":"category","embeddable":true,"href":"https:\/\/www.skolamichael.cz\/en\/wp-json\/wp\/v2\/categories?post=30511"},{"taxonomy":"post_tag","embeddable":true,"href":"https:\/\/www.skolamichael.cz\/en\/wp-json\/wp\/v2\/tags?post=30511"}],"curies":[{"name":"wp","href":"https:\/\/api.w.org\/{rel}","templated":true}]}}