{"id":30590,"date":"2026-01-26T13:05:49","date_gmt":"2026-01-26T12:05:49","guid":{"rendered":"https:\/\/www.skolamichael.cz\/?p=30590"},"modified":"2026-01-26T13:08:36","modified_gmt":"2026-01-26T12:08:36","slug":"uspech-v-soutezi-czech-photo-junior","status":"publish","type":"post","link":"https:\/\/www.skolamichael.cz\/en\/aktualne\/uspechy\/uspech-v-soutezi-czech-photo-junior\/","title":{"rendered":"\u00dasp\u011bch v sout\u011b\u017ei Czech Photo Junior"},"content":{"rendered":"<p>S velkou radost\u00ed oznamujeme, \u017ee na\u0161i studenti dos\u00e1hli skv\u011bl\u00e9ho \u00fasp\u011bchu na presti\u017en\u00ed fotografick\u00e9 sout\u011b\u017ei <strong>Czech Photo Junior<\/strong>, kter\u00e1 ka\u017edoro\u010dn\u011b oce\u0148uje ty nejlep\u0161\u00ed mlad\u00e9 talenty z cel\u00e9 republiky.<\/p>\n<p>V konkurenci v\u00edce ne\u017e 1500 p\u0159ihl\u00e1\u0161en\u00fdch fotografi\u00ed z\u00edskala<strong> Anna L\u00f6wensteinov\u00e1 2. m\u00edsto a Maty\u00e1\u0161 \u010cech obsadil skv\u011bl\u00e9 3. m\u00edsto<\/strong>. Oba tak prok\u00e1zali nejen mimo\u0159\u00e1dn\u00fd cit pro fotografii, ale i schopnost zaujmout odbornou porotu svou originalitou, n\u00e1padem a technick\u00fdm zpracov\u00e1n\u00edm.<\/p>\n<p>Vyhl\u00e1\u0161en\u00ed v\u00fdsledk\u016f prob\u011bhlo v prostor\u00e1ch Czech Photo Centre a bylo spojeno se slavnostn\u00edm setk\u00e1n\u00edm ocen\u011bn\u00fdch autor\u016f i zah\u00e1jen\u00edm v\u00fdstavy v\u00edt\u011bzn\u00fdch prac\u00ed, kter\u00e1 bude k vid\u011bn\u00ed a\u017e do jara tohoto roku.<\/p>\n<p>Ann\u011b i Maty\u00e1\u0161ovi moc gratulujeme a d\u011bkujeme za skv\u011blou reprezentaci! P\u0159ejeme mnoho dal\u0161\u00edch fotografick\u00fdch \u00fasp\u011bch\u016f i inspirace do budoucna.<\/p>\n<p><a href=\"https:\/\/tv13.cz\/video\/cpc-czech-photo-junior-26-shrt\">Report\u00e1\u017e z akce<\/a><\/p>\n<div id='gallery-1' class='gallery galleryid-30590 gallery-columns-1 gallery-size-full'><figure class='gallery-item'>\n\t\t\t<div class='gallery-icon landscape'>\n\t\t\t\t<a href='https:\/\/www.skolamichael.cz\/wp-content\/uploads\/2026\/01\/MSC_8888.jpg'><img loading=\"lazy\" decoding=\"async\" width=\"1620\" height=\"1080\" src=\"https:\/\/www.skolamichael.cz\/wp-content\/uploads\/2026\/01\/MSC_8888.jpg\" class=\"attachment-full size-full\" alt=\"\" srcset=\"https:\/\/www.skolamichael.cz\/wp-content\/uploads\/2026\/01\/MSC_8888.jpg 1620w, https:\/\/www.skolamichael.cz\/wp-content\/uploads\/2026\/01\/MSC_8888-300x200.jpg 300w, https:\/\/www.skolamichael.cz\/wp-content\/uploads\/2026\/01\/MSC_8888-1024x683.jpg 1024w\" sizes=\"auto, (max-width: 1620px) 100vw, 1620px\" \/><\/a>\n\t\t\t<\/div><\/figure><figure class='gallery-item'>\n\t\t\t<div class='gallery-icon landscape'>\n\t\t\t\t<a href='https:\/\/www.skolamichael.cz\/wp-content\/uploads\/2026\/01\/MSC_8852.jpg'><img loading=\"lazy\" decoding=\"async\" width=\"1620\" height=\"1080\" src=\"https:\/\/www.skolamichael.cz\/wp-content\/uploads\/2026\/01\/MSC_8852.jpg\" class=\"attachment-full size-full\" alt=\"\" srcset=\"https:\/\/www.skolamichael.cz\/wp-content\/uploads\/2026\/01\/MSC_8852.jpg 1620w, https:\/\/www.skolamichael.cz\/wp-content\/uploads\/2026\/01\/MSC_8852-300x200.jpg 300w, https:\/\/www.skolamichael.cz\/wp-content\/uploads\/2026\/01\/MSC_8852-1024x683.jpg 1024w\" sizes=\"auto, (max-width: 1620px) 100vw, 1620px\" \/><\/a>\n\t\t\t<\/div><\/figure><figure class='gallery-item'>\n\t\t\t<div class='gallery-icon landscape'>\n\t\t\t\t<a href='https:\/\/www.skolamichael.cz\/wp-content\/uploads\/2026\/01\/MSC_8834.jpg'><img loading=\"lazy\" decoding=\"async\" width=\"1620\" height=\"1080\" src=\"https:\/\/www.skolamichael.cz\/wp-content\/uploads\/2026\/01\/MSC_8834.jpg\" class=\"attachment-full size-full\" alt=\"\" srcset=\"https:\/\/www.skolamichael.cz\/wp-content\/uploads\/2026\/01\/MSC_8834.jpg 1620w, https:\/\/www.skolamichael.cz\/wp-content\/uploads\/2026\/01\/MSC_8834-300x200.jpg 300w, https:\/\/www.skolamichael.cz\/wp-content\/uploads\/2026\/01\/MSC_8834-1024x683.jpg 1024w\" sizes=\"auto, (max-width: 1620px) 100vw, 1620px\" \/><\/a>\n\t\t\t<\/div><\/figure><figure class='gallery-item'>\n\t\t\t<div class='gallery-icon landscape'>\n\t\t\t\t<a href='https:\/\/www.skolamichael.cz\/wp-content\/uploads\/2026\/01\/MSC_8954.jpg'><img loading=\"lazy\" decoding=\"async\" width=\"1620\" height=\"1080\" src=\"https:\/\/www.skolamichael.cz\/wp-content\/uploads\/2026\/01\/MSC_8954.jpg\" class=\"attachment-full size-full\" alt=\"\" srcset=\"https:\/\/www.skolamichael.cz\/wp-content\/uploads\/2026\/01\/MSC_8954.jpg 1620w, https:\/\/www.skolamichael.cz\/wp-content\/uploads\/2026\/01\/MSC_8954-300x200.jpg 300w, https:\/\/www.skolamichael.cz\/wp-content\/uploads\/2026\/01\/MSC_8954-1024x683.jpg 1024w\" sizes=\"auto, (max-width: 1620px) 100vw, 1620px\" \/><\/a>\n\t\t\t<\/div><\/figure><figure class='gallery-item'>\n\t\t\t<div class='gallery-icon portrait'>\n\t\t\t\t<a href='https:\/\/www.skolamichael.cz\/wp-content\/uploads\/2026\/01\/MSC_8920.jpg'><img loading=\"lazy\" decoding=\"async\" width=\"720\" height=\"1080\" src=\"https:\/\/www.skolamichael.cz\/wp-content\/uploads\/2026\/01\/MSC_8920.jpg\" class=\"attachment-full size-full\" alt=\"\" srcset=\"https:\/\/www.skolamichael.cz\/wp-content\/uploads\/2026\/01\/MSC_8920.jpg 720w, https:\/\/www.skolamichael.cz\/wp-content\/uploads\/2026\/01\/MSC_8920-200x300.jpg 200w, https:\/\/www.skolamichael.cz\/wp-content\/uploads\/2026\/01\/MSC_8920-683x1024.jpg 683w\" sizes=\"auto, (max-width: 720px) 100vw, 720px\" \/><\/a>\n\t\t\t<\/div><\/figure>\n\t\t<\/div>\n\n","protected":false},"excerpt":{"rendered":"<p>S velkou radost\u00ed oznamujeme, \u017ee na\u0161i studenti dos\u00e1hli skv\u011bl\u00e9ho \u00fasp\u011bchu na presti\u017en\u00ed fotografick\u00e9 sout\u011b\u017ei Czech Photo Junior, kter\u00e1 ka\u017edoro\u010dn\u011b oce\u0148uje ty nejlep\u0161\u00ed mlad\u00e9 talenty z cel\u00e9 republiky. V konkurenci v\u00edce ne\u017e 1500 p\u0159ihl\u00e1\u0161en\u00fdch fotografi\u00ed z\u00edskala Anna L\u00f6wensteinov\u00e1 2. m\u00edsto a Maty\u00e1\u0161 \u010cech obsadil skv\u011bl\u00e9 3. m\u00edsto. Oba tak prok\u00e1zali nejen mimo\u0159\u00e1dn\u00fd cit pro fotografii, ale [&hellip;]<\/p>\n","protected":false},"author":19,"featured_media":30596,"comment_status":"closed","ping_status":"open","sticky":false,"template":"","format":"standard","meta":{"_acf_changed":false,"footnotes":""},"categories":[15],"tags":[],"class_list":["post-30590","post","type-post","status-publish","format-standard","has-post-thumbnail","hentry","category-uspechy"],"acf":[],"yoast_head":"<!-- This site is optimized with the Yoast SEO plugin v27.4 - https:\/\/yoast.com\/product\/yoast-seo-wordpress\/ -->\n<title>\u00dasp\u011bch v sout\u011b\u017ei Czech Photo Junior | MICHAEL<\/title>\n<meta name=\"robots\" content=\"index, follow, max-snippet:-1, max-image-preview:large, max-video-preview:-1\" \/>\n<link rel=\"canonical\" href=\"https:\/\/www.skolamichael.cz\/en\/aktualne\/uspechy\/uspech-v-soutezi-czech-photo-junior\/\" \/>\n<meta property=\"og:locale\" content=\"en_US\" \/>\n<meta property=\"og:type\" content=\"article\" \/>\n<meta property=\"og:title\" content=\"\u00dasp\u011bch v sout\u011b\u017ei Czech Photo Junior | MICHAEL\" \/>\n<meta property=\"og:description\" content=\"S velkou radost\u00ed oznamujeme, \u017ee na\u0161i studenti dos\u00e1hli skv\u011bl\u00e9ho \u00fasp\u011bchu na presti\u017en\u00ed fotografick\u00e9 sout\u011b\u017ei Czech Photo Junior, kter\u00e1 ka\u017edoro\u010dn\u011b oce\u0148uje ty nejlep\u0161\u00ed mlad\u00e9 talenty z cel\u00e9 republiky. V konkurenci v\u00edce ne\u017e 1500 p\u0159ihl\u00e1\u0161en\u00fdch fotografi\u00ed z\u00edskala Anna L\u00f6wensteinov\u00e1 2. m\u00edsto a Maty\u00e1\u0161 \u010cech obsadil skv\u011bl\u00e9 3. m\u00edsto. Oba tak prok\u00e1zali nejen mimo\u0159\u00e1dn\u00fd cit pro fotografii, ale [&hellip;]\" \/>\n<meta property=\"og:url\" content=\"https:\/\/www.skolamichael.cz\/en\/aktualne\/uspechy\/uspech-v-soutezi-czech-photo-junior\/\" \/>\n<meta property=\"og:site_name\" content=\"MICHAEL\" \/>\n<meta property=\"article:publisher\" content=\"http:\/\/www.facebook.com\/skolamichael\" \/>\n<meta property=\"article:published_time\" content=\"2026-01-26T12:05:49+00:00\" \/>\n<meta property=\"article:modified_time\" content=\"2026-01-26T12:08:36+00:00\" \/>\n<meta property=\"og:image\" content=\"https:\/\/www.skolamichael.cz\/wp-content\/uploads\/2026\/01\/CPJweb.jpg\" \/>\n\t<meta property=\"og:image:width\" content=\"1080\" \/>\n\t<meta property=\"og:image:height\" content=\"1080\" \/>\n\t<meta property=\"og:image:type\" content=\"image\/jpeg\" \/>\n<meta name=\"author\" content=\"Isabel Magdic\" \/>\n<meta name=\"twitter:card\" content=\"summary_large_image\" \/>\n<meta name=\"twitter:label1\" content=\"Written by\" \/>\n\t<meta name=\"twitter:data1\" content=\"Isabel Magdic\" \/>\n\t<meta name=\"twitter:label2\" content=\"Est. reading time\" \/>\n\t<meta name=\"twitter:data2\" content=\"1 minute\" \/>\n<script type=\"application\/ld+json\" class=\"yoast-schema-graph\">{\"@context\":\"https:\\\/\\\/schema.org\",\"@graph\":[{\"@type\":\"Article\",\"@id\":\"https:\\\/\\\/www.skolamichael.cz\\\/en\\\/aktualne\\\/uspechy\\\/uspech-v-soutezi-czech-photo-junior\\\/#article\",\"isPartOf\":{\"@id\":\"https:\\\/\\\/www.skolamichael.cz\\\/en\\\/aktualne\\\/uspechy\\\/uspech-v-soutezi-czech-photo-junior\\\/\"},\"author\":{\"name\":\"Isabel Magdic\",\"@id\":\"https:\\\/\\\/www.skolamichael.cz\\\/en\\\/#\\\/schema\\\/person\\\/558cacac09baabcf878965ff60722247\"},\"headline\":\"\u00dasp\u011bch v sout\u011b\u017ei Czech Photo Junior\",\"datePublished\":\"2026-01-26T12:05:49+00:00\",\"dateModified\":\"2026-01-26T12:08:36+00:00\",\"mainEntityOfPage\":{\"@id\":\"https:\\\/\\\/www.skolamichael.cz\\\/en\\\/aktualne\\\/uspechy\\\/uspech-v-soutezi-czech-photo-junior\\\/\"},\"wordCount\":178,\"publisher\":{\"@id\":\"https:\\\/\\\/www.skolamichael.cz\\\/en\\\/#organization\"},\"image\":{\"@id\":\"https:\\\/\\\/www.skolamichael.cz\\\/en\\\/aktualne\\\/uspechy\\\/uspech-v-soutezi-czech-photo-junior\\\/#primaryimage\"},\"thumbnailUrl\":\"https:\\\/\\\/www.skolamichael.cz\\\/wp-content\\\/uploads\\\/2026\\\/01\\\/CPJweb.jpg\",\"articleSection\":[\"\u00dasp\u011bchy\"],\"inLanguage\":\"en-US\"},{\"@type\":\"WebPage\",\"@id\":\"https:\\\/\\\/www.skolamichael.cz\\\/en\\\/aktualne\\\/uspechy\\\/uspech-v-soutezi-czech-photo-junior\\\/\",\"url\":\"https:\\\/\\\/www.skolamichael.cz\\\/en\\\/aktualne\\\/uspechy\\\/uspech-v-soutezi-czech-photo-junior\\\/\",\"name\":\"\u00dasp\u011bch v sout\u011b\u017ei Czech Photo Junior | MICHAEL\",\"isPartOf\":{\"@id\":\"https:\\\/\\\/www.skolamichael.cz\\\/en\\\/#website\"},\"primaryImageOfPage\":{\"@id\":\"https:\\\/\\\/www.skolamichael.cz\\\/en\\\/aktualne\\\/uspechy\\\/uspech-v-soutezi-czech-photo-junior\\\/#primaryimage\"},\"image\":{\"@id\":\"https:\\\/\\\/www.skolamichael.cz\\\/en\\\/aktualne\\\/uspechy\\\/uspech-v-soutezi-czech-photo-junior\\\/#primaryimage\"},\"thumbnailUrl\":\"https:\\\/\\\/www.skolamichael.cz\\\/wp-content\\\/uploads\\\/2026\\\/01\\\/CPJweb.jpg\",\"datePublished\":\"2026-01-26T12:05:49+00:00\",\"dateModified\":\"2026-01-26T12:08:36+00:00\",\"breadcrumb\":{\"@id\":\"https:\\\/\\\/www.skolamichael.cz\\\/en\\\/aktualne\\\/uspechy\\\/uspech-v-soutezi-czech-photo-junior\\\/#breadcrumb\"},\"inLanguage\":\"en-US\",\"potentialAction\":[{\"@type\":\"ReadAction\",\"target\":[\"https:\\\/\\\/www.skolamichael.cz\\\/en\\\/aktualne\\\/uspechy\\\/uspech-v-soutezi-czech-photo-junior\\\/\"]}]},{\"@type\":\"ImageObject\",\"inLanguage\":\"en-US\",\"@id\":\"https:\\\/\\\/www.skolamichael.cz\\\/en\\\/aktualne\\\/uspechy\\\/uspech-v-soutezi-czech-photo-junior\\\/#primaryimage\",\"url\":\"https:\\\/\\\/www.skolamichael.cz\\\/wp-content\\\/uploads\\\/2026\\\/01\\\/CPJweb.jpg\",\"contentUrl\":\"https:\\\/\\\/www.skolamichael.cz\\\/wp-content\\\/uploads\\\/2026\\\/01\\\/CPJweb.jpg\",\"width\":1080,\"height\":1080},{\"@type\":\"BreadcrumbList\",\"@id\":\"https:\\\/\\\/www.skolamichael.cz\\\/en\\\/aktualne\\\/uspechy\\\/uspech-v-soutezi-czech-photo-junior\\\/#breadcrumb\",\"itemListElement\":[{\"@type\":\"ListItem\",\"position\":1,\"name\":\"Dom\u016f\",\"item\":\"https:\\\/\\\/www.skolamichael.cz\\\/en\\\/\"},{\"@type\":\"ListItem\",\"position\":2,\"name\":\"\u00dasp\u011bch v sout\u011b\u017ei Czech Photo Junior\"}]},{\"@type\":\"WebSite\",\"@id\":\"https:\\\/\\\/www.skolamichael.cz\\\/en\\\/#website\",\"url\":\"https:\\\/\\\/www.skolamichael.cz\\\/en\\\/\",\"name\":\"MICHAEL\",\"description\":\"St\u0159edn\u00ed \u0161kola, Gymn\u00e1zium a Vy\u0161\u0161\u00ed odborn\u00e1 \u0161kola\",\"publisher\":{\"@id\":\"https:\\\/\\\/www.skolamichael.cz\\\/en\\\/#organization\"},\"alternateName\":\"St\u0159edn\u00ed \u0161kola, Gymn\u00e1zium a Vy\u0161\u0161\u00ed odborn\u00e1 \u0161kola\",\"potentialAction\":[{\"@type\":\"SearchAction\",\"target\":{\"@type\":\"EntryPoint\",\"urlTemplate\":\"https:\\\/\\\/www.skolamichael.cz\\\/en\\\/?s={search_term_string}\"},\"query-input\":{\"@type\":\"PropertyValueSpecification\",\"valueRequired\":true,\"valueName\":\"search_term_string\"}}],\"inLanguage\":\"en-US\"},{\"@type\":\"Organization\",\"@id\":\"https:\\\/\\\/www.skolamichael.cz\\\/en\\\/#organization\",\"name\":\"Michael \u2013 St\u0159edn\u00ed \u0161kola, Gymn\u00e1zium a Vy\u0161\u0161\u00ed odborn\u00e1 \u0161kola, s.r.o.\",\"url\":\"https:\\\/\\\/www.skolamichael.cz\\\/en\\\/\",\"logo\":{\"@type\":\"ImageObject\",\"inLanguage\":\"en-US\",\"@id\":\"https:\\\/\\\/www.skolamichael.cz\\\/en\\\/#\\\/schema\\\/logo\\\/image\\\/\",\"url\":\"https:\\\/\\\/www.skolamichael.cz\\\/wp-content\\\/uploads\\\/2019\\\/03\\\/logo_michael_final_ctverec1-1.jpg\",\"contentUrl\":\"https:\\\/\\\/www.skolamichael.cz\\\/wp-content\\\/uploads\\\/2019\\\/03\\\/logo_michael_final_ctverec1-1.jpg\",\"width\":400,\"height\":400,\"caption\":\"Michael \u2013 St\u0159edn\u00ed \u0161kola, Gymn\u00e1zium a Vy\u0161\u0161\u00ed odborn\u00e1 \u0161kola, s.r.o.\"},\"image\":{\"@id\":\"https:\\\/\\\/www.skolamichael.cz\\\/en\\\/#\\\/schema\\\/logo\\\/image\\\/\"},\"sameAs\":[\"http:\\\/\\\/www.facebook.com\\\/skolamichael\",\"https:\\\/\\\/www.instagram.com\\\/skola_michael\\\/\"]},{\"@type\":\"Person\",\"@id\":\"https:\\\/\\\/www.skolamichael.cz\\\/en\\\/#\\\/schema\\\/person\\\/558cacac09baabcf878965ff60722247\",\"name\":\"Isabel Magdic\",\"image\":{\"@type\":\"ImageObject\",\"inLanguage\":\"en-US\",\"@id\":\"https:\\\/\\\/secure.gravatar.com\\\/avatar\\\/ec7f59705dc51a1ab5a45963ebbb1c80bd7f0d7654cacdc50c2bc953d397331d?s=96&d=mm&r=g\",\"url\":\"https:\\\/\\\/secure.gravatar.com\\\/avatar\\\/ec7f59705dc51a1ab5a45963ebbb1c80bd7f0d7654cacdc50c2bc953d397331d?s=96&d=mm&r=g\",\"contentUrl\":\"https:\\\/\\\/secure.gravatar.com\\\/avatar\\\/ec7f59705dc51a1ab5a45963ebbb1c80bd7f0d7654cacdc50c2bc953d397331d?s=96&d=mm&r=g\",\"caption\":\"Isabel Magdic\"},\"url\":\"https:\\\/\\\/www.skolamichael.cz\\\/en\\\/author\\\/imagdic\\\/\"}]}<\/script>\n<!-- \/ Yoast SEO plugin. -->","yoast_head_json":{"title":"\u00dasp\u011bch v sout\u011b\u017ei Czech Photo Junior | MICHAEL","robots":{"index":"index","follow":"follow","max-snippet":"max-snippet:-1","max-image-preview":"max-image-preview:large","max-video-preview":"max-video-preview:-1"},"canonical":"https:\/\/www.skolamichael.cz\/en\/aktualne\/uspechy\/uspech-v-soutezi-czech-photo-junior\/","og_locale":"en_US","og_type":"article","og_title":"\u00dasp\u011bch v sout\u011b\u017ei Czech Photo Junior | MICHAEL","og_description":"S velkou radost\u00ed oznamujeme, \u017ee na\u0161i studenti dos\u00e1hli skv\u011bl\u00e9ho \u00fasp\u011bchu na presti\u017en\u00ed fotografick\u00e9 sout\u011b\u017ei Czech Photo Junior, kter\u00e1 ka\u017edoro\u010dn\u011b oce\u0148uje ty nejlep\u0161\u00ed mlad\u00e9 talenty z cel\u00e9 republiky. V konkurenci v\u00edce ne\u017e 1500 p\u0159ihl\u00e1\u0161en\u00fdch fotografi\u00ed z\u00edskala Anna L\u00f6wensteinov\u00e1 2. m\u00edsto a Maty\u00e1\u0161 \u010cech obsadil skv\u011bl\u00e9 3. m\u00edsto. Oba tak prok\u00e1zali nejen mimo\u0159\u00e1dn\u00fd cit pro fotografii, ale [&hellip;]","og_url":"https:\/\/www.skolamichael.cz\/en\/aktualne\/uspechy\/uspech-v-soutezi-czech-photo-junior\/","og_site_name":"MICHAEL","article_publisher":"http:\/\/www.facebook.com\/skolamichael","article_published_time":"2026-01-26T12:05:49+00:00","article_modified_time":"2026-01-26T12:08:36+00:00","og_image":[{"width":1080,"height":1080,"url":"https:\/\/www.skolamichael.cz\/wp-content\/uploads\/2026\/01\/CPJweb.jpg","type":"image\/jpeg"}],"author":"Isabel Magdic","twitter_card":"summary_large_image","twitter_misc":{"Written by":"Isabel Magdic","Est. reading time":"1 minute"},"schema":{"@context":"https:\/\/schema.org","@graph":[{"@type":"Article","@id":"https:\/\/www.skolamichael.cz\/en\/aktualne\/uspechy\/uspech-v-soutezi-czech-photo-junior\/#article","isPartOf":{"@id":"https:\/\/www.skolamichael.cz\/en\/aktualne\/uspechy\/uspech-v-soutezi-czech-photo-junior\/"},"author":{"name":"Isabel Magdic","@id":"https:\/\/www.skolamichael.cz\/en\/#\/schema\/person\/558cacac09baabcf878965ff60722247"},"headline":"\u00dasp\u011bch v sout\u011b\u017ei Czech Photo Junior","datePublished":"2026-01-26T12:05:49+00:00","dateModified":"2026-01-26T12:08:36+00:00","mainEntityOfPage":{"@id":"https:\/\/www.skolamichael.cz\/en\/aktualne\/uspechy\/uspech-v-soutezi-czech-photo-junior\/"},"wordCount":178,"publisher":{"@id":"https:\/\/www.skolamichael.cz\/en\/#organization"},"image":{"@id":"https:\/\/www.skolamichael.cz\/en\/aktualne\/uspechy\/uspech-v-soutezi-czech-photo-junior\/#primaryimage"},"thumbnailUrl":"https:\/\/www.skolamichael.cz\/wp-content\/uploads\/2026\/01\/CPJweb.jpg","articleSection":["\u00dasp\u011bchy"],"inLanguage":"en-US"},{"@type":"WebPage","@id":"https:\/\/www.skolamichael.cz\/en\/aktualne\/uspechy\/uspech-v-soutezi-czech-photo-junior\/","url":"https:\/\/www.skolamichael.cz\/en\/aktualne\/uspechy\/uspech-v-soutezi-czech-photo-junior\/","name":"\u00dasp\u011bch v sout\u011b\u017ei Czech Photo Junior | MICHAEL","isPartOf":{"@id":"https:\/\/www.skolamichael.cz\/en\/#website"},"primaryImageOfPage":{"@id":"https:\/\/www.skolamichael.cz\/en\/aktualne\/uspechy\/uspech-v-soutezi-czech-photo-junior\/#primaryimage"},"image":{"@id":"https:\/\/www.skolamichael.cz\/en\/aktualne\/uspechy\/uspech-v-soutezi-czech-photo-junior\/#primaryimage"},"thumbnailUrl":"https:\/\/www.skolamichael.cz\/wp-content\/uploads\/2026\/01\/CPJweb.jpg","datePublished":"2026-01-26T12:05:49+00:00","dateModified":"2026-01-26T12:08:36+00:00","breadcrumb":{"@id":"https:\/\/www.skolamichael.cz\/en\/aktualne\/uspechy\/uspech-v-soutezi-czech-photo-junior\/#breadcrumb"},"inLanguage":"en-US","potentialAction":[{"@type":"ReadAction","target":["https:\/\/www.skolamichael.cz\/en\/aktualne\/uspechy\/uspech-v-soutezi-czech-photo-junior\/"]}]},{"@type":"ImageObject","inLanguage":"en-US","@id":"https:\/\/www.skolamichael.cz\/en\/aktualne\/uspechy\/uspech-v-soutezi-czech-photo-junior\/#primaryimage","url":"https:\/\/www.skolamichael.cz\/wp-content\/uploads\/2026\/01\/CPJweb.jpg","contentUrl":"https:\/\/www.skolamichael.cz\/wp-content\/uploads\/2026\/01\/CPJweb.jpg","width":1080,"height":1080},{"@type":"BreadcrumbList","@id":"https:\/\/www.skolamichael.cz\/en\/aktualne\/uspechy\/uspech-v-soutezi-czech-photo-junior\/#breadcrumb","itemListElement":[{"@type":"ListItem","position":1,"name":"Dom\u016f","item":"https:\/\/www.skolamichael.cz\/en\/"},{"@type":"ListItem","position":2,"name":"\u00dasp\u011bch v sout\u011b\u017ei Czech Photo Junior"}]},{"@type":"WebSite","@id":"https:\/\/www.skolamichael.cz\/en\/#website","url":"https:\/\/www.skolamichael.cz\/en\/","name":"MICHAEL","description":"St\u0159edn\u00ed \u0161kola, Gymn\u00e1zium a Vy\u0161\u0161\u00ed odborn\u00e1 \u0161kola","publisher":{"@id":"https:\/\/www.skolamichael.cz\/en\/#organization"},"alternateName":"St\u0159edn\u00ed \u0161kola, Gymn\u00e1zium a Vy\u0161\u0161\u00ed odborn\u00e1 \u0161kola","potentialAction":[{"@type":"SearchAction","target":{"@type":"EntryPoint","urlTemplate":"https:\/\/www.skolamichael.cz\/en\/?s={search_term_string}"},"query-input":{"@type":"PropertyValueSpecification","valueRequired":true,"valueName":"search_term_string"}}],"inLanguage":"en-US"},{"@type":"Organization","@id":"https:\/\/www.skolamichael.cz\/en\/#organization","name":"Michael \u2013 St\u0159edn\u00ed \u0161kola, Gymn\u00e1zium a Vy\u0161\u0161\u00ed odborn\u00e1 \u0161kola, s.r.o.","url":"https:\/\/www.skolamichael.cz\/en\/","logo":{"@type":"ImageObject","inLanguage":"en-US","@id":"https:\/\/www.skolamichael.cz\/en\/#\/schema\/logo\/image\/","url":"https:\/\/www.skolamichael.cz\/wp-content\/uploads\/2019\/03\/logo_michael_final_ctverec1-1.jpg","contentUrl":"https:\/\/www.skolamichael.cz\/wp-content\/uploads\/2019\/03\/logo_michael_final_ctverec1-1.jpg","width":400,"height":400,"caption":"Michael \u2013 St\u0159edn\u00ed \u0161kola, Gymn\u00e1zium a Vy\u0161\u0161\u00ed odborn\u00e1 \u0161kola, s.r.o."},"image":{"@id":"https:\/\/www.skolamichael.cz\/en\/#\/schema\/logo\/image\/"},"sameAs":["http:\/\/www.facebook.com\/skolamichael","https:\/\/www.instagram.com\/skola_michael\/"]},{"@type":"Person","@id":"https:\/\/www.skolamichael.cz\/en\/#\/schema\/person\/558cacac09baabcf878965ff60722247","name":"Isabel Magdic","image":{"@type":"ImageObject","inLanguage":"en-US","@id":"https:\/\/secure.gravatar.com\/avatar\/ec7f59705dc51a1ab5a45963ebbb1c80bd7f0d7654cacdc50c2bc953d397331d?s=96&d=mm&r=g","url":"https:\/\/secure.gravatar.com\/avatar\/ec7f59705dc51a1ab5a45963ebbb1c80bd7f0d7654cacdc50c2bc953d397331d?s=96&d=mm&r=g","contentUrl":"https:\/\/secure.gravatar.com\/avatar\/ec7f59705dc51a1ab5a45963ebbb1c80bd7f0d7654cacdc50c2bc953d397331d?s=96&d=mm&r=g","caption":"Isabel Magdic"},"url":"https:\/\/www.skolamichael.cz\/en\/author\/imagdic\/"}]}},"_links":{"self":[{"href":"https:\/\/www.skolamichael.cz\/en\/wp-json\/wp\/v2\/posts\/30590","targetHints":{"allow":["GET"]}}],"collection":[{"href":"https:\/\/www.skolamichael.cz\/en\/wp-json\/wp\/v2\/posts"}],"about":[{"href":"https:\/\/www.skolamichael.cz\/en\/wp-json\/wp\/v2\/types\/post"}],"author":[{"embeddable":true,"href":"https:\/\/www.skolamichael.cz\/en\/wp-json\/wp\/v2\/users\/19"}],"replies":[{"embeddable":true,"href":"https:\/\/www.skolamichael.cz\/en\/wp-json\/wp\/v2\/comments?post=30590"}],"version-history":[{"count":3,"href":"https:\/\/www.skolamichael.cz\/en\/wp-json\/wp\/v2\/posts\/30590\/revisions"}],"predecessor-version":[{"id":30600,"href":"https:\/\/www.skolamichael.cz\/en\/wp-json\/wp\/v2\/posts\/30590\/revisions\/30600"}],"wp:featuredmedia":[{"embeddable":true,"href":"https:\/\/www.skolamichael.cz\/en\/wp-json\/wp\/v2\/media\/30596"}],"wp:attachment":[{"href":"https:\/\/www.skolamichael.cz\/en\/wp-json\/wp\/v2\/media?parent=30590"}],"wp:term":[{"taxonomy":"category","embeddable":true,"href":"https:\/\/www.skolamichael.cz\/en\/wp-json\/wp\/v2\/categories?post=30590"},{"taxonomy":"post_tag","embeddable":true,"href":"https:\/\/www.skolamichael.cz\/en\/wp-json\/wp\/v2\/tags?post=30590"}],"curies":[{"name":"wp","href":"https:\/\/api.w.org\/{rel}","templated":true}]}}