{"id":32121,"date":"2026-04-29T15:45:04","date_gmt":"2026-04-29T13:45:04","guid":{"rendered":"https:\/\/www.skolamichael.cz\/?p=32121"},"modified":"2026-04-29T15:48:01","modified_gmt":"2026-04-29T13:48:01","slug":"tudent-jan-belcik-vitezem-fep-young-photographers-awards-2026","status":"publish","type":"post","link":"https:\/\/www.skolamichael.cz\/en\/aktualne\/tudent-jan-belcik-vitezem-fep-young-photographers-awards-2026\/","title":{"rendered":"Student Jan B\u011bl\u010d\u00edk &#8211; v\u00edt\u011bzem FEP Young Photographers Awards 2026"},"content":{"rendered":"<p data-start=\"0\" data-end=\"173\">M\u00e1me obrovskou radost, \u017ee v\u00e1m m\u016f\u017eeme ozn\u00e1mit, \u017ee n\u00e1\u0161 student <span class=\"hover:entity-accent entity-underline inline cursor-pointer align-baseline\"><span class=\"whitespace-normal\">Jan B\u011bl\u010d\u00edk<\/span><\/span> se stal v\u00edt\u011bzem presti\u017en\u00ed mezin\u00e1rodn\u00ed sout\u011b\u017ee <strong><span class=\"hover:entity-accent entity-underline inline cursor-pointer align-baseline\"><span class=\"whitespace-normal\">FEP Young Photographers Awards 2026<\/span><\/span><\/strong>.<\/p>\n<p data-start=\"185\" data-end=\"435\">Slavnostn\u00ed vyhl\u00e1\u0161en\u00ed prob\u011bhlo na <strong>Islandu<\/strong> ve m\u011bst\u011b <span class=\"hover:entity-accent entity-underline inline cursor-pointer align-baseline\"><span class=\"whitespace-normal\">Reykjav\u00edk<\/span><\/span>, kde Jan osobn\u011b p\u0159evzal ocen\u011bn\u00ed. U\u017e samotn\u00e1 \u00fa\u010dast mezi t\u0159emi finalisty byla obrovsk\u00fdm \u00fasp\u011bchem, ale nakonec si z p\u00f3dia odnesl nejvy\u0161\u0161\u00ed ocen\u011bn\u00ed ve sv\u00e9 kategorii.<\/p>\n<p data-start=\"437\" data-end=\"621\">Jeho cesta k v\u00edt\u011bzstv\u00ed byla pln\u00e1 nasazen\u00ed. Je\u0161t\u011b p\u0159ed odletem zvl\u00e1dl dokon\u010dit a odevzdat svou praktickou maturitn\u00ed pr\u00e1ci, aby mohl \u010ceskou republiku reprezentovat na t\u00e9to v\u00fdznamn\u00e9 ud\u00e1losti.<\/p>\n<p data-start=\"623\" data-end=\"714\" data-is-last-node=\"\" data-is-only-node=\"\">Gratulujeme k tomuto mimo\u0159\u00e1dn\u00e9mu \u00fasp\u011bchu a p\u0159ejeme mnoho dal\u0161\u00edch inspirativn\u00edch projekt\u016f!<\/p>\n<p>Foto: <a href=\"https:\/\/www.asociacefotografu.com\/cz\">Asociace profesion\u00e1ln\u00edch fotograf\u016f<\/a><\/p>\n<div id='gallery-1' class='gallery galleryid-32121 gallery-columns-1 gallery-size-full'><figure class='gallery-item'>\n\t\t\t<div class='gallery-icon landscape'>\n\t\t\t\t<a href='https:\/\/www.skolamichael.cz\/wp-content\/uploads\/2026\/04\/JB2.jpg'><img loading=\"lazy\" decoding=\"async\" width=\"1920\" height=\"1006\" src=\"https:\/\/www.skolamichael.cz\/wp-content\/uploads\/2026\/04\/JB2.jpg\" class=\"attachment-full size-full\" alt=\"\" srcset=\"https:\/\/www.skolamichael.cz\/wp-content\/uploads\/2026\/04\/JB2.jpg 1920w, https:\/\/www.skolamichael.cz\/wp-content\/uploads\/2026\/04\/JB2-300x157.jpg 300w, https:\/\/www.skolamichael.cz\/wp-content\/uploads\/2026\/04\/JB2-1024x537.jpg 1024w\" sizes=\"auto, (max-width: 1920px) 100vw, 1920px\" \/><\/a>\n\t\t\t<\/div><\/figure><figure class='gallery-item'>\n\t\t\t<div class='gallery-icon landscape'>\n\t\t\t\t<a href='https:\/\/www.skolamichael.cz\/wp-content\/uploads\/2026\/04\/JBweb1.jpg'><img loading=\"lazy\" decoding=\"async\" width=\"1920\" height=\"1006\" src=\"https:\/\/www.skolamichael.cz\/wp-content\/uploads\/2026\/04\/JBweb1.jpg\" class=\"attachment-full size-full\" alt=\"\" srcset=\"https:\/\/www.skolamichael.cz\/wp-content\/uploads\/2026\/04\/JBweb1.jpg 1920w, https:\/\/www.skolamichael.cz\/wp-content\/uploads\/2026\/04\/JBweb1-300x157.jpg 300w, https:\/\/www.skolamichael.cz\/wp-content\/uploads\/2026\/04\/JBweb1-1024x537.jpg 1024w\" sizes=\"auto, (max-width: 1920px) 100vw, 1920px\" \/><\/a>\n\t\t\t<\/div><\/figure><figure class='gallery-item'>\n\t\t\t<div class='gallery-icon landscape'>\n\t\t\t\t<a href='https:\/\/www.skolamichael.cz\/wp-content\/uploads\/2026\/04\/3Z6A9648-.jpg'><img loading=\"lazy\" decoding=\"async\" width=\"480\" height=\"320\" src=\"https:\/\/www.skolamichael.cz\/wp-content\/uploads\/2026\/04\/3Z6A9648-.jpg\" class=\"attachment-full size-full\" alt=\"\" srcset=\"https:\/\/www.skolamichael.cz\/wp-content\/uploads\/2026\/04\/3Z6A9648-.jpg 480w, https:\/\/www.skolamichael.cz\/wp-content\/uploads\/2026\/04\/3Z6A9648--300x200.jpg 300w\" sizes=\"auto, (max-width: 480px) 100vw, 480px\" \/><\/a>\n\t\t\t<\/div><\/figure><figure class='gallery-item'>\n\t\t\t<div class='gallery-icon landscape'>\n\t\t\t\t<a href='https:\/\/www.skolamichael.cz\/wp-content\/uploads\/2026\/04\/IMG_9842.jpg'><img loading=\"lazy\" decoding=\"async\" width=\"480\" height=\"320\" src=\"https:\/\/www.skolamichael.cz\/wp-content\/uploads\/2026\/04\/IMG_9842.jpg\" class=\"attachment-full size-full\" alt=\"\" srcset=\"https:\/\/www.skolamichael.cz\/wp-content\/uploads\/2026\/04\/IMG_9842.jpg 480w, https:\/\/www.skolamichael.cz\/wp-content\/uploads\/2026\/04\/IMG_9842-300x200.jpg 300w\" sizes=\"auto, (max-width: 480px) 100vw, 480px\" \/><\/a>\n\t\t\t<\/div><\/figure>\n\t\t<\/div>\n\n<p>&nbsp;<\/p>\n","protected":false},"excerpt":{"rendered":"<p>M\u00e1me obrovskou radost, \u017ee v\u00e1m m\u016f\u017eeme ozn\u00e1mit, \u017ee n\u00e1\u0161 student Jan B\u011bl\u010d\u00edk se stal v\u00edt\u011bzem presti\u017en\u00ed mezin\u00e1rodn\u00ed sout\u011b\u017ee FEP Young Photographers Awards 2026. Slavnostn\u00ed vyhl\u00e1\u0161en\u00ed prob\u011bhlo na Islandu ve m\u011bst\u011b Reykjav\u00edk, kde Jan osobn\u011b p\u0159evzal ocen\u011bn\u00ed. U\u017e samotn\u00e1 \u00fa\u010dast mezi t\u0159emi finalisty byla obrovsk\u00fdm \u00fasp\u011bchem, ale nakonec si z p\u00f3dia odnesl nejvy\u0161\u0161\u00ed ocen\u011bn\u00ed ve sv\u00e9 [&hellip;]<\/p>\n","protected":false},"author":19,"featured_media":32126,"comment_status":"closed","ping_status":"open","sticky":false,"template":"","format":"standard","meta":{"_acf_changed":false,"footnotes":""},"categories":[3],"tags":[],"class_list":["post-32121","post","type-post","status-publish","format-standard","has-post-thumbnail","hentry","category-aktualne"],"acf":[],"yoast_head":"<!-- This site is optimized with the Yoast SEO plugin v27.4 - https:\/\/yoast.com\/product\/yoast-seo-wordpress\/ -->\n<title>Student Jan B\u011bl\u010d\u00edk &#8211; v\u00edt\u011bzem FEP Young Photographers Awards 2026 | MICHAEL<\/title>\n<meta name=\"robots\" content=\"index, follow, max-snippet:-1, max-image-preview:large, max-video-preview:-1\" \/>\n<link rel=\"canonical\" href=\"https:\/\/www.skolamichael.cz\/en\/aktualne\/tudent-jan-belcik-vitezem-fep-young-photographers-awards-2026\/\" \/>\n<meta property=\"og:locale\" content=\"en_US\" \/>\n<meta property=\"og:type\" content=\"article\" \/>\n<meta property=\"og:title\" content=\"Student Jan B\u011bl\u010d\u00edk &#8211; v\u00edt\u011bzem FEP Young Photographers Awards 2026 | MICHAEL\" \/>\n<meta property=\"og:description\" content=\"M\u00e1me obrovskou radost, \u017ee v\u00e1m m\u016f\u017eeme ozn\u00e1mit, \u017ee n\u00e1\u0161 student Jan B\u011bl\u010d\u00edk se stal v\u00edt\u011bzem presti\u017en\u00ed mezin\u00e1rodn\u00ed sout\u011b\u017ee FEP Young Photographers Awards 2026. Slavnostn\u00ed vyhl\u00e1\u0161en\u00ed prob\u011bhlo na Islandu ve m\u011bst\u011b Reykjav\u00edk, kde Jan osobn\u011b p\u0159evzal ocen\u011bn\u00ed. U\u017e samotn\u00e1 \u00fa\u010dast mezi t\u0159emi finalisty byla obrovsk\u00fdm \u00fasp\u011bchem, ale nakonec si z p\u00f3dia odnesl nejvy\u0161\u0161\u00ed ocen\u011bn\u00ed ve sv\u00e9 [&hellip;]\" \/>\n<meta property=\"og:url\" content=\"https:\/\/www.skolamichael.cz\/en\/aktualne\/tudent-jan-belcik-vitezem-fep-young-photographers-awards-2026\/\" \/>\n<meta property=\"og:site_name\" content=\"MICHAEL\" \/>\n<meta property=\"article:publisher\" content=\"http:\/\/www.facebook.com\/skolamichael\" \/>\n<meta property=\"article:published_time\" content=\"2026-04-29T13:45:04+00:00\" \/>\n<meta property=\"article:modified_time\" content=\"2026-04-29T13:48:01+00:00\" \/>\n<meta property=\"og:image\" content=\"https:\/\/www.skolamichael.cz\/wp-content\/uploads\/2026\/04\/FEPJB.jpg\" \/>\n\t<meta property=\"og:image:width\" content=\"1073\" \/>\n\t<meta property=\"og:image:height\" content=\"1073\" \/>\n\t<meta property=\"og:image:type\" content=\"image\/jpeg\" \/>\n<meta name=\"author\" content=\"Isabel Magdic\" \/>\n<meta name=\"twitter:card\" content=\"summary_large_image\" \/>\n<meta name=\"twitter:label1\" content=\"Written by\" \/>\n\t<meta name=\"twitter:data1\" content=\"Isabel Magdic\" \/>\n\t<meta name=\"twitter:label2\" content=\"Est. reading time\" \/>\n\t<meta name=\"twitter:data2\" content=\"1 minute\" \/>\n<script type=\"application\/ld+json\" class=\"yoast-schema-graph\">{\"@context\":\"https:\\\/\\\/schema.org\",\"@graph\":[{\"@type\":\"Article\",\"@id\":\"https:\\\/\\\/www.skolamichael.cz\\\/en\\\/aktualne\\\/tudent-jan-belcik-vitezem-fep-young-photographers-awards-2026\\\/#article\",\"isPartOf\":{\"@id\":\"https:\\\/\\\/www.skolamichael.cz\\\/en\\\/aktualne\\\/tudent-jan-belcik-vitezem-fep-young-photographers-awards-2026\\\/\"},\"author\":{\"name\":\"Isabel Magdic\",\"@id\":\"https:\\\/\\\/www.skolamichael.cz\\\/en\\\/#\\\/schema\\\/person\\\/558cacac09baabcf878965ff60722247\"},\"headline\":\"Student Jan B\u011bl\u010d\u00edk &#8211; v\u00edt\u011bzem FEP Young Photographers Awards 2026\",\"datePublished\":\"2026-04-29T13:45:04+00:00\",\"dateModified\":\"2026-04-29T13:48:01+00:00\",\"mainEntityOfPage\":{\"@id\":\"https:\\\/\\\/www.skolamichael.cz\\\/en\\\/aktualne\\\/tudent-jan-belcik-vitezem-fep-young-photographers-awards-2026\\\/\"},\"wordCount\":157,\"publisher\":{\"@id\":\"https:\\\/\\\/www.skolamichael.cz\\\/en\\\/#organization\"},\"image\":{\"@id\":\"https:\\\/\\\/www.skolamichael.cz\\\/en\\\/aktualne\\\/tudent-jan-belcik-vitezem-fep-young-photographers-awards-2026\\\/#primaryimage\"},\"thumbnailUrl\":\"https:\\\/\\\/www.skolamichael.cz\\\/wp-content\\\/uploads\\\/2026\\\/04\\\/FEPJB.jpg\",\"articleSection\":[\"Aktuality\"],\"inLanguage\":\"en-US\"},{\"@type\":\"WebPage\",\"@id\":\"https:\\\/\\\/www.skolamichael.cz\\\/en\\\/aktualne\\\/tudent-jan-belcik-vitezem-fep-young-photographers-awards-2026\\\/\",\"url\":\"https:\\\/\\\/www.skolamichael.cz\\\/en\\\/aktualne\\\/tudent-jan-belcik-vitezem-fep-young-photographers-awards-2026\\\/\",\"name\":\"Student Jan B\u011bl\u010d\u00edk &#8211; v\u00edt\u011bzem FEP Young Photographers Awards 2026 | MICHAEL\",\"isPartOf\":{\"@id\":\"https:\\\/\\\/www.skolamichael.cz\\\/en\\\/#website\"},\"primaryImageOfPage\":{\"@id\":\"https:\\\/\\\/www.skolamichael.cz\\\/en\\\/aktualne\\\/tudent-jan-belcik-vitezem-fep-young-photographers-awards-2026\\\/#primaryimage\"},\"image\":{\"@id\":\"https:\\\/\\\/www.skolamichael.cz\\\/en\\\/aktualne\\\/tudent-jan-belcik-vitezem-fep-young-photographers-awards-2026\\\/#primaryimage\"},\"thumbnailUrl\":\"https:\\\/\\\/www.skolamichael.cz\\\/wp-content\\\/uploads\\\/2026\\\/04\\\/FEPJB.jpg\",\"datePublished\":\"2026-04-29T13:45:04+00:00\",\"dateModified\":\"2026-04-29T13:48:01+00:00\",\"breadcrumb\":{\"@id\":\"https:\\\/\\\/www.skolamichael.cz\\\/en\\\/aktualne\\\/tudent-jan-belcik-vitezem-fep-young-photographers-awards-2026\\\/#breadcrumb\"},\"inLanguage\":\"en-US\",\"potentialAction\":[{\"@type\":\"ReadAction\",\"target\":[\"https:\\\/\\\/www.skolamichael.cz\\\/en\\\/aktualne\\\/tudent-jan-belcik-vitezem-fep-young-photographers-awards-2026\\\/\"]}]},{\"@type\":\"ImageObject\",\"inLanguage\":\"en-US\",\"@id\":\"https:\\\/\\\/www.skolamichael.cz\\\/en\\\/aktualne\\\/tudent-jan-belcik-vitezem-fep-young-photographers-awards-2026\\\/#primaryimage\",\"url\":\"https:\\\/\\\/www.skolamichael.cz\\\/wp-content\\\/uploads\\\/2026\\\/04\\\/FEPJB.jpg\",\"contentUrl\":\"https:\\\/\\\/www.skolamichael.cz\\\/wp-content\\\/uploads\\\/2026\\\/04\\\/FEPJB.jpg\",\"width\":1073,\"height\":1073},{\"@type\":\"BreadcrumbList\",\"@id\":\"https:\\\/\\\/www.skolamichael.cz\\\/en\\\/aktualne\\\/tudent-jan-belcik-vitezem-fep-young-photographers-awards-2026\\\/#breadcrumb\",\"itemListElement\":[{\"@type\":\"ListItem\",\"position\":1,\"name\":\"Dom\u016f\",\"item\":\"https:\\\/\\\/www.skolamichael.cz\\\/en\\\/\"},{\"@type\":\"ListItem\",\"position\":2,\"name\":\"Student Jan B\u011bl\u010d\u00edk &#8211; v\u00edt\u011bzem FEP Young Photographers Awards 2026\"}]},{\"@type\":\"WebSite\",\"@id\":\"https:\\\/\\\/www.skolamichael.cz\\\/en\\\/#website\",\"url\":\"https:\\\/\\\/www.skolamichael.cz\\\/en\\\/\",\"name\":\"MICHAEL\",\"description\":\"St\u0159edn\u00ed \u0161kola, Gymn\u00e1zium a Vy\u0161\u0161\u00ed odborn\u00e1 \u0161kola\",\"publisher\":{\"@id\":\"https:\\\/\\\/www.skolamichael.cz\\\/en\\\/#organization\"},\"alternateName\":\"St\u0159edn\u00ed \u0161kola, Gymn\u00e1zium a Vy\u0161\u0161\u00ed odborn\u00e1 \u0161kola\",\"potentialAction\":[{\"@type\":\"SearchAction\",\"target\":{\"@type\":\"EntryPoint\",\"urlTemplate\":\"https:\\\/\\\/www.skolamichael.cz\\\/en\\\/?s={search_term_string}\"},\"query-input\":{\"@type\":\"PropertyValueSpecification\",\"valueRequired\":true,\"valueName\":\"search_term_string\"}}],\"inLanguage\":\"en-US\"},{\"@type\":\"Organization\",\"@id\":\"https:\\\/\\\/www.skolamichael.cz\\\/en\\\/#organization\",\"name\":\"Michael \u2013 St\u0159edn\u00ed \u0161kola, Gymn\u00e1zium a Vy\u0161\u0161\u00ed odborn\u00e1 \u0161kola, s.r.o.\",\"url\":\"https:\\\/\\\/www.skolamichael.cz\\\/en\\\/\",\"logo\":{\"@type\":\"ImageObject\",\"inLanguage\":\"en-US\",\"@id\":\"https:\\\/\\\/www.skolamichael.cz\\\/en\\\/#\\\/schema\\\/logo\\\/image\\\/\",\"url\":\"https:\\\/\\\/www.skolamichael.cz\\\/wp-content\\\/uploads\\\/2019\\\/03\\\/logo_michael_final_ctverec1-1.jpg\",\"contentUrl\":\"https:\\\/\\\/www.skolamichael.cz\\\/wp-content\\\/uploads\\\/2019\\\/03\\\/logo_michael_final_ctverec1-1.jpg\",\"width\":400,\"height\":400,\"caption\":\"Michael \u2013 St\u0159edn\u00ed \u0161kola, Gymn\u00e1zium a Vy\u0161\u0161\u00ed odborn\u00e1 \u0161kola, s.r.o.\"},\"image\":{\"@id\":\"https:\\\/\\\/www.skolamichael.cz\\\/en\\\/#\\\/schema\\\/logo\\\/image\\\/\"},\"sameAs\":[\"http:\\\/\\\/www.facebook.com\\\/skolamichael\",\"https:\\\/\\\/www.instagram.com\\\/skola_michael\\\/\"]},{\"@type\":\"Person\",\"@id\":\"https:\\\/\\\/www.skolamichael.cz\\\/en\\\/#\\\/schema\\\/person\\\/558cacac09baabcf878965ff60722247\",\"name\":\"Isabel Magdic\",\"image\":{\"@type\":\"ImageObject\",\"inLanguage\":\"en-US\",\"@id\":\"https:\\\/\\\/secure.gravatar.com\\\/avatar\\\/ec7f59705dc51a1ab5a45963ebbb1c80bd7f0d7654cacdc50c2bc953d397331d?s=96&d=mm&r=g\",\"url\":\"https:\\\/\\\/secure.gravatar.com\\\/avatar\\\/ec7f59705dc51a1ab5a45963ebbb1c80bd7f0d7654cacdc50c2bc953d397331d?s=96&d=mm&r=g\",\"contentUrl\":\"https:\\\/\\\/secure.gravatar.com\\\/avatar\\\/ec7f59705dc51a1ab5a45963ebbb1c80bd7f0d7654cacdc50c2bc953d397331d?s=96&d=mm&r=g\",\"caption\":\"Isabel Magdic\"},\"url\":\"https:\\\/\\\/www.skolamichael.cz\\\/en\\\/author\\\/imagdic\\\/\"}]}<\/script>\n<!-- \/ Yoast SEO plugin. -->","yoast_head_json":{"title":"Student Jan B\u011bl\u010d\u00edk &#8211; v\u00edt\u011bzem FEP Young Photographers Awards 2026 | MICHAEL","robots":{"index":"index","follow":"follow","max-snippet":"max-snippet:-1","max-image-preview":"max-image-preview:large","max-video-preview":"max-video-preview:-1"},"canonical":"https:\/\/www.skolamichael.cz\/en\/aktualne\/tudent-jan-belcik-vitezem-fep-young-photographers-awards-2026\/","og_locale":"en_US","og_type":"article","og_title":"Student Jan B\u011bl\u010d\u00edk &#8211; v\u00edt\u011bzem FEP Young Photographers Awards 2026 | MICHAEL","og_description":"M\u00e1me obrovskou radost, \u017ee v\u00e1m m\u016f\u017eeme ozn\u00e1mit, \u017ee n\u00e1\u0161 student Jan B\u011bl\u010d\u00edk se stal v\u00edt\u011bzem presti\u017en\u00ed mezin\u00e1rodn\u00ed sout\u011b\u017ee FEP Young Photographers Awards 2026. Slavnostn\u00ed vyhl\u00e1\u0161en\u00ed prob\u011bhlo na Islandu ve m\u011bst\u011b Reykjav\u00edk, kde Jan osobn\u011b p\u0159evzal ocen\u011bn\u00ed. U\u017e samotn\u00e1 \u00fa\u010dast mezi t\u0159emi finalisty byla obrovsk\u00fdm \u00fasp\u011bchem, ale nakonec si z p\u00f3dia odnesl nejvy\u0161\u0161\u00ed ocen\u011bn\u00ed ve sv\u00e9 [&hellip;]","og_url":"https:\/\/www.skolamichael.cz\/en\/aktualne\/tudent-jan-belcik-vitezem-fep-young-photographers-awards-2026\/","og_site_name":"MICHAEL","article_publisher":"http:\/\/www.facebook.com\/skolamichael","article_published_time":"2026-04-29T13:45:04+00:00","article_modified_time":"2026-04-29T13:48:01+00:00","og_image":[{"width":1073,"height":1073,"url":"https:\/\/www.skolamichael.cz\/wp-content\/uploads\/2026\/04\/FEPJB.jpg","type":"image\/jpeg"}],"author":"Isabel Magdic","twitter_card":"summary_large_image","twitter_misc":{"Written by":"Isabel Magdic","Est. reading time":"1 minute"},"schema":{"@context":"https:\/\/schema.org","@graph":[{"@type":"Article","@id":"https:\/\/www.skolamichael.cz\/en\/aktualne\/tudent-jan-belcik-vitezem-fep-young-photographers-awards-2026\/#article","isPartOf":{"@id":"https:\/\/www.skolamichael.cz\/en\/aktualne\/tudent-jan-belcik-vitezem-fep-young-photographers-awards-2026\/"},"author":{"name":"Isabel Magdic","@id":"https:\/\/www.skolamichael.cz\/en\/#\/schema\/person\/558cacac09baabcf878965ff60722247"},"headline":"Student Jan B\u011bl\u010d\u00edk &#8211; v\u00edt\u011bzem FEP Young Photographers Awards 2026","datePublished":"2026-04-29T13:45:04+00:00","dateModified":"2026-04-29T13:48:01+00:00","mainEntityOfPage":{"@id":"https:\/\/www.skolamichael.cz\/en\/aktualne\/tudent-jan-belcik-vitezem-fep-young-photographers-awards-2026\/"},"wordCount":157,"publisher":{"@id":"https:\/\/www.skolamichael.cz\/en\/#organization"},"image":{"@id":"https:\/\/www.skolamichael.cz\/en\/aktualne\/tudent-jan-belcik-vitezem-fep-young-photographers-awards-2026\/#primaryimage"},"thumbnailUrl":"https:\/\/www.skolamichael.cz\/wp-content\/uploads\/2026\/04\/FEPJB.jpg","articleSection":["Aktuality"],"inLanguage":"en-US"},{"@type":"WebPage","@id":"https:\/\/www.skolamichael.cz\/en\/aktualne\/tudent-jan-belcik-vitezem-fep-young-photographers-awards-2026\/","url":"https:\/\/www.skolamichael.cz\/en\/aktualne\/tudent-jan-belcik-vitezem-fep-young-photographers-awards-2026\/","name":"Student Jan B\u011bl\u010d\u00edk &#8211; v\u00edt\u011bzem FEP Young Photographers Awards 2026 | MICHAEL","isPartOf":{"@id":"https:\/\/www.skolamichael.cz\/en\/#website"},"primaryImageOfPage":{"@id":"https:\/\/www.skolamichael.cz\/en\/aktualne\/tudent-jan-belcik-vitezem-fep-young-photographers-awards-2026\/#primaryimage"},"image":{"@id":"https:\/\/www.skolamichael.cz\/en\/aktualne\/tudent-jan-belcik-vitezem-fep-young-photographers-awards-2026\/#primaryimage"},"thumbnailUrl":"https:\/\/www.skolamichael.cz\/wp-content\/uploads\/2026\/04\/FEPJB.jpg","datePublished":"2026-04-29T13:45:04+00:00","dateModified":"2026-04-29T13:48:01+00:00","breadcrumb":{"@id":"https:\/\/www.skolamichael.cz\/en\/aktualne\/tudent-jan-belcik-vitezem-fep-young-photographers-awards-2026\/#breadcrumb"},"inLanguage":"en-US","potentialAction":[{"@type":"ReadAction","target":["https:\/\/www.skolamichael.cz\/en\/aktualne\/tudent-jan-belcik-vitezem-fep-young-photographers-awards-2026\/"]}]},{"@type":"ImageObject","inLanguage":"en-US","@id":"https:\/\/www.skolamichael.cz\/en\/aktualne\/tudent-jan-belcik-vitezem-fep-young-photographers-awards-2026\/#primaryimage","url":"https:\/\/www.skolamichael.cz\/wp-content\/uploads\/2026\/04\/FEPJB.jpg","contentUrl":"https:\/\/www.skolamichael.cz\/wp-content\/uploads\/2026\/04\/FEPJB.jpg","width":1073,"height":1073},{"@type":"BreadcrumbList","@id":"https:\/\/www.skolamichael.cz\/en\/aktualne\/tudent-jan-belcik-vitezem-fep-young-photographers-awards-2026\/#breadcrumb","itemListElement":[{"@type":"ListItem","position":1,"name":"Dom\u016f","item":"https:\/\/www.skolamichael.cz\/en\/"},{"@type":"ListItem","position":2,"name":"Student Jan B\u011bl\u010d\u00edk &#8211; v\u00edt\u011bzem FEP Young Photographers Awards 2026"}]},{"@type":"WebSite","@id":"https:\/\/www.skolamichael.cz\/en\/#website","url":"https:\/\/www.skolamichael.cz\/en\/","name":"MICHAEL","description":"St\u0159edn\u00ed \u0161kola, Gymn\u00e1zium a Vy\u0161\u0161\u00ed odborn\u00e1 \u0161kola","publisher":{"@id":"https:\/\/www.skolamichael.cz\/en\/#organization"},"alternateName":"St\u0159edn\u00ed \u0161kola, Gymn\u00e1zium a Vy\u0161\u0161\u00ed odborn\u00e1 \u0161kola","potentialAction":[{"@type":"SearchAction","target":{"@type":"EntryPoint","urlTemplate":"https:\/\/www.skolamichael.cz\/en\/?s={search_term_string}"},"query-input":{"@type":"PropertyValueSpecification","valueRequired":true,"valueName":"search_term_string"}}],"inLanguage":"en-US"},{"@type":"Organization","@id":"https:\/\/www.skolamichael.cz\/en\/#organization","name":"Michael \u2013 St\u0159edn\u00ed \u0161kola, Gymn\u00e1zium a Vy\u0161\u0161\u00ed odborn\u00e1 \u0161kola, s.r.o.","url":"https:\/\/www.skolamichael.cz\/en\/","logo":{"@type":"ImageObject","inLanguage":"en-US","@id":"https:\/\/www.skolamichael.cz\/en\/#\/schema\/logo\/image\/","url":"https:\/\/www.skolamichael.cz\/wp-content\/uploads\/2019\/03\/logo_michael_final_ctverec1-1.jpg","contentUrl":"https:\/\/www.skolamichael.cz\/wp-content\/uploads\/2019\/03\/logo_michael_final_ctverec1-1.jpg","width":400,"height":400,"caption":"Michael \u2013 St\u0159edn\u00ed \u0161kola, Gymn\u00e1zium a Vy\u0161\u0161\u00ed odborn\u00e1 \u0161kola, s.r.o."},"image":{"@id":"https:\/\/www.skolamichael.cz\/en\/#\/schema\/logo\/image\/"},"sameAs":["http:\/\/www.facebook.com\/skolamichael","https:\/\/www.instagram.com\/skola_michael\/"]},{"@type":"Person","@id":"https:\/\/www.skolamichael.cz\/en\/#\/schema\/person\/558cacac09baabcf878965ff60722247","name":"Isabel Magdic","image":{"@type":"ImageObject","inLanguage":"en-US","@id":"https:\/\/secure.gravatar.com\/avatar\/ec7f59705dc51a1ab5a45963ebbb1c80bd7f0d7654cacdc50c2bc953d397331d?s=96&d=mm&r=g","url":"https:\/\/secure.gravatar.com\/avatar\/ec7f59705dc51a1ab5a45963ebbb1c80bd7f0d7654cacdc50c2bc953d397331d?s=96&d=mm&r=g","contentUrl":"https:\/\/secure.gravatar.com\/avatar\/ec7f59705dc51a1ab5a45963ebbb1c80bd7f0d7654cacdc50c2bc953d397331d?s=96&d=mm&r=g","caption":"Isabel Magdic"},"url":"https:\/\/www.skolamichael.cz\/en\/author\/imagdic\/"}]}},"_links":{"self":[{"href":"https:\/\/www.skolamichael.cz\/en\/wp-json\/wp\/v2\/posts\/32121","targetHints":{"allow":["GET"]}}],"collection":[{"href":"https:\/\/www.skolamichael.cz\/en\/wp-json\/wp\/v2\/posts"}],"about":[{"href":"https:\/\/www.skolamichael.cz\/en\/wp-json\/wp\/v2\/types\/post"}],"author":[{"embeddable":true,"href":"https:\/\/www.skolamichael.cz\/en\/wp-json\/wp\/v2\/users\/19"}],"replies":[{"embeddable":true,"href":"https:\/\/www.skolamichael.cz\/en\/wp-json\/wp\/v2\/comments?post=32121"}],"version-history":[{"count":5,"href":"https:\/\/www.skolamichael.cz\/en\/wp-json\/wp\/v2\/posts\/32121\/revisions"}],"predecessor-version":[{"id":32130,"href":"https:\/\/www.skolamichael.cz\/en\/wp-json\/wp\/v2\/posts\/32121\/revisions\/32130"}],"wp:featuredmedia":[{"embeddable":true,"href":"https:\/\/www.skolamichael.cz\/en\/wp-json\/wp\/v2\/media\/32126"}],"wp:attachment":[{"href":"https:\/\/www.skolamichael.cz\/en\/wp-json\/wp\/v2\/media?parent=32121"}],"wp:term":[{"taxonomy":"category","embeddable":true,"href":"https:\/\/www.skolamichael.cz\/en\/wp-json\/wp\/v2\/categories?post=32121"},{"taxonomy":"post_tag","embeddable":true,"href":"https:\/\/www.skolamichael.cz\/en\/wp-json\/wp\/v2\/tags?post=32121"}],"curies":[{"name":"wp","href":"https:\/\/api.w.org\/{rel}","templated":true}]}}