{"id":4639,"date":"2020-06-22T12:12:12","date_gmt":"2020-06-22T10:12:12","guid":{"rendered":"https:\/\/www.skolamichael.cz\/?p=4639"},"modified":"2020-06-22T13:17:33","modified_gmt":"2020-06-22T11:17:33","slug":"informace-k-zaveru-skolniho-roku-20-21","status":"publish","type":"post","link":"https:\/\/www.skolamichael.cz\/en\/aktualne\/informace-k-zaveru-skolniho-roku-20-21\/","title":{"rendered":"Informace k z\u00e1v\u011bru \u0161koln\u00edho roku 19\/20"},"content":{"rendered":"<p>V\u00e1\u017een\u00ed studenti, v\u00e1\u017een\u00ed rodi\u010de,<br \/>\nv souladu s instrukcemi z M\u0160MT informujeme, \u017ee v term\u00ednu 22. 6. \u2013 30. 6. 2020 \u0161kola m\u016f\u017ee po\u0159\u00e1dat akce, kter\u00e9 se v\u00e1\u017e\u00ed ke konci \u0161koln\u00edho roku (nap\u0159. p\u0159ed\u00e1v\u00e1n\u00ed vysv\u011bd\u010den\u00ed; akce, kter\u00e9 nejsou vzd\u011bl\u00e1v\u00e1n\u00edm), jako v b\u011b\u017en\u00e9m \u0161koln\u00edm roce. Akc\u00ed se mohou \u00fa\u010dastnit v\u0161ichni studenti bez omezen\u00ed po\u010dtu. St\u00e1le v\u0161ak bude nutn\u00e9 p\u0159edlo\u017eit \u010destn\u00e9 prohl\u00e1\u0161en\u00ed. Sou\u010dasn\u011b plat\u00ed, \u017ee do \u0161koly nemohou vstupovat osoby s p\u0159\u00edznaky virov\u00e9ho onemocn\u011bn\u00ed.<\/p>\n<p><a href=\"https:\/\/www.skolamichael.cz\/wp-content\/uploads\/2020\/06\/Dopis_konec-\u0161koln\u00edho-roku-26173_2020.pdf\">dopis ministra \u0161kolstv\u00ed<\/a><br \/>\n<a href=\"https:\/\/www.skolamichael.cz\/wp-content\/uploads\/2020\/06\/priloha_795657337_1_LETAK.pdf\">let\u00e1k M\u0160MT<\/a><\/p>\n","protected":false},"excerpt":{"rendered":"<p>V\u00e1\u017een\u00ed studenti, v\u00e1\u017een\u00ed rodi\u010de, v souladu s instrukcemi z M\u0160MT informujeme, \u017ee v term\u00ednu 22. 6. \u2013 30. 6. 2020 \u0161kola m\u016f\u017ee po\u0159\u00e1dat akce, kter\u00e9 se v\u00e1\u017e\u00ed ke konci \u0161koln\u00edho roku (nap\u0159. p\u0159ed\u00e1v\u00e1n\u00ed vysv\u011bd\u010den\u00ed; akce, kter\u00e9 nejsou vzd\u011bl\u00e1v\u00e1n\u00edm), jako v b\u011b\u017en\u00e9m \u0161koln\u00edm roce. Akc\u00ed se mohou \u00fa\u010dastnit v\u0161ichni studenti bez omezen\u00ed po\u010dtu. St\u00e1le v\u0161ak bude [&hellip;]<\/p>\n","protected":false},"author":4,"featured_media":1489,"comment_status":"closed","ping_status":"open","sticky":false,"template":"","format":"standard","meta":{"_acf_changed":false,"footnotes":""},"categories":[3],"tags":[],"class_list":["post-4639","post","type-post","status-publish","format-standard","has-post-thumbnail","hentry","category-aktualne"],"acf":[],"yoast_head":"<!-- This site is optimized with the Yoast SEO plugin v27.4 - https:\/\/yoast.com\/product\/yoast-seo-wordpress\/ -->\n<title>Informace k z\u00e1v\u011bru \u0161koln\u00edho roku 19\/20 | MICHAEL<\/title>\n<meta name=\"robots\" content=\"index, follow, max-snippet:-1, max-image-preview:large, max-video-preview:-1\" \/>\n<link rel=\"canonical\" href=\"https:\/\/www.skolamichael.cz\/en\/aktualne\/informace-k-zaveru-skolniho-roku-20-21\/\" \/>\n<meta property=\"og:locale\" content=\"en_US\" \/>\n<meta property=\"og:type\" content=\"article\" \/>\n<meta property=\"og:title\" content=\"Informace k z\u00e1v\u011bru \u0161koln\u00edho roku 19\/20 | MICHAEL\" \/>\n<meta property=\"og:description\" content=\"V\u00e1\u017een\u00ed studenti, v\u00e1\u017een\u00ed rodi\u010de, v souladu s instrukcemi z M\u0160MT informujeme, \u017ee v term\u00ednu 22. 6. \u2013 30. 6. 2020 \u0161kola m\u016f\u017ee po\u0159\u00e1dat akce, kter\u00e9 se v\u00e1\u017e\u00ed ke konci \u0161koln\u00edho roku (nap\u0159. p\u0159ed\u00e1v\u00e1n\u00ed vysv\u011bd\u010den\u00ed; akce, kter\u00e9 nejsou vzd\u011bl\u00e1v\u00e1n\u00edm), jako v b\u011b\u017en\u00e9m \u0161koln\u00edm roce. Akc\u00ed se mohou \u00fa\u010dastnit v\u0161ichni studenti bez omezen\u00ed po\u010dtu. St\u00e1le v\u0161ak bude [&hellip;]\" \/>\n<meta property=\"og:url\" content=\"https:\/\/www.skolamichael.cz\/en\/aktualne\/informace-k-zaveru-skolniho-roku-20-21\/\" \/>\n<meta property=\"og:site_name\" content=\"MICHAEL\" \/>\n<meta property=\"article:publisher\" content=\"http:\/\/www.facebook.com\/skolamichael\" \/>\n<meta property=\"article:published_time\" content=\"2020-06-22T10:12:12+00:00\" \/>\n<meta property=\"article:modified_time\" content=\"2020-06-22T11:17:33+00:00\" \/>\n<meta property=\"og:image\" content=\"https:\/\/www.skolamichael.cz\/wp-content\/uploads\/2019\/03\/logo_michael_final_ctverec_1.jpg\" \/>\n\t<meta property=\"og:image:width\" content=\"403\" \/>\n\t<meta property=\"og:image:height\" content=\"403\" \/>\n\t<meta property=\"og:image:type\" content=\"image\/jpeg\" \/>\n<meta name=\"author\" content=\"Lucie\" \/>\n<meta name=\"twitter:card\" content=\"summary_large_image\" \/>\n<meta name=\"twitter:label1\" content=\"Written by\" \/>\n\t<meta name=\"twitter:data1\" content=\"Lucie\" \/>\n\t<meta name=\"twitter:label2\" content=\"Est. reading time\" \/>\n\t<meta name=\"twitter:data2\" content=\"1 minute\" \/>\n<script type=\"application\/ld+json\" class=\"yoast-schema-graph\">{\"@context\":\"https:\\\/\\\/schema.org\",\"@graph\":[{\"@type\":\"Article\",\"@id\":\"https:\\\/\\\/www.skolamichael.cz\\\/en\\\/aktualne\\\/informace-k-zaveru-skolniho-roku-20-21\\\/#article\",\"isPartOf\":{\"@id\":\"https:\\\/\\\/www.skolamichael.cz\\\/en\\\/aktualne\\\/informace-k-zaveru-skolniho-roku-20-21\\\/\"},\"author\":{\"name\":\"Lucie\",\"@id\":\"https:\\\/\\\/www.skolamichael.cz\\\/en\\\/#\\\/schema\\\/person\\\/953e68e7bc920aa4a47c50c0f25c9eea\"},\"headline\":\"Informace k z\u00e1v\u011bru \u0161koln\u00edho roku 19\\\/20\",\"datePublished\":\"2020-06-22T10:12:12+00:00\",\"dateModified\":\"2020-06-22T11:17:33+00:00\",\"mainEntityOfPage\":{\"@id\":\"https:\\\/\\\/www.skolamichael.cz\\\/en\\\/aktualne\\\/informace-k-zaveru-skolniho-roku-20-21\\\/\"},\"wordCount\":111,\"publisher\":{\"@id\":\"https:\\\/\\\/www.skolamichael.cz\\\/en\\\/#organization\"},\"image\":{\"@id\":\"https:\\\/\\\/www.skolamichael.cz\\\/en\\\/aktualne\\\/informace-k-zaveru-skolniho-roku-20-21\\\/#primaryimage\"},\"thumbnailUrl\":\"https:\\\/\\\/www.skolamichael.cz\\\/wp-content\\\/uploads\\\/2019\\\/03\\\/logo_michael_final_ctverec_1.jpg\",\"articleSection\":[\"Aktuality\"],\"inLanguage\":\"en-US\"},{\"@type\":\"WebPage\",\"@id\":\"https:\\\/\\\/www.skolamichael.cz\\\/en\\\/aktualne\\\/informace-k-zaveru-skolniho-roku-20-21\\\/\",\"url\":\"https:\\\/\\\/www.skolamichael.cz\\\/en\\\/aktualne\\\/informace-k-zaveru-skolniho-roku-20-21\\\/\",\"name\":\"Informace k z\u00e1v\u011bru \u0161koln\u00edho roku 19\\\/20 | MICHAEL\",\"isPartOf\":{\"@id\":\"https:\\\/\\\/www.skolamichael.cz\\\/en\\\/#website\"},\"primaryImageOfPage\":{\"@id\":\"https:\\\/\\\/www.skolamichael.cz\\\/en\\\/aktualne\\\/informace-k-zaveru-skolniho-roku-20-21\\\/#primaryimage\"},\"image\":{\"@id\":\"https:\\\/\\\/www.skolamichael.cz\\\/en\\\/aktualne\\\/informace-k-zaveru-skolniho-roku-20-21\\\/#primaryimage\"},\"thumbnailUrl\":\"https:\\\/\\\/www.skolamichael.cz\\\/wp-content\\\/uploads\\\/2019\\\/03\\\/logo_michael_final_ctverec_1.jpg\",\"datePublished\":\"2020-06-22T10:12:12+00:00\",\"dateModified\":\"2020-06-22T11:17:33+00:00\",\"breadcrumb\":{\"@id\":\"https:\\\/\\\/www.skolamichael.cz\\\/en\\\/aktualne\\\/informace-k-zaveru-skolniho-roku-20-21\\\/#breadcrumb\"},\"inLanguage\":\"en-US\",\"potentialAction\":[{\"@type\":\"ReadAction\",\"target\":[\"https:\\\/\\\/www.skolamichael.cz\\\/en\\\/aktualne\\\/informace-k-zaveru-skolniho-roku-20-21\\\/\"]}]},{\"@type\":\"ImageObject\",\"inLanguage\":\"en-US\",\"@id\":\"https:\\\/\\\/www.skolamichael.cz\\\/en\\\/aktualne\\\/informace-k-zaveru-skolniho-roku-20-21\\\/#primaryimage\",\"url\":\"https:\\\/\\\/www.skolamichael.cz\\\/wp-content\\\/uploads\\\/2019\\\/03\\\/logo_michael_final_ctverec_1.jpg\",\"contentUrl\":\"https:\\\/\\\/www.skolamichael.cz\\\/wp-content\\\/uploads\\\/2019\\\/03\\\/logo_michael_final_ctverec_1.jpg\",\"width\":403,\"height\":403},{\"@type\":\"BreadcrumbList\",\"@id\":\"https:\\\/\\\/www.skolamichael.cz\\\/en\\\/aktualne\\\/informace-k-zaveru-skolniho-roku-20-21\\\/#breadcrumb\",\"itemListElement\":[{\"@type\":\"ListItem\",\"position\":1,\"name\":\"Dom\u016f\",\"item\":\"https:\\\/\\\/www.skolamichael.cz\\\/en\\\/\"},{\"@type\":\"ListItem\",\"position\":2,\"name\":\"Informace k z\u00e1v\u011bru \u0161koln\u00edho roku 19\\\/20\"}]},{\"@type\":\"WebSite\",\"@id\":\"https:\\\/\\\/www.skolamichael.cz\\\/en\\\/#website\",\"url\":\"https:\\\/\\\/www.skolamichael.cz\\\/en\\\/\",\"name\":\"MICHAEL\",\"description\":\"St\u0159edn\u00ed \u0161kola, Gymn\u00e1zium a Vy\u0161\u0161\u00ed odborn\u00e1 \u0161kola\",\"publisher\":{\"@id\":\"https:\\\/\\\/www.skolamichael.cz\\\/en\\\/#organization\"},\"alternateName\":\"St\u0159edn\u00ed \u0161kola, Gymn\u00e1zium a Vy\u0161\u0161\u00ed odborn\u00e1 \u0161kola\",\"potentialAction\":[{\"@type\":\"SearchAction\",\"target\":{\"@type\":\"EntryPoint\",\"urlTemplate\":\"https:\\\/\\\/www.skolamichael.cz\\\/en\\\/?s={search_term_string}\"},\"query-input\":{\"@type\":\"PropertyValueSpecification\",\"valueRequired\":true,\"valueName\":\"search_term_string\"}}],\"inLanguage\":\"en-US\"},{\"@type\":\"Organization\",\"@id\":\"https:\\\/\\\/www.skolamichael.cz\\\/en\\\/#organization\",\"name\":\"Michael \u2013 St\u0159edn\u00ed \u0161kola, Gymn\u00e1zium a Vy\u0161\u0161\u00ed odborn\u00e1 \u0161kola, s.r.o.\",\"url\":\"https:\\\/\\\/www.skolamichael.cz\\\/en\\\/\",\"logo\":{\"@type\":\"ImageObject\",\"inLanguage\":\"en-US\",\"@id\":\"https:\\\/\\\/www.skolamichael.cz\\\/en\\\/#\\\/schema\\\/logo\\\/image\\\/\",\"url\":\"https:\\\/\\\/www.skolamichael.cz\\\/wp-content\\\/uploads\\\/2019\\\/03\\\/logo_michael_final_ctverec1-1.jpg\",\"contentUrl\":\"https:\\\/\\\/www.skolamichael.cz\\\/wp-content\\\/uploads\\\/2019\\\/03\\\/logo_michael_final_ctverec1-1.jpg\",\"width\":400,\"height\":400,\"caption\":\"Michael \u2013 St\u0159edn\u00ed \u0161kola, Gymn\u00e1zium a Vy\u0161\u0161\u00ed odborn\u00e1 \u0161kola, s.r.o.\"},\"image\":{\"@id\":\"https:\\\/\\\/www.skolamichael.cz\\\/en\\\/#\\\/schema\\\/logo\\\/image\\\/\"},\"sameAs\":[\"http:\\\/\\\/www.facebook.com\\\/skolamichael\",\"https:\\\/\\\/www.instagram.com\\\/skola_michael\\\/\"]},{\"@type\":\"Person\",\"@id\":\"https:\\\/\\\/www.skolamichael.cz\\\/en\\\/#\\\/schema\\\/person\\\/953e68e7bc920aa4a47c50c0f25c9eea\",\"name\":\"Lucie\",\"image\":{\"@type\":\"ImageObject\",\"inLanguage\":\"en-US\",\"@id\":\"https:\\\/\\\/secure.gravatar.com\\\/avatar\\\/f624d747a971b7586c02ff20e5a7e85b649ac7b9acfd2d27716345b4f825b776?s=96&d=mm&r=g\",\"url\":\"https:\\\/\\\/secure.gravatar.com\\\/avatar\\\/f624d747a971b7586c02ff20e5a7e85b649ac7b9acfd2d27716345b4f825b776?s=96&d=mm&r=g\",\"contentUrl\":\"https:\\\/\\\/secure.gravatar.com\\\/avatar\\\/f624d747a971b7586c02ff20e5a7e85b649ac7b9acfd2d27716345b4f825b776?s=96&d=mm&r=g\",\"caption\":\"Lucie\"},\"url\":\"https:\\\/\\\/www.skolamichael.cz\\\/en\\\/author\\\/lucie\\\/\"}]}<\/script>\n<!-- \/ Yoast SEO plugin. -->","yoast_head_json":{"title":"Informace k z\u00e1v\u011bru \u0161koln\u00edho roku 19\/20 | MICHAEL","robots":{"index":"index","follow":"follow","max-snippet":"max-snippet:-1","max-image-preview":"max-image-preview:large","max-video-preview":"max-video-preview:-1"},"canonical":"https:\/\/www.skolamichael.cz\/en\/aktualne\/informace-k-zaveru-skolniho-roku-20-21\/","og_locale":"en_US","og_type":"article","og_title":"Informace k z\u00e1v\u011bru \u0161koln\u00edho roku 19\/20 | MICHAEL","og_description":"V\u00e1\u017een\u00ed studenti, v\u00e1\u017een\u00ed rodi\u010de, v souladu s instrukcemi z M\u0160MT informujeme, \u017ee v term\u00ednu 22. 6. \u2013 30. 6. 2020 \u0161kola m\u016f\u017ee po\u0159\u00e1dat akce, kter\u00e9 se v\u00e1\u017e\u00ed ke konci \u0161koln\u00edho roku (nap\u0159. p\u0159ed\u00e1v\u00e1n\u00ed vysv\u011bd\u010den\u00ed; akce, kter\u00e9 nejsou vzd\u011bl\u00e1v\u00e1n\u00edm), jako v b\u011b\u017en\u00e9m \u0161koln\u00edm roce. Akc\u00ed se mohou \u00fa\u010dastnit v\u0161ichni studenti bez omezen\u00ed po\u010dtu. St\u00e1le v\u0161ak bude [&hellip;]","og_url":"https:\/\/www.skolamichael.cz\/en\/aktualne\/informace-k-zaveru-skolniho-roku-20-21\/","og_site_name":"MICHAEL","article_publisher":"http:\/\/www.facebook.com\/skolamichael","article_published_time":"2020-06-22T10:12:12+00:00","article_modified_time":"2020-06-22T11:17:33+00:00","og_image":[{"width":403,"height":403,"url":"https:\/\/www.skolamichael.cz\/wp-content\/uploads\/2019\/03\/logo_michael_final_ctverec_1.jpg","type":"image\/jpeg"}],"author":"Lucie","twitter_card":"summary_large_image","twitter_misc":{"Written by":"Lucie","Est. reading time":"1 minute"},"schema":{"@context":"https:\/\/schema.org","@graph":[{"@type":"Article","@id":"https:\/\/www.skolamichael.cz\/en\/aktualne\/informace-k-zaveru-skolniho-roku-20-21\/#article","isPartOf":{"@id":"https:\/\/www.skolamichael.cz\/en\/aktualne\/informace-k-zaveru-skolniho-roku-20-21\/"},"author":{"name":"Lucie","@id":"https:\/\/www.skolamichael.cz\/en\/#\/schema\/person\/953e68e7bc920aa4a47c50c0f25c9eea"},"headline":"Informace k z\u00e1v\u011bru \u0161koln\u00edho roku 19\/20","datePublished":"2020-06-22T10:12:12+00:00","dateModified":"2020-06-22T11:17:33+00:00","mainEntityOfPage":{"@id":"https:\/\/www.skolamichael.cz\/en\/aktualne\/informace-k-zaveru-skolniho-roku-20-21\/"},"wordCount":111,"publisher":{"@id":"https:\/\/www.skolamichael.cz\/en\/#organization"},"image":{"@id":"https:\/\/www.skolamichael.cz\/en\/aktualne\/informace-k-zaveru-skolniho-roku-20-21\/#primaryimage"},"thumbnailUrl":"https:\/\/www.skolamichael.cz\/wp-content\/uploads\/2019\/03\/logo_michael_final_ctverec_1.jpg","articleSection":["Aktuality"],"inLanguage":"en-US"},{"@type":"WebPage","@id":"https:\/\/www.skolamichael.cz\/en\/aktualne\/informace-k-zaveru-skolniho-roku-20-21\/","url":"https:\/\/www.skolamichael.cz\/en\/aktualne\/informace-k-zaveru-skolniho-roku-20-21\/","name":"Informace k z\u00e1v\u011bru \u0161koln\u00edho roku 19\/20 | MICHAEL","isPartOf":{"@id":"https:\/\/www.skolamichael.cz\/en\/#website"},"primaryImageOfPage":{"@id":"https:\/\/www.skolamichael.cz\/en\/aktualne\/informace-k-zaveru-skolniho-roku-20-21\/#primaryimage"},"image":{"@id":"https:\/\/www.skolamichael.cz\/en\/aktualne\/informace-k-zaveru-skolniho-roku-20-21\/#primaryimage"},"thumbnailUrl":"https:\/\/www.skolamichael.cz\/wp-content\/uploads\/2019\/03\/logo_michael_final_ctverec_1.jpg","datePublished":"2020-06-22T10:12:12+00:00","dateModified":"2020-06-22T11:17:33+00:00","breadcrumb":{"@id":"https:\/\/www.skolamichael.cz\/en\/aktualne\/informace-k-zaveru-skolniho-roku-20-21\/#breadcrumb"},"inLanguage":"en-US","potentialAction":[{"@type":"ReadAction","target":["https:\/\/www.skolamichael.cz\/en\/aktualne\/informace-k-zaveru-skolniho-roku-20-21\/"]}]},{"@type":"ImageObject","inLanguage":"en-US","@id":"https:\/\/www.skolamichael.cz\/en\/aktualne\/informace-k-zaveru-skolniho-roku-20-21\/#primaryimage","url":"https:\/\/www.skolamichael.cz\/wp-content\/uploads\/2019\/03\/logo_michael_final_ctverec_1.jpg","contentUrl":"https:\/\/www.skolamichael.cz\/wp-content\/uploads\/2019\/03\/logo_michael_final_ctverec_1.jpg","width":403,"height":403},{"@type":"BreadcrumbList","@id":"https:\/\/www.skolamichael.cz\/en\/aktualne\/informace-k-zaveru-skolniho-roku-20-21\/#breadcrumb","itemListElement":[{"@type":"ListItem","position":1,"name":"Dom\u016f","item":"https:\/\/www.skolamichael.cz\/en\/"},{"@type":"ListItem","position":2,"name":"Informace k z\u00e1v\u011bru \u0161koln\u00edho roku 19\/20"}]},{"@type":"WebSite","@id":"https:\/\/www.skolamichael.cz\/en\/#website","url":"https:\/\/www.skolamichael.cz\/en\/","name":"MICHAEL","description":"St\u0159edn\u00ed \u0161kola, Gymn\u00e1zium a Vy\u0161\u0161\u00ed odborn\u00e1 \u0161kola","publisher":{"@id":"https:\/\/www.skolamichael.cz\/en\/#organization"},"alternateName":"St\u0159edn\u00ed \u0161kola, Gymn\u00e1zium a Vy\u0161\u0161\u00ed odborn\u00e1 \u0161kola","potentialAction":[{"@type":"SearchAction","target":{"@type":"EntryPoint","urlTemplate":"https:\/\/www.skolamichael.cz\/en\/?s={search_term_string}"},"query-input":{"@type":"PropertyValueSpecification","valueRequired":true,"valueName":"search_term_string"}}],"inLanguage":"en-US"},{"@type":"Organization","@id":"https:\/\/www.skolamichael.cz\/en\/#organization","name":"Michael \u2013 St\u0159edn\u00ed \u0161kola, Gymn\u00e1zium a Vy\u0161\u0161\u00ed odborn\u00e1 \u0161kola, s.r.o.","url":"https:\/\/www.skolamichael.cz\/en\/","logo":{"@type":"ImageObject","inLanguage":"en-US","@id":"https:\/\/www.skolamichael.cz\/en\/#\/schema\/logo\/image\/","url":"https:\/\/www.skolamichael.cz\/wp-content\/uploads\/2019\/03\/logo_michael_final_ctverec1-1.jpg","contentUrl":"https:\/\/www.skolamichael.cz\/wp-content\/uploads\/2019\/03\/logo_michael_final_ctverec1-1.jpg","width":400,"height":400,"caption":"Michael \u2013 St\u0159edn\u00ed \u0161kola, Gymn\u00e1zium a Vy\u0161\u0161\u00ed odborn\u00e1 \u0161kola, s.r.o."},"image":{"@id":"https:\/\/www.skolamichael.cz\/en\/#\/schema\/logo\/image\/"},"sameAs":["http:\/\/www.facebook.com\/skolamichael","https:\/\/www.instagram.com\/skola_michael\/"]},{"@type":"Person","@id":"https:\/\/www.skolamichael.cz\/en\/#\/schema\/person\/953e68e7bc920aa4a47c50c0f25c9eea","name":"Lucie","image":{"@type":"ImageObject","inLanguage":"en-US","@id":"https:\/\/secure.gravatar.com\/avatar\/f624d747a971b7586c02ff20e5a7e85b649ac7b9acfd2d27716345b4f825b776?s=96&d=mm&r=g","url":"https:\/\/secure.gravatar.com\/avatar\/f624d747a971b7586c02ff20e5a7e85b649ac7b9acfd2d27716345b4f825b776?s=96&d=mm&r=g","contentUrl":"https:\/\/secure.gravatar.com\/avatar\/f624d747a971b7586c02ff20e5a7e85b649ac7b9acfd2d27716345b4f825b776?s=96&d=mm&r=g","caption":"Lucie"},"url":"https:\/\/www.skolamichael.cz\/en\/author\/lucie\/"}]}},"_links":{"self":[{"href":"https:\/\/www.skolamichael.cz\/en\/wp-json\/wp\/v2\/posts\/4639","targetHints":{"allow":["GET"]}}],"collection":[{"href":"https:\/\/www.skolamichael.cz\/en\/wp-json\/wp\/v2\/posts"}],"about":[{"href":"https:\/\/www.skolamichael.cz\/en\/wp-json\/wp\/v2\/types\/post"}],"author":[{"embeddable":true,"href":"https:\/\/www.skolamichael.cz\/en\/wp-json\/wp\/v2\/users\/4"}],"replies":[{"embeddable":true,"href":"https:\/\/www.skolamichael.cz\/en\/wp-json\/wp\/v2\/comments?post=4639"}],"version-history":[{"count":2,"href":"https:\/\/www.skolamichael.cz\/en\/wp-json\/wp\/v2\/posts\/4639\/revisions"}],"predecessor-version":[{"id":4645,"href":"https:\/\/www.skolamichael.cz\/en\/wp-json\/wp\/v2\/posts\/4639\/revisions\/4645"}],"wp:featuredmedia":[{"embeddable":true,"href":"https:\/\/www.skolamichael.cz\/en\/wp-json\/wp\/v2\/media\/1489"}],"wp:attachment":[{"href":"https:\/\/www.skolamichael.cz\/en\/wp-json\/wp\/v2\/media?parent=4639"}],"wp:term":[{"taxonomy":"category","embeddable":true,"href":"https:\/\/www.skolamichael.cz\/en\/wp-json\/wp\/v2\/categories?post=4639"},{"taxonomy":"post_tag","embeddable":true,"href":"https:\/\/www.skolamichael.cz\/en\/wp-json\/wp\/v2\/tags?post=4639"}],"curies":[{"name":"wp","href":"https:\/\/api.w.org\/{rel}","templated":true}]}}